{"id":1875,"date":"2018-09-14T23:51:21","date_gmt":"2018-09-15T02:51:21","guid":{"rendered":"http:\/\/cia.agenciasimplie.com.co\/blogcia\/?p=1875"},"modified":"2019-06-28T17:51:26","modified_gmt":"2019-06-28T20:51:26","slug":"qual-o-melhor-modelo-de-entrevista-para-a-sua-vaga","status":"publish","type":"post","link":"https:\/\/www.ciadetalentos.com.br\/blog\/qual-o-melhor-modelo-de-entrevista-para-a-sua-vaga\/","title":{"rendered":"Qual o melhor modelo de entrevista para a sua vaga?"},"content":{"rendered":"<p>Quando chega a hora de recrutar novos colaboradores, sempre surge a d\u00favida: qual melhor modelo de processo seletivo? Din\u00e2mica? Entrevista coletiva? Entrevista Individual? Se for din\u00e2mica, online ou presencial? Skype funciona para entrevista individual? Quando n\u00e3o vale a pena fazer entrevista remotamente?<\/p>\n<p>Estes questionamentos pairam sobre os clientes frequentemente. Portanto, fique tranquilo que voc\u00ea n\u00e3o est\u00e1 sozinho! O mais importante para tomar a melhor decis\u00e3o \u00e9 comparar o n\u00edvel de senioridade da posi\u00e7\u00e3o e qual o n\u00edvel de profundidade que deseja avaliar. Seguem abaixo algumas alternativas:<\/p>\n<h5><strong>P\u00daBLICO JOVEM SEM EXPERI\u00caNCIA<\/strong><\/h5>\n<p>Se o p\u00fablico a ser selecionado \u00e9 jovem e ainda sem experi\u00eancia profissional, din\u00e2micas podem ser a melhor solu\u00e7\u00e3o. Se existem candidatos por todo o pa\u00eds, e a empresa n\u00e3o tem verba para arcar com a presen\u00e7a de todos, o Skype pode ser uma excelente aliado. \u00c9 importante escolher com cuidado o tema que ser\u00e1 tratado na din\u00e2mica, pois no caso da ocorr\u00eancia online, n\u00e3o existe a possibilidade de aplicar atividades nas quais os candidatos teriam que construir coisas, por exemplo. O melhor \u00e9 escolher atividades onde eles possam discutir temas em grupo, gerenciar conflitos, criar cen\u00e1rios hipot\u00e9ticos para solu\u00e7\u00e3o de problemas.<\/p>\n<h5><strong>P\u00daBLICO JOVEM COM EXPERI\u00caNCIA<\/strong><\/h5>\n<p>Neste caso, \u00e9 poss\u00edvel come\u00e7ar a mesclar etapas coletivas e individuais. Uma primeira etapa com din\u00e2micas ou entrevistas coletivas, pode ajudar na triagem inicial. Uma etapa de entrevistas individuais pode esclarecer pontos de d\u00favidas que surgiram na etapa anterior e ajudar a identificar compet\u00eancias especificas para a fun\u00e7\u00e3o que ser\u00e1 exercida, como solicitar que o candidato traga evid\u00eancias pr\u00e1ticas de lideran\u00e7a de projetos, situa\u00e7\u00f5es onde teve que usar seu poder de influ\u00eancia, entre outros.<\/p>\n<h5><strong>P\u00daBLICO MADURO COM EXPERI\u00caNCIA<\/strong><\/h5>\n<p>Para o caso de profissionais experientes, n\u00e3o se recomenda a utiliza\u00e7\u00e3o de din\u00e2micas, sejam presenciais ou online. Dependendo da posi\u00e7\u00e3o, o mercado \u00e9 bastante restrito e a possibilidade dos candidatos se conhecerem \u00e9 grande, o que traria exposi\u00e7\u00e3o desnecess\u00e1ria para os participantes. Desta forma, recomenda-se a utiliza\u00e7\u00e3o de testes de conhecimentos espec\u00edficos e entrevistas individuais. Assim, caso a posi\u00e7\u00e3o seja na \u00e1rea de contabilidade ou fiscal, por exemplo, uma prova pr\u00e1tica pode indicar o quanto a pessoa domina o tema, e a entrevista individual por compet\u00eancias pode trazer \u00e0 tona caracter\u00edsticas de perfil desejadas pelo recrutador. Al\u00e9m disso, \u00e9 poss\u00edvel tomar refer\u00eancias profissionais com gestores anteriores, a fim de confirmar comportamentos e habilidades identificados na entrevista.<\/p>\n<h5><strong>P\u00daBLICO MADURO COM EXPERI\u00caNCIA, J\u00c1 COLABORADOR DA EMPRESA<\/strong><\/h5>\n<p>Caso a vaga da empresa possa ser preenchida com candidatos internos, \u00e9 poss\u00edvel aplicar a ferramenta de assessment para avaliar o grupo de profissionais que desejam participar. Esta ferramenta possibilita comparar o grau de prontid\u00e3o dos interessados com as necessidades espec\u00edficas da fun\u00e7\u00e3o. \u00c9 extremamente importante deixar claro para os interessados que esta ferramenta ser\u00e1 utilizada exclusivamente para o processo seletivo para aquela vaga, e n\u00e3o ser\u00e1 utilizada para futuras oportunidades ou para definir sobre algum desligamento. Transpar\u00eancia no processo \u00e9 essencial para que os profissionais se sintam seguros em manifestar interesse em posi\u00e7\u00f5es internas e saibam que a avalia\u00e7\u00e3o ser\u00e1 feita de forma isenta.<\/p>\n<p>Estas s\u00e3o apenas algumas alternativas de ferramentas de processos seletivos. Existem ainda outras ferramentas de apoio, como invent\u00e1rios de personalidade, que podem enriquecer ainda mais o processo seletivo. Escolha o que melhor se encaixa ao seu p\u00fablico, seu or\u00e7amento e seu tempo, e boa sele\u00e7\u00e3o!<\/p>\n<p><strong>Eliana Mour\u00e3o<\/strong><br \/>\n<em>Consultora em Recrutamento &amp; Sele\u00e7\u00e3o, engenheira qu\u00edmica por forma\u00e7\u00e3o, curiosa incur\u00e1vel, sempre disposta a aprender sobre as coisas e sobre as pessoas. Acredito que o universo \u00e9 um infinito de possibilidades e que sempre \u00e9 tempo de se reinventar!<\/em><\/p>\n","protected":false},"excerpt":{"rendered":"<p>Quando chega a hora de recrutar novos colaboradores, sempre surge a d\u00favida: qual melhor&hellip;<\/p>\n","protected":false},"author":4,"featured_media":1828,"comment_status":"open","ping_status":"open","sticky":false,"template":"","format":"standard","meta":{"footnotes":""},"categories":[22],"tags":[48,62,99,70,57,120,30,31],"yoast_head":"<!-- This site is optimized with the Yoast SEO plugin v22.5 - https:\/\/yoast.com\/wordpress\/plugins\/seo\/ -->\n<title>Qual o melhor modelo de entrevista para a sua vaga? - Blog GCT<\/title>\n<meta name=\"description\" content=\"Quando chega a hora de recrutar novos colaboradores, sempre surge a d\u00favida: qual melhor modelo de processo seletivo? Din\u00e2mica? Entrevista coletiva? ..\" \/>\n<meta name=\"robots\" content=\"index, follow, max-snippet:-1, max-image-preview:large, max-video-preview:-1\" \/>\n<link rel=\"canonical\" href=\"https:\/\/www.ciadetalentos.com.br\/blog\/qual-o-melhor-modelo-de-entrevista-para-a-sua-vaga\/\" \/>\n<meta property=\"og:locale\" content=\"pt_BR\" \/>\n<meta property=\"og:type\" content=\"article\" \/>\n<meta property=\"og:title\" content=\"Qual o melhor modelo de entrevista para a sua vaga? - Blog GCT\" \/>\n<meta property=\"og:description\" content=\"Quando chega a hora de recrutar novos colaboradores, sempre surge a d\u00favida: qual melhor modelo de processo seletivo? Din\u00e2mica? Entrevista coletiva? ..\" \/>\n<meta property=\"og:url\" content=\"https:\/\/www.ciadetalentos.com.br\/blog\/qual-o-melhor-modelo-de-entrevista-para-a-sua-vaga\/\" \/>\n<meta property=\"og:site_name\" content=\"Blog Cia de Talentos\" \/>\n<meta property=\"article:published_time\" content=\"2018-09-15T02:51:21+00:00\" \/>\n<meta property=\"article:modified_time\" content=\"2019-06-28T20:51:26+00:00\" \/>\n<meta property=\"og:image\" content=\"https:\/\/www.ciadetalentos.com.br\/blog\/wp-content\/uploads\/sites\/7\/2019\/05\/CIA-Talentos-qual-o-melhor-modelo-de-entrevista-para-a-sua-vaga-min.jpg\" \/>\n\t<meta property=\"og:image:width\" content=\"561\" \/>\n\t<meta property=\"og:image:height\" content=\"422\" \/>\n\t<meta property=\"og:image:type\" content=\"image\/jpeg\" \/>\n<meta name=\"author\" content=\"Cia de Talentos\" \/>\n<meta name=\"twitter:card\" content=\"summary_large_image\" \/>\n<meta name=\"twitter:label1\" content=\"Escrito por\" \/>\n\t<meta name=\"twitter:data1\" content=\"Cia de Talentos\" \/>\n\t<meta name=\"twitter:label2\" content=\"Est. tempo de leitura\" \/>\n\t<meta name=\"twitter:data2\" content=\"3 minutos\" \/>\n<script type=\"application\/ld+json\" class=\"yoast-schema-graph\">{\"@context\":\"https:\/\/schema.org\",\"@graph\":[{\"@type\":\"WebPage\",\"@id\":\"https:\/\/www.ciadetalentos.com.br\/blog\/qual-o-melhor-modelo-de-entrevista-para-a-sua-vaga\/\",\"url\":\"https:\/\/www.ciadetalentos.com.br\/blog\/qual-o-melhor-modelo-de-entrevista-para-a-sua-vaga\/\",\"name\":\"Qual o melhor modelo de entrevista para a sua vaga? - Blog GCT\",\"isPartOf\":{\"@id\":\"https:\/\/www.ciadetalentos.com.br\/blog\/#website\"},\"primaryImageOfPage\":{\"@id\":\"https:\/\/www.ciadetalentos.com.br\/blog\/qual-o-melhor-modelo-de-entrevista-para-a-sua-vaga\/#primaryimage\"},\"image\":{\"@id\":\"https:\/\/www.ciadetalentos.com.br\/blog\/qual-o-melhor-modelo-de-entrevista-para-a-sua-vaga\/#primaryimage\"},\"thumbnailUrl\":\"https:\/\/www.ciadetalentos.com.br\/blog\/wp-content\/uploads\/sites\/7\/2019\/05\/CIA-Talentos-qual-o-melhor-modelo-de-entrevista-para-a-sua-vaga-min.jpg\",\"datePublished\":\"2018-09-15T02:51:21+00:00\",\"dateModified\":\"2019-06-28T20:51:26+00:00\",\"author\":{\"@id\":\"https:\/\/www.ciadetalentos.com.br\/blog\/#\/schema\/person\/45dd7d8d992e7e4a2f7669fc56464a26\"},\"description\":\"Quando chega a hora de recrutar novos colaboradores, sempre surge a d\u00favida: qual melhor modelo de processo seletivo? Din\u00e2mica? Entrevista coletiva? ..\",\"breadcrumb\":{\"@id\":\"https:\/\/www.ciadetalentos.com.br\/blog\/qual-o-melhor-modelo-de-entrevista-para-a-sua-vaga\/#breadcrumb\"},\"inLanguage\":\"pt-BR\",\"potentialAction\":[{\"@type\":\"ReadAction\",\"target\":[\"https:\/\/www.ciadetalentos.com.br\/blog\/qual-o-melhor-modelo-de-entrevista-para-a-sua-vaga\/\"]}]},{\"@type\":\"ImageObject\",\"inLanguage\":\"pt-BR\",\"@id\":\"https:\/\/www.ciadetalentos.com.br\/blog\/qual-o-melhor-modelo-de-entrevista-para-a-sua-vaga\/#primaryimage\",\"url\":\"https:\/\/www.ciadetalentos.com.br\/blog\/wp-content\/uploads\/sites\/7\/2019\/05\/CIA-Talentos-qual-o-melhor-modelo-de-entrevista-para-a-sua-vaga-min.jpg\",\"contentUrl\":\"https:\/\/www.ciadetalentos.com.br\/blog\/wp-content\/uploads\/sites\/7\/2019\/05\/CIA-Talentos-qual-o-melhor-modelo-de-entrevista-para-a-sua-vaga-min.jpg\",\"width\":561,\"height\":422,\"caption\":\"CIA-Talentos-qual-o-melhor-modelo-de-entrevista-para-a-sua-vaga-min\"},{\"@type\":\"BreadcrumbList\",\"@id\":\"https:\/\/www.ciadetalentos.com.br\/blog\/qual-o-melhor-modelo-de-entrevista-para-a-sua-vaga\/#breadcrumb\",\"itemListElement\":[{\"@type\":\"ListItem\",\"position\":1,\"name\":\"Home\",\"item\":\"https:\/\/www.ciadetalentos.com.br\/blog\/\"},{\"@type\":\"ListItem\",\"position\":2,\"name\":\"Qual o melhor modelo de entrevista para a sua vaga?\"}]},{\"@type\":\"WebSite\",\"@id\":\"https:\/\/www.ciadetalentos.com.br\/blog\/#website\",\"url\":\"https:\/\/www.ciadetalentos.com.br\/blog\/\",\"name\":\"Blog Cia de Talentos\",\"description\":\"Descubra tudo o que voc\u00ea precisa para desenvolver carreiras e transformar sua vida profissional\",\"potentialAction\":[{\"@type\":\"SearchAction\",\"target\":{\"@type\":\"EntryPoint\",\"urlTemplate\":\"https:\/\/www.ciadetalentos.com.br\/blog\/?s={search_term_string}\"},\"query-input\":\"required name=search_term_string\"}],\"inLanguage\":\"pt-BR\"},{\"@type\":\"Person\",\"@id\":\"https:\/\/www.ciadetalentos.com.br\/blog\/#\/schema\/person\/45dd7d8d992e7e4a2f7669fc56464a26\",\"name\":\"Cia de Talentos\",\"image\":{\"@type\":\"ImageObject\",\"inLanguage\":\"pt-BR\",\"@id\":\"https:\/\/www.ciadetalentos.com.br\/blog\/#\/schema\/person\/image\/\",\"url\":\"https:\/\/secure.gravatar.com\/avatar\/f259e5c070ebb1d5b3303b3e53c270f8?s=96&d=mm&r=g\",\"contentUrl\":\"https:\/\/secure.gravatar.com\/avatar\/f259e5c070ebb1d5b3303b3e53c270f8?s=96&d=mm&r=g\",\"caption\":\"Cia de Talentos\"},\"description\":\"CEO de la agencia digital de performance Simplie y Profesor de postgrado de Comportamiento del Consumidor Digital, E-commerce y Marketing Digital en ESPM, FGV y FIA.\",\"url\":\"https:\/\/www.ciadetalentos.com.br\/blog\/author\/eduardo-muniz\/\"}]}<\/script>\n<!-- \/ Yoast SEO plugin. -->","yoast_head_json":{"title":"Qual o melhor modelo de entrevista para a sua vaga? - Blog GCT","description":"Quando chega a hora de recrutar novos colaboradores, sempre surge a d\u00favida: qual melhor modelo de processo seletivo? Din\u00e2mica? Entrevista coletiva? ..","robots":{"index":"index","follow":"follow","max-snippet":"max-snippet:-1","max-image-preview":"max-image-preview:large","max-video-preview":"max-video-preview:-1"},"canonical":"https:\/\/www.ciadetalentos.com.br\/blog\/qual-o-melhor-modelo-de-entrevista-para-a-sua-vaga\/","og_locale":"pt_BR","og_type":"article","og_title":"Qual o melhor modelo de entrevista para a sua vaga? - Blog GCT","og_description":"Quando chega a hora de recrutar novos colaboradores, sempre surge a d\u00favida: qual melhor modelo de processo seletivo? Din\u00e2mica? Entrevista coletiva? ..","og_url":"https:\/\/www.ciadetalentos.com.br\/blog\/qual-o-melhor-modelo-de-entrevista-para-a-sua-vaga\/","og_site_name":"Blog Cia de Talentos","article_published_time":"2018-09-15T02:51:21+00:00","article_modified_time":"2019-06-28T20:51:26+00:00","og_image":[{"width":561,"height":422,"url":"https:\/\/www.ciadetalentos.com.br\/blog\/wp-content\/uploads\/sites\/7\/2019\/05\/CIA-Talentos-qual-o-melhor-modelo-de-entrevista-para-a-sua-vaga-min.jpg","type":"image\/jpeg"}],"author":"Cia de Talentos","twitter_card":"summary_large_image","twitter_misc":{"Escrito por":"Cia de Talentos","Est. tempo de leitura":"3 minutos"},"schema":{"@context":"https:\/\/schema.org","@graph":[{"@type":"WebPage","@id":"https:\/\/www.ciadetalentos.com.br\/blog\/qual-o-melhor-modelo-de-entrevista-para-a-sua-vaga\/","url":"https:\/\/www.ciadetalentos.com.br\/blog\/qual-o-melhor-modelo-de-entrevista-para-a-sua-vaga\/","name":"Qual o melhor modelo de entrevista para a sua vaga? - Blog GCT","isPartOf":{"@id":"https:\/\/www.ciadetalentos.com.br\/blog\/#website"},"primaryImageOfPage":{"@id":"https:\/\/www.ciadetalentos.com.br\/blog\/qual-o-melhor-modelo-de-entrevista-para-a-sua-vaga\/#primaryimage"},"image":{"@id":"https:\/\/www.ciadetalentos.com.br\/blog\/qual-o-melhor-modelo-de-entrevista-para-a-sua-vaga\/#primaryimage"},"thumbnailUrl":"https:\/\/www.ciadetalentos.com.br\/blog\/wp-content\/uploads\/sites\/7\/2019\/05\/CIA-Talentos-qual-o-melhor-modelo-de-entrevista-para-a-sua-vaga-min.jpg","datePublished":"2018-09-15T02:51:21+00:00","dateModified":"2019-06-28T20:51:26+00:00","author":{"@id":"https:\/\/www.ciadetalentos.com.br\/blog\/#\/schema\/person\/45dd7d8d992e7e4a2f7669fc56464a26"},"description":"Quando chega a hora de recrutar novos colaboradores, sempre surge a d\u00favida: qual melhor modelo de processo seletivo? Din\u00e2mica? Entrevista coletiva? ..","breadcrumb":{"@id":"https:\/\/www.ciadetalentos.com.br\/blog\/qual-o-melhor-modelo-de-entrevista-para-a-sua-vaga\/#breadcrumb"},"inLanguage":"pt-BR","potentialAction":[{"@type":"ReadAction","target":["https:\/\/www.ciadetalentos.com.br\/blog\/qual-o-melhor-modelo-de-entrevista-para-a-sua-vaga\/"]}]},{"@type":"ImageObject","inLanguage":"pt-BR","@id":"https:\/\/www.ciadetalentos.com.br\/blog\/qual-o-melhor-modelo-de-entrevista-para-a-sua-vaga\/#primaryimage","url":"https:\/\/www.ciadetalentos.com.br\/blog\/wp-content\/uploads\/sites\/7\/2019\/05\/CIA-Talentos-qual-o-melhor-modelo-de-entrevista-para-a-sua-vaga-min.jpg","contentUrl":"https:\/\/www.ciadetalentos.com.br\/blog\/wp-content\/uploads\/sites\/7\/2019\/05\/CIA-Talentos-qual-o-melhor-modelo-de-entrevista-para-a-sua-vaga-min.jpg","width":561,"height":422,"caption":"CIA-Talentos-qual-o-melhor-modelo-de-entrevista-para-a-sua-vaga-min"},{"@type":"BreadcrumbList","@id":"https:\/\/www.ciadetalentos.com.br\/blog\/qual-o-melhor-modelo-de-entrevista-para-a-sua-vaga\/#breadcrumb","itemListElement":[{"@type":"ListItem","position":1,"name":"Home","item":"https:\/\/www.ciadetalentos.com.br\/blog\/"},{"@type":"ListItem","position":2,"name":"Qual o melhor modelo de entrevista para a sua vaga?"}]},{"@type":"WebSite","@id":"https:\/\/www.ciadetalentos.com.br\/blog\/#website","url":"https:\/\/www.ciadetalentos.com.br\/blog\/","name":"Blog Cia de Talentos","description":"Descubra tudo o que voc\u00ea precisa para desenvolver carreiras e transformar sua vida profissional","potentialAction":[{"@type":"SearchAction","target":{"@type":"EntryPoint","urlTemplate":"https:\/\/www.ciadetalentos.com.br\/blog\/?s={search_term_string}"},"query-input":"required name=search_term_string"}],"inLanguage":"pt-BR"},{"@type":"Person","@id":"https:\/\/www.ciadetalentos.com.br\/blog\/#\/schema\/person\/45dd7d8d992e7e4a2f7669fc56464a26","name":"Cia de Talentos","image":{"@type":"ImageObject","inLanguage":"pt-BR","@id":"https:\/\/www.ciadetalentos.com.br\/blog\/#\/schema\/person\/image\/","url":"https:\/\/secure.gravatar.com\/avatar\/f259e5c070ebb1d5b3303b3e53c270f8?s=96&d=mm&r=g","contentUrl":"https:\/\/secure.gravatar.com\/avatar\/f259e5c070ebb1d5b3303b3e53c270f8?s=96&d=mm&r=g","caption":"Cia de Talentos"},"description":"CEO de la agencia digital de performance Simplie y Profesor de postgrado de Comportamiento del Consumidor Digital, E-commerce y Marketing Digital en ESPM, FGV y FIA.","url":"https:\/\/www.ciadetalentos.com.br\/blog\/author\/eduardo-muniz\/"}]}},"_links":{"self":[{"href":"https:\/\/www.ciadetalentos.com.br\/blog\/wp-json\/wp\/v2\/posts\/1875"}],"collection":[{"href":"https:\/\/www.ciadetalentos.com.br\/blog\/wp-json\/wp\/v2\/posts"}],"about":[{"href":"https:\/\/www.ciadetalentos.com.br\/blog\/wp-json\/wp\/v2\/types\/post"}],"author":[{"embeddable":true,"href":"https:\/\/www.ciadetalentos.com.br\/blog\/wp-json\/wp\/v2\/users\/4"}],"replies":[{"embeddable":true,"href":"https:\/\/www.ciadetalentos.com.br\/blog\/wp-json\/wp\/v2\/comments?post=1875"}],"version-history":[{"count":1,"href":"https:\/\/www.ciadetalentos.com.br\/blog\/wp-json\/wp\/v2\/posts\/1875\/revisions"}],"predecessor-version":[{"id":1876,"href":"https:\/\/www.ciadetalentos.com.br\/blog\/wp-json\/wp\/v2\/posts\/1875\/revisions\/1876"}],"wp:featuredmedia":[{"embeddable":true,"href":"https:\/\/www.ciadetalentos.com.br\/blog\/wp-json\/wp\/v2\/media\/1828"}],"wp:attachment":[{"href":"https:\/\/www.ciadetalentos.com.br\/blog\/wp-json\/wp\/v2\/media?parent=1875"}],"wp:term":[{"taxonomy":"category","embeddable":true,"href":"https:\/\/www.ciadetalentos.com.br\/blog\/wp-json\/wp\/v2\/categories?post=1875"},{"taxonomy":"post_tag","embeddable":true,"href":"https:\/\/www.ciadetalentos.com.br\/blog\/wp-json\/wp\/v2\/tags?post=1875"}],"curies":[{"name":"wp","href":"https:\/\/api.w.org\/{rel}","templated":true}]}}