{"id":1887,"date":"2018-07-13T00:28:25","date_gmt":"2018-07-13T03:28:25","guid":{"rendered":"http:\/\/cia.agenciasimplie.com.co\/blogcia\/?p=1887"},"modified":"2023-08-09T11:12:50","modified_gmt":"2023-08-09T14:12:50","slug":"4-tendencias-que-provam-que-o-futuro-da-educacao-vai-mudar","status":"publish","type":"post","link":"https:\/\/www.ciadetalentos.com.br\/blog\/4-tendencias-que-provam-que-o-futuro-da-educacao-vai-mudar\/","title":{"rendered":"4 tend\u00eancias que provam que o futuro da educa\u00e7\u00e3o vai mudar"},"content":{"rendered":"<p>Se voc\u00ea digitar a palavra \u201ctend\u00eancias\u201d em um site de busca, certamente encontrar\u00e1 milhares de resultados. Essa \u00e9 uma palavra que realmente est\u00e1 na moda, no consumo, na mobilidade urbana&#8230;.em tudo! Falar de tend\u00eancias virou uma tend\u00eancia \ud83d\ude42<\/p>\n<p>E n\u00f3s, aqui da Cia de Talentos, a-do-ra-mos acompanhar essas tend\u00eancias, especialmente aquelas que t\u00eam um impacto direto com o nosso trabalho. E uma que temos estudado intensamente nos \u00faltimos anos \u00e9 o\u00a0<strong>futuro da educa\u00e7\u00e3o para a carreira.<\/strong>\u00a0E sabe o que ela indica?<\/p>\n<p>1) Que o indiv\u00edduo est\u00e1 cada vez mais empoderado, conectado em rede, mobilizando revolu\u00e7\u00f5es na sociedade. E isso impacta tamb\u00e9m a educa\u00e7\u00e3o: as\u00a0<strong>experi\u00eancias informais de aprendizado<\/strong>\u00a0v\u00eam conquistando um espa\u00e7o antes ocupado somente pelos diplomas e certificados de cursos formais. As pessoas querem aprender no seu tempo, de acordo com seus desejos, construindo a sua pr\u00f3pria jornada.<\/p>\n<p>2) Que mais importante do que aprender um conjunto de conhecimentos e habilidades pr\u00e9-determinados, seremos desafiados a\u00a0<strong>aprender constantemente<\/strong>. \u201cAprender a aprender\u201d ser\u00e1 o real ant\u00eddoto para lidar com as incertezas e mudan\u00e7as no mercado de trabalho.<\/p>\n<p>3) Que o mundo, j\u00e1 sem fronteiras, tamb\u00e9m abre espa\u00e7o para uma\u00a0<strong>educa\u00e7\u00e3o sem fronteiras<\/strong>. Aprendemos muito al\u00e9m da sala de aula: pode ser assistindo a um v\u00eddeo, um podcast, vendo um filme&#8230;e isso n\u00e3o \u00e9 novidade! A grande diferen\u00e7a \u00e9 que agora reconhecemos que essas experi\u00eancias tamb\u00e9m geram \u2013 e muito \u2013 aprendizado.<\/p>\n<p>4) Que, mais do que nunca, aprendemos com outras pessoas. A chamada\u00a0<strong>intelig\u00eancia coletiva<\/strong>\u00a0ganha cada vez mais for\u00e7a, permitindo que sess\u00f5es de co-cria\u00e7\u00e3o e desafios em grupo sejam promovidos nas mais diversas esferas: na economia, na pol\u00edtica e, claro, nas empresas.<\/p>\n<p>N\u00e3o podemos negar que algumas dessas tend\u00eancias ser\u00e3o vistas na pr\u00e1tica somente em alguns setores, em alguns pa\u00edses ou em determinadas regi\u00f5es, pelo menos no curto prazo. Mas o ponto aqui \u00e9 percebermos que algo est\u00e1 mudando \u2013 drasticamente \u2013 a forma como n\u00f3s aprendemos. E seja nas escolas, nas universidades ou no mercado de trabalho, ignorar esse movimento de mundo \u00e9 ignorar a nossa evolu\u00e7\u00e3o. E j\u00e1 que \u00e9 para mudar, que seja para melhor!<\/p>\n<p>At\u00e9 breve!<\/p>\n<p><em><strong>Halina Matos<\/strong><\/em><br \/>\n<em>Palpiteira em assuntos ligados \u00e0 gest\u00e3o de pessoas, inova\u00e7\u00e3o e diversidade. Psic\u00f3loga de forma\u00e7\u00e3o e paix\u00e3o, mestre em empreendedorismo social, especialista em carreira e em design thinking&#8230;. e com interesse especial nas micro-revolu\u00e7\u00f5es para transformar as organiza\u00e7\u00f5es e a sociedade.<\/em><\/p>\n","protected":false},"excerpt":{"rendered":"<p>Se voc\u00ea digitar a palavra \u201ctend\u00eancias\u201d em um site de busca, certamente encontrar\u00e1 milhares&hellip;<\/p>\n","protected":false},"author":4,"featured_media":1817,"comment_status":"open","ping_status":"open","sticky":false,"template":"","format":"standard","meta":{"footnotes":""},"categories":[25],"tags":[66,62,44,57,45,63],"yoast_head":"<!-- This site is optimized with the Yoast SEO plugin v22.5 - https:\/\/yoast.com\/wordpress\/plugins\/seo\/ -->\n<title>Tend\u00eancias sobre o futuro da educa\u00e7\u00e3o - Blog Cia de Talentos<\/title>\n<meta name=\"description\" content=\"Confira quatro tend\u00eancias relacionadas ao futuro da educa\u00e7\u00e3o e saiba de que maneira elas podem impactar na sua carreira.\" \/>\n<meta name=\"robots\" content=\"index, follow, max-snippet:-1, max-image-preview:large, max-video-preview:-1\" \/>\n<link rel=\"canonical\" href=\"https:\/\/www.ciadetalentos.com.br\/blog\/4-tendencias-que-provam-que-o-futuro-da-educacao-vai-mudar\/\" \/>\n<meta property=\"og:locale\" content=\"pt_BR\" \/>\n<meta property=\"og:type\" content=\"article\" \/>\n<meta property=\"og:title\" content=\"Tend\u00eancias sobre o futuro da educa\u00e7\u00e3o - Blog Cia de Talentos\" \/>\n<meta property=\"og:description\" content=\"Confira quatro tend\u00eancias relacionadas ao futuro da educa\u00e7\u00e3o e saiba de que maneira elas podem impactar na sua carreira.\" \/>\n<meta property=\"og:url\" content=\"https:\/\/www.ciadetalentos.com.br\/blog\/4-tendencias-que-provam-que-o-futuro-da-educacao-vai-mudar\/\" \/>\n<meta property=\"og:site_name\" content=\"Blog Cia de Talentos\" \/>\n<meta property=\"article:published_time\" content=\"2018-07-13T03:28:25+00:00\" \/>\n<meta property=\"article:modified_time\" content=\"2023-08-09T14:12:50+00:00\" \/>\n<meta property=\"og:image\" content=\"https:\/\/www.ciadetalentos.com.br\/blog\/wp-content\/uploads\/sites\/7\/2019\/05\/CIA-Talentos-4-tendencias-que-provam-que-o-futuro-da-educacao-vai-mudar.jpg\" \/>\n\t<meta property=\"og:image:width\" content=\"561\" \/>\n\t<meta property=\"og:image:height\" content=\"422\" \/>\n\t<meta property=\"og:image:type\" content=\"image\/jpeg\" \/>\n<meta name=\"author\" content=\"Cia de Talentos\" \/>\n<meta name=\"twitter:card\" content=\"summary_large_image\" \/>\n<meta name=\"twitter:label1\" content=\"Escrito por\" \/>\n\t<meta name=\"twitter:data1\" content=\"Cia de Talentos\" \/>\n\t<meta name=\"twitter:label2\" content=\"Est. tempo de leitura\" \/>\n\t<meta name=\"twitter:data2\" content=\"3 minutos\" \/>\n<script type=\"application\/ld+json\" class=\"yoast-schema-graph\">{\"@context\":\"https:\/\/schema.org\",\"@graph\":[{\"@type\":\"WebPage\",\"@id\":\"https:\/\/www.ciadetalentos.com.br\/blog\/4-tendencias-que-provam-que-o-futuro-da-educacao-vai-mudar\/\",\"url\":\"https:\/\/www.ciadetalentos.com.br\/blog\/4-tendencias-que-provam-que-o-futuro-da-educacao-vai-mudar\/\",\"name\":\"Tend\u00eancias sobre o futuro da educa\u00e7\u00e3o - Blog Cia de Talentos\",\"isPartOf\":{\"@id\":\"https:\/\/www.ciadetalentos.com.br\/blog\/#website\"},\"primaryImageOfPage\":{\"@id\":\"https:\/\/www.ciadetalentos.com.br\/blog\/4-tendencias-que-provam-que-o-futuro-da-educacao-vai-mudar\/#primaryimage\"},\"image\":{\"@id\":\"https:\/\/www.ciadetalentos.com.br\/blog\/4-tendencias-que-provam-que-o-futuro-da-educacao-vai-mudar\/#primaryimage\"},\"thumbnailUrl\":\"https:\/\/www.ciadetalentos.com.br\/blog\/wp-content\/uploads\/sites\/7\/2019\/05\/CIA-Talentos-4-tendencias-que-provam-que-o-futuro-da-educacao-vai-mudar.jpg\",\"datePublished\":\"2018-07-13T03:28:25+00:00\",\"dateModified\":\"2023-08-09T14:12:50+00:00\",\"author\":{\"@id\":\"https:\/\/www.ciadetalentos.com.br\/blog\/#\/schema\/person\/45dd7d8d992e7e4a2f7669fc56464a26\"},\"description\":\"Confira quatro tend\u00eancias relacionadas ao futuro da educa\u00e7\u00e3o e saiba de que maneira elas podem impactar na sua carreira.\",\"breadcrumb\":{\"@id\":\"https:\/\/www.ciadetalentos.com.br\/blog\/4-tendencias-que-provam-que-o-futuro-da-educacao-vai-mudar\/#breadcrumb\"},\"inLanguage\":\"pt-BR\",\"potentialAction\":[{\"@type\":\"ReadAction\",\"target\":[\"https:\/\/www.ciadetalentos.com.br\/blog\/4-tendencias-que-provam-que-o-futuro-da-educacao-vai-mudar\/\"]}]},{\"@type\":\"ImageObject\",\"inLanguage\":\"pt-BR\",\"@id\":\"https:\/\/www.ciadetalentos.com.br\/blog\/4-tendencias-que-provam-que-o-futuro-da-educacao-vai-mudar\/#primaryimage\",\"url\":\"https:\/\/www.ciadetalentos.com.br\/blog\/wp-content\/uploads\/sites\/7\/2019\/05\/CIA-Talentos-4-tendencias-que-provam-que-o-futuro-da-educacao-vai-mudar.jpg\",\"contentUrl\":\"https:\/\/www.ciadetalentos.com.br\/blog\/wp-content\/uploads\/sites\/7\/2019\/05\/CIA-Talentos-4-tendencias-que-provam-que-o-futuro-da-educacao-vai-mudar.jpg\",\"width\":561,\"height\":422,\"caption\":\"CIA-Talentos-4-tendencias-que-provam-que-o-futuro-da-educacao-vai-mudar\"},{\"@type\":\"BreadcrumbList\",\"@id\":\"https:\/\/www.ciadetalentos.com.br\/blog\/4-tendencias-que-provam-que-o-futuro-da-educacao-vai-mudar\/#breadcrumb\",\"itemListElement\":[{\"@type\":\"ListItem\",\"position\":1,\"name\":\"Home\",\"item\":\"https:\/\/www.ciadetalentos.com.br\/blog\/\"},{\"@type\":\"ListItem\",\"position\":2,\"name\":\"4 tend\u00eancias que provam que o futuro da educa\u00e7\u00e3o vai mudar\"}]},{\"@type\":\"WebSite\",\"@id\":\"https:\/\/www.ciadetalentos.com.br\/blog\/#website\",\"url\":\"https:\/\/www.ciadetalentos.com.br\/blog\/\",\"name\":\"Blog Cia de Talentos\",\"description\":\"Descubra tudo o que voc\u00ea precisa para desenvolver carreiras e transformar sua vida profissional\",\"potentialAction\":[{\"@type\":\"SearchAction\",\"target\":{\"@type\":\"EntryPoint\",\"urlTemplate\":\"https:\/\/www.ciadetalentos.com.br\/blog\/?s={search_term_string}\"},\"query-input\":\"required name=search_term_string\"}],\"inLanguage\":\"pt-BR\"},{\"@type\":\"Person\",\"@id\":\"https:\/\/www.ciadetalentos.com.br\/blog\/#\/schema\/person\/45dd7d8d992e7e4a2f7669fc56464a26\",\"name\":\"Cia de Talentos\",\"image\":{\"@type\":\"ImageObject\",\"inLanguage\":\"pt-BR\",\"@id\":\"https:\/\/www.ciadetalentos.com.br\/blog\/#\/schema\/person\/image\/\",\"url\":\"https:\/\/secure.gravatar.com\/avatar\/f259e5c070ebb1d5b3303b3e53c270f8?s=96&d=mm&r=g\",\"contentUrl\":\"https:\/\/secure.gravatar.com\/avatar\/f259e5c070ebb1d5b3303b3e53c270f8?s=96&d=mm&r=g\",\"caption\":\"Cia de Talentos\"},\"description\":\"CEO de la agencia digital de performance Simplie y Profesor de postgrado de Comportamiento del Consumidor Digital, E-commerce y Marketing Digital en ESPM, FGV y FIA.\",\"url\":\"https:\/\/www.ciadetalentos.com.br\/blog\/author\/eduardo-muniz\/\"}]}<\/script>\n<!-- \/ Yoast SEO plugin. -->","yoast_head_json":{"title":"Tend\u00eancias sobre o futuro da educa\u00e7\u00e3o - Blog Cia de Talentos","description":"Confira quatro tend\u00eancias relacionadas ao futuro da educa\u00e7\u00e3o e saiba de que maneira elas podem impactar na sua carreira.","robots":{"index":"index","follow":"follow","max-snippet":"max-snippet:-1","max-image-preview":"max-image-preview:large","max-video-preview":"max-video-preview:-1"},"canonical":"https:\/\/www.ciadetalentos.com.br\/blog\/4-tendencias-que-provam-que-o-futuro-da-educacao-vai-mudar\/","og_locale":"pt_BR","og_type":"article","og_title":"Tend\u00eancias sobre o futuro da educa\u00e7\u00e3o - Blog Cia de Talentos","og_description":"Confira quatro tend\u00eancias relacionadas ao futuro da educa\u00e7\u00e3o e saiba de que maneira elas podem impactar na sua carreira.","og_url":"https:\/\/www.ciadetalentos.com.br\/blog\/4-tendencias-que-provam-que-o-futuro-da-educacao-vai-mudar\/","og_site_name":"Blog Cia de Talentos","article_published_time":"2018-07-13T03:28:25+00:00","article_modified_time":"2023-08-09T14:12:50+00:00","og_image":[{"width":561,"height":422,"url":"https:\/\/www.ciadetalentos.com.br\/blog\/wp-content\/uploads\/sites\/7\/2019\/05\/CIA-Talentos-4-tendencias-que-provam-que-o-futuro-da-educacao-vai-mudar.jpg","type":"image\/jpeg"}],"author":"Cia de Talentos","twitter_card":"summary_large_image","twitter_misc":{"Escrito por":"Cia de Talentos","Est. tempo de leitura":"3 minutos"},"schema":{"@context":"https:\/\/schema.org","@graph":[{"@type":"WebPage","@id":"https:\/\/www.ciadetalentos.com.br\/blog\/4-tendencias-que-provam-que-o-futuro-da-educacao-vai-mudar\/","url":"https:\/\/www.ciadetalentos.com.br\/blog\/4-tendencias-que-provam-que-o-futuro-da-educacao-vai-mudar\/","name":"Tend\u00eancias sobre o futuro da educa\u00e7\u00e3o - Blog Cia de Talentos","isPartOf":{"@id":"https:\/\/www.ciadetalentos.com.br\/blog\/#website"},"primaryImageOfPage":{"@id":"https:\/\/www.ciadetalentos.com.br\/blog\/4-tendencias-que-provam-que-o-futuro-da-educacao-vai-mudar\/#primaryimage"},"image":{"@id":"https:\/\/www.ciadetalentos.com.br\/blog\/4-tendencias-que-provam-que-o-futuro-da-educacao-vai-mudar\/#primaryimage"},"thumbnailUrl":"https:\/\/www.ciadetalentos.com.br\/blog\/wp-content\/uploads\/sites\/7\/2019\/05\/CIA-Talentos-4-tendencias-que-provam-que-o-futuro-da-educacao-vai-mudar.jpg","datePublished":"2018-07-13T03:28:25+00:00","dateModified":"2023-08-09T14:12:50+00:00","author":{"@id":"https:\/\/www.ciadetalentos.com.br\/blog\/#\/schema\/person\/45dd7d8d992e7e4a2f7669fc56464a26"},"description":"Confira quatro tend\u00eancias relacionadas ao futuro da educa\u00e7\u00e3o e saiba de que maneira elas podem impactar na sua carreira.","breadcrumb":{"@id":"https:\/\/www.ciadetalentos.com.br\/blog\/4-tendencias-que-provam-que-o-futuro-da-educacao-vai-mudar\/#breadcrumb"},"inLanguage":"pt-BR","potentialAction":[{"@type":"ReadAction","target":["https:\/\/www.ciadetalentos.com.br\/blog\/4-tendencias-que-provam-que-o-futuro-da-educacao-vai-mudar\/"]}]},{"@type":"ImageObject","inLanguage":"pt-BR","@id":"https:\/\/www.ciadetalentos.com.br\/blog\/4-tendencias-que-provam-que-o-futuro-da-educacao-vai-mudar\/#primaryimage","url":"https:\/\/www.ciadetalentos.com.br\/blog\/wp-content\/uploads\/sites\/7\/2019\/05\/CIA-Talentos-4-tendencias-que-provam-que-o-futuro-da-educacao-vai-mudar.jpg","contentUrl":"https:\/\/www.ciadetalentos.com.br\/blog\/wp-content\/uploads\/sites\/7\/2019\/05\/CIA-Talentos-4-tendencias-que-provam-que-o-futuro-da-educacao-vai-mudar.jpg","width":561,"height":422,"caption":"CIA-Talentos-4-tendencias-que-provam-que-o-futuro-da-educacao-vai-mudar"},{"@type":"BreadcrumbList","@id":"https:\/\/www.ciadetalentos.com.br\/blog\/4-tendencias-que-provam-que-o-futuro-da-educacao-vai-mudar\/#breadcrumb","itemListElement":[{"@type":"ListItem","position":1,"name":"Home","item":"https:\/\/www.ciadetalentos.com.br\/blog\/"},{"@type":"ListItem","position":2,"name":"4 tend\u00eancias que provam que o futuro da educa\u00e7\u00e3o vai mudar"}]},{"@type":"WebSite","@id":"https:\/\/www.ciadetalentos.com.br\/blog\/#website","url":"https:\/\/www.ciadetalentos.com.br\/blog\/","name":"Blog Cia de Talentos","description":"Descubra tudo o que voc\u00ea precisa para desenvolver carreiras e transformar sua vida profissional","potentialAction":[{"@type":"SearchAction","target":{"@type":"EntryPoint","urlTemplate":"https:\/\/www.ciadetalentos.com.br\/blog\/?s={search_term_string}"},"query-input":"required name=search_term_string"}],"inLanguage":"pt-BR"},{"@type":"Person","@id":"https:\/\/www.ciadetalentos.com.br\/blog\/#\/schema\/person\/45dd7d8d992e7e4a2f7669fc56464a26","name":"Cia de Talentos","image":{"@type":"ImageObject","inLanguage":"pt-BR","@id":"https:\/\/www.ciadetalentos.com.br\/blog\/#\/schema\/person\/image\/","url":"https:\/\/secure.gravatar.com\/avatar\/f259e5c070ebb1d5b3303b3e53c270f8?s=96&d=mm&r=g","contentUrl":"https:\/\/secure.gravatar.com\/avatar\/f259e5c070ebb1d5b3303b3e53c270f8?s=96&d=mm&r=g","caption":"Cia de Talentos"},"description":"CEO de la agencia digital de performance Simplie y Profesor de postgrado de Comportamiento del Consumidor Digital, E-commerce y Marketing Digital en ESPM, FGV y FIA.","url":"https:\/\/www.ciadetalentos.com.br\/blog\/author\/eduardo-muniz\/"}]}},"_links":{"self":[{"href":"https:\/\/www.ciadetalentos.com.br\/blog\/wp-json\/wp\/v2\/posts\/1887"}],"collection":[{"href":"https:\/\/www.ciadetalentos.com.br\/blog\/wp-json\/wp\/v2\/posts"}],"about":[{"href":"https:\/\/www.ciadetalentos.com.br\/blog\/wp-json\/wp\/v2\/types\/post"}],"author":[{"embeddable":true,"href":"https:\/\/www.ciadetalentos.com.br\/blog\/wp-json\/wp\/v2\/users\/4"}],"replies":[{"embeddable":true,"href":"https:\/\/www.ciadetalentos.com.br\/blog\/wp-json\/wp\/v2\/comments?post=1887"}],"version-history":[{"count":1,"href":"https:\/\/www.ciadetalentos.com.br\/blog\/wp-json\/wp\/v2\/posts\/1887\/revisions"}],"predecessor-version":[{"id":1888,"href":"https:\/\/www.ciadetalentos.com.br\/blog\/wp-json\/wp\/v2\/posts\/1887\/revisions\/1888"}],"wp:featuredmedia":[{"embeddable":true,"href":"https:\/\/www.ciadetalentos.com.br\/blog\/wp-json\/wp\/v2\/media\/1817"}],"wp:attachment":[{"href":"https:\/\/www.ciadetalentos.com.br\/blog\/wp-json\/wp\/v2\/media?parent=1887"}],"wp:term":[{"taxonomy":"category","embeddable":true,"href":"https:\/\/www.ciadetalentos.com.br\/blog\/wp-json\/wp\/v2\/categories?post=1887"},{"taxonomy":"post_tag","embeddable":true,"href":"https:\/\/www.ciadetalentos.com.br\/blog\/wp-json\/wp\/v2\/tags?post=1887"}],"curies":[{"name":"wp","href":"https:\/\/api.w.org\/{rel}","templated":true}]}}