{"id":1891,"date":"2018-06-25T00:39:02","date_gmt":"2018-06-25T03:39:02","guid":{"rendered":"http:\/\/cia.agenciasimplie.com.co\/blogcia\/?p=1891"},"modified":"2019-06-28T11:15:13","modified_gmt":"2019-06-28T14:15:13","slug":"feiras-de-recrutamento-se-reinventam-para-aproximar-alunos-e-organizacoes","status":"publish","type":"post","link":"https:\/\/www.ciadetalentos.com.br\/blog\/feiras-de-recrutamento-se-reinventam-para-aproximar-alunos-e-organizacoes\/","title":{"rendered":"Feiras de Recrutamento se reinventam para aproximar alunos e organiza\u00e7\u00f5es"},"content":{"rendered":"<p>Eventos universit\u00e1rios, com enfoque em carreira, recrutamento e mercado de trabalho, oferecem \u00f3timas oportunidades para colocar empresas e estudantes em contato. Normalmente, s\u00e3o eventos abertos ao p\u00fablico universit\u00e1rio e, em geral, com entrada gratuita. As feiras possuem uma infraestrutura voltada para que as empresas trabalhem sua\u00a0<a href=\"http:\/\/www.grupociadetalentos.com.br\/br\/conteudo\/os-alicerces-da-marca-empregadora\" target=\"_blank\" rel=\"noopener noreferrer\"><b>marca empregadora<\/b><\/a> e ofere\u00e7am suas oportunidades de est\u00e1gio e trainee para os jovens. Ou seja, \u00e9 um espa\u00e7o pensado e criado para mostrar como \u00e9 trabalhar nessas empresas e para que os jovens conhe\u00e7am as principais tend\u00eancias do mercado de trabalho.<\/p>\n<p>Palestras e workshops, que abordam temas de grande import\u00e2ncia no mundo empresarial, assim como o esclarecimento de d\u00favidas pontuais, como a elabora\u00e7\u00e3o de curr\u00edculos, al\u00e9m de etapas dos processos seletivos, \u00e9 o que se espera desses eventos. No entanto, \u00e9 cada vez mais importante ir al\u00e9m. Isso significa que os organizadores est\u00e3o sendo cada dia mais <strong>desafiados no que se refere \u00e0 inova\u00e7\u00e3o<\/strong>. Tudo isso para atrair mais jovens e empresas expositoras.<\/p>\n<p>Em busca de novas op\u00e7\u00f5es de atividades para tornar a participa\u00e7\u00e3o desses jovens mais ativa durante o evento, surgem possibilidades muito interessantes. Esse \u00e9 o caso do\u00a0<em><b>pitch<\/b><\/em><strong>,<\/strong> em que alunos selecionados s\u00e3o convidados a apresentarem e venderem as suas compet\u00eancias para as empresas. Em poucos minutos, eles devem mostrar suas qualidades e desenvoltura na comunica\u00e7\u00e3o, uma das compet\u00eancias socioemocionais mais exigidas e que mais reprovam nos processos seletivos. Outra tend\u00eancia \u00e9 o <strong>uso de tecnologia<\/strong>\u00a0nesses eventos: j\u00e1 \u00e9 poss\u00edvel encontrar aplicativos que mapeiam previamente o perfil dos participantes para gerar as melhores combina\u00e7\u00f5es de oportunidades de est\u00e1gio e trainee.<\/p>\n<p>Com essas mudan\u00e7as, as empresas percebem a necessidade de tornar a sua presen\u00e7a mais efetiva e marcante, uma vez que o volume de candidatos \u00e9 grande e o p\u00fablico busca novidades. Essas empresas, uma vez cientes do seu novo papel, fazem uma participa\u00e7\u00e3o que vai al\u00e9m do tradicional <em>stand<\/em>\u00a0e oferecem a\u00e7\u00f5es que aproximam ainda mais os universit\u00e1rios, como convites para visitar o escrit\u00f3rio e poder vivenciar o dia a dia da organiza\u00e7\u00e3o, sess\u00f5es de\u00a0<em>coaching<\/em>, almo\u00e7o com executivos, minicursos, entre outras a\u00e7\u00f5es que j\u00e1 s\u00e3o boas pr\u00e1ticas adotadas. S\u00e3o diversas possibilidades para atrair os candidatos que \u00a0t\u00eam a oportunidade de conhecer mais aspectos sobre a <strong>cultura e valores das empresas<\/strong>, a partir dessas atividades.<\/p>\n<p>Dessa forma, \u00e9 cada vez mais vis\u00edvel a evolu\u00e7\u00e3o das feiras. Organizadores est\u00e3o propondo\u00a0<strong>novos formatos e espa\u00e7os para experi\u00eancias mais elaboradas<\/strong>. Os universit\u00e1rios n\u00e3o encontram s\u00f3 respostas para as suas d\u00favidas: eles s\u00e3o desafiados a manterem-se curiosos, ao terem contato com conte\u00fados diversos e a\u00e7\u00f5es inovadoras.<\/p>\n<p>Do nosso ponto de vista, as feiras mais legais do momento s\u00e3o aquelas que convidam o p\u00fablico para\u00a0<strong>experimentar<\/strong>, como aquelas que oferecem atividades que ajudam a desenvolver habilidades exigidas pelo pr\u00f3prio mercado de trabalho. Assim todo mundo sai ganhando, certo?<\/p>\n<p>As empresas que est\u00e3o um passo \u00e0 frente s\u00e3o aquelas que buscam aproveitar o espa\u00e7o do evento para\u00a0<strong>estreitar mais o relacionamento com o universit\u00e1rio<\/strong>. Um bom exemplo desse tipo de a\u00e7\u00e3o \u00e9 quando convidam funcion\u00e1rios inspiradores a contar suas hist\u00f3rias de carreira e estarem mais pr\u00f3ximos e dispon\u00edveis para o jovem. Dessa forma deixam sua marca empregadora mais humanizada.<\/p>\n<p>Se voc\u00ea quer saber mais sobre esse tema, a Cia de Talentos participa de alguns eventos universit\u00e1rios bem bacanas em todo o Brasil, segue a gente no Instagram e no Facebook para saber de tudo que rola de mais legal!<\/p>\n<p>E fique \u00e0 vontade compartilhar suas experi\u00eancias nos eventos que voc\u00ea j\u00e1 participou!<\/p>\n<p><em><b>Beatriz Seino<\/b><\/em><br \/>\n<em>Rela\u00e7\u00f5es P\u00fablicas por forma\u00e7\u00e3o, apaixonada por listas e listras, mais all star do que salto, mais cabelo solto do que preso, mais cara limpa do que maquiada, mais ver\u00e3o do que inverno, mais livros do que tempo pra ler, mais lugares pra conhecer do que milhas dispon\u00edveis, mais amor do que eu achava que cabia aqui dentro.<\/em><\/p>\n","protected":false},"excerpt":{"rendered":"<p>Eventos universit\u00e1rios, com enfoque em carreira, recrutamento e mercado de trabalho, oferecem \u00f3timas oportunidades&hellip;<\/p>\n","protected":false},"author":4,"featured_media":1822,"comment_status":"open","ping_status":"open","sticky":false,"template":"","format":"standard","meta":{"footnotes":""},"categories":[23],"tags":[48,67,66,62,64,65,63],"yoast_head":"<!-- This site is optimized with the Yoast SEO plugin v22.5 - https:\/\/yoast.com\/wordpress\/plugins\/seo\/ -->\n<title>Feiras de Recrutamento se reinventam - Blog CIA de Talentos<\/title>\n<meta name=\"description\" content=\"Feiras de Recrutamento se reinventam para aproximar alunos e organiza\u00e7\u00f5es. Eventos universit\u00e1rios, com enfoque em carreira, recrutamento...\" \/>\n<meta name=\"robots\" content=\"index, follow, max-snippet:-1, max-image-preview:large, max-video-preview:-1\" \/>\n<link rel=\"canonical\" href=\"https:\/\/www.ciadetalentos.com.br\/blog\/feiras-de-recrutamento-se-reinventam-para-aproximar-alunos-e-organizacoes\/\" \/>\n<meta property=\"og:locale\" content=\"pt_BR\" \/>\n<meta property=\"og:type\" content=\"article\" \/>\n<meta property=\"og:title\" content=\"Feiras de Recrutamento se reinventam - Blog CIA de Talentos\" \/>\n<meta property=\"og:description\" content=\"Feiras de Recrutamento se reinventam para aproximar alunos e organiza\u00e7\u00f5es. Eventos universit\u00e1rios, com enfoque em carreira, recrutamento...\" \/>\n<meta property=\"og:url\" content=\"https:\/\/www.ciadetalentos.com.br\/blog\/feiras-de-recrutamento-se-reinventam-para-aproximar-alunos-e-organizacoes\/\" \/>\n<meta property=\"og:site_name\" content=\"Blog Cia de Talentos\" \/>\n<meta property=\"article:published_time\" content=\"2018-06-25T03:39:02+00:00\" \/>\n<meta property=\"article:modified_time\" content=\"2019-06-28T14:15:13+00:00\" \/>\n<meta property=\"og:image\" content=\"https:\/\/www.ciadetalentos.com.br\/blog\/wp-content\/uploads\/sites\/7\/2019\/05\/CIA-Talentos-feiras-de-recrutamento-se-reinventam-para-aproximar-alunos-e-organizacoes.jpg\" \/>\n\t<meta property=\"og:image:width\" content=\"561\" \/>\n\t<meta property=\"og:image:height\" content=\"422\" \/>\n\t<meta property=\"og:image:type\" content=\"image\/jpeg\" \/>\n<meta name=\"author\" content=\"Cia de Talentos\" \/>\n<meta name=\"twitter:card\" content=\"summary_large_image\" \/>\n<meta name=\"twitter:label1\" content=\"Escrito por\" \/>\n\t<meta name=\"twitter:data1\" content=\"Cia de Talentos\" \/>\n\t<meta name=\"twitter:label2\" content=\"Est. tempo de leitura\" \/>\n\t<meta name=\"twitter:data2\" content=\"3 minutos\" \/>\n<script type=\"application\/ld+json\" class=\"yoast-schema-graph\">{\"@context\":\"https:\/\/schema.org\",\"@graph\":[{\"@type\":\"WebPage\",\"@id\":\"https:\/\/www.ciadetalentos.com.br\/blog\/feiras-de-recrutamento-se-reinventam-para-aproximar-alunos-e-organizacoes\/\",\"url\":\"https:\/\/www.ciadetalentos.com.br\/blog\/feiras-de-recrutamento-se-reinventam-para-aproximar-alunos-e-organizacoes\/\",\"name\":\"Feiras de Recrutamento se reinventam - Blog CIA de Talentos\",\"isPartOf\":{\"@id\":\"https:\/\/www.ciadetalentos.com.br\/blog\/#website\"},\"primaryImageOfPage\":{\"@id\":\"https:\/\/www.ciadetalentos.com.br\/blog\/feiras-de-recrutamento-se-reinventam-para-aproximar-alunos-e-organizacoes\/#primaryimage\"},\"image\":{\"@id\":\"https:\/\/www.ciadetalentos.com.br\/blog\/feiras-de-recrutamento-se-reinventam-para-aproximar-alunos-e-organizacoes\/#primaryimage\"},\"thumbnailUrl\":\"https:\/\/www.ciadetalentos.com.br\/blog\/wp-content\/uploads\/sites\/7\/2019\/05\/CIA-Talentos-feiras-de-recrutamento-se-reinventam-para-aproximar-alunos-e-organizacoes.jpg\",\"datePublished\":\"2018-06-25T03:39:02+00:00\",\"dateModified\":\"2019-06-28T14:15:13+00:00\",\"author\":{\"@id\":\"https:\/\/www.ciadetalentos.com.br\/blog\/#\/schema\/person\/45dd7d8d992e7e4a2f7669fc56464a26\"},\"description\":\"Feiras de Recrutamento se reinventam para aproximar alunos e organiza\u00e7\u00f5es. Eventos universit\u00e1rios, com enfoque em carreira, recrutamento...\",\"breadcrumb\":{\"@id\":\"https:\/\/www.ciadetalentos.com.br\/blog\/feiras-de-recrutamento-se-reinventam-para-aproximar-alunos-e-organizacoes\/#breadcrumb\"},\"inLanguage\":\"pt-BR\",\"potentialAction\":[{\"@type\":\"ReadAction\",\"target\":[\"https:\/\/www.ciadetalentos.com.br\/blog\/feiras-de-recrutamento-se-reinventam-para-aproximar-alunos-e-organizacoes\/\"]}]},{\"@type\":\"ImageObject\",\"inLanguage\":\"pt-BR\",\"@id\":\"https:\/\/www.ciadetalentos.com.br\/blog\/feiras-de-recrutamento-se-reinventam-para-aproximar-alunos-e-organizacoes\/#primaryimage\",\"url\":\"https:\/\/www.ciadetalentos.com.br\/blog\/wp-content\/uploads\/sites\/7\/2019\/05\/CIA-Talentos-feiras-de-recrutamento-se-reinventam-para-aproximar-alunos-e-organizacoes.jpg\",\"contentUrl\":\"https:\/\/www.ciadetalentos.com.br\/blog\/wp-content\/uploads\/sites\/7\/2019\/05\/CIA-Talentos-feiras-de-recrutamento-se-reinventam-para-aproximar-alunos-e-organizacoes.jpg\",\"width\":561,\"height\":422,\"caption\":\"CIA-Talentos-feiras-de-recrutamento-se-reinventam-para-aproximar-alunos-e-organizacoes\"},{\"@type\":\"BreadcrumbList\",\"@id\":\"https:\/\/www.ciadetalentos.com.br\/blog\/feiras-de-recrutamento-se-reinventam-para-aproximar-alunos-e-organizacoes\/#breadcrumb\",\"itemListElement\":[{\"@type\":\"ListItem\",\"position\":1,\"name\":\"Home\",\"item\":\"https:\/\/www.ciadetalentos.com.br\/blog\/\"},{\"@type\":\"ListItem\",\"position\":2,\"name\":\"Feiras de Recrutamento se reinventam para aproximar alunos e organiza\u00e7\u00f5es\"}]},{\"@type\":\"WebSite\",\"@id\":\"https:\/\/www.ciadetalentos.com.br\/blog\/#website\",\"url\":\"https:\/\/www.ciadetalentos.com.br\/blog\/\",\"name\":\"Blog Cia de Talentos\",\"description\":\"Descubra tudo o que voc\u00ea precisa para desenvolver carreiras e transformar sua vida profissional\",\"potentialAction\":[{\"@type\":\"SearchAction\",\"target\":{\"@type\":\"EntryPoint\",\"urlTemplate\":\"https:\/\/www.ciadetalentos.com.br\/blog\/?s={search_term_string}\"},\"query-input\":\"required name=search_term_string\"}],\"inLanguage\":\"pt-BR\"},{\"@type\":\"Person\",\"@id\":\"https:\/\/www.ciadetalentos.com.br\/blog\/#\/schema\/person\/45dd7d8d992e7e4a2f7669fc56464a26\",\"name\":\"Cia de Talentos\",\"image\":{\"@type\":\"ImageObject\",\"inLanguage\":\"pt-BR\",\"@id\":\"https:\/\/www.ciadetalentos.com.br\/blog\/#\/schema\/person\/image\/\",\"url\":\"https:\/\/secure.gravatar.com\/avatar\/f259e5c070ebb1d5b3303b3e53c270f8?s=96&d=mm&r=g\",\"contentUrl\":\"https:\/\/secure.gravatar.com\/avatar\/f259e5c070ebb1d5b3303b3e53c270f8?s=96&d=mm&r=g\",\"caption\":\"Cia de Talentos\"},\"description\":\"CEO de la agencia digital de performance Simplie y Profesor de postgrado de Comportamiento del Consumidor Digital, E-commerce y Marketing Digital en ESPM, FGV y FIA.\",\"url\":\"https:\/\/www.ciadetalentos.com.br\/blog\/author\/eduardo-muniz\/\"}]}<\/script>\n<!-- \/ Yoast SEO plugin. -->","yoast_head_json":{"title":"Feiras de Recrutamento se reinventam - Blog CIA de Talentos","description":"Feiras de Recrutamento se reinventam para aproximar alunos e organiza\u00e7\u00f5es. Eventos universit\u00e1rios, com enfoque em carreira, recrutamento...","robots":{"index":"index","follow":"follow","max-snippet":"max-snippet:-1","max-image-preview":"max-image-preview:large","max-video-preview":"max-video-preview:-1"},"canonical":"https:\/\/www.ciadetalentos.com.br\/blog\/feiras-de-recrutamento-se-reinventam-para-aproximar-alunos-e-organizacoes\/","og_locale":"pt_BR","og_type":"article","og_title":"Feiras de Recrutamento se reinventam - Blog CIA de Talentos","og_description":"Feiras de Recrutamento se reinventam para aproximar alunos e organiza\u00e7\u00f5es. Eventos universit\u00e1rios, com enfoque em carreira, recrutamento...","og_url":"https:\/\/www.ciadetalentos.com.br\/blog\/feiras-de-recrutamento-se-reinventam-para-aproximar-alunos-e-organizacoes\/","og_site_name":"Blog Cia de Talentos","article_published_time":"2018-06-25T03:39:02+00:00","article_modified_time":"2019-06-28T14:15:13+00:00","og_image":[{"width":561,"height":422,"url":"https:\/\/www.ciadetalentos.com.br\/blog\/wp-content\/uploads\/sites\/7\/2019\/05\/CIA-Talentos-feiras-de-recrutamento-se-reinventam-para-aproximar-alunos-e-organizacoes.jpg","type":"image\/jpeg"}],"author":"Cia de Talentos","twitter_card":"summary_large_image","twitter_misc":{"Escrito por":"Cia de Talentos","Est. tempo de leitura":"3 minutos"},"schema":{"@context":"https:\/\/schema.org","@graph":[{"@type":"WebPage","@id":"https:\/\/www.ciadetalentos.com.br\/blog\/feiras-de-recrutamento-se-reinventam-para-aproximar-alunos-e-organizacoes\/","url":"https:\/\/www.ciadetalentos.com.br\/blog\/feiras-de-recrutamento-se-reinventam-para-aproximar-alunos-e-organizacoes\/","name":"Feiras de Recrutamento se reinventam - Blog CIA de Talentos","isPartOf":{"@id":"https:\/\/www.ciadetalentos.com.br\/blog\/#website"},"primaryImageOfPage":{"@id":"https:\/\/www.ciadetalentos.com.br\/blog\/feiras-de-recrutamento-se-reinventam-para-aproximar-alunos-e-organizacoes\/#primaryimage"},"image":{"@id":"https:\/\/www.ciadetalentos.com.br\/blog\/feiras-de-recrutamento-se-reinventam-para-aproximar-alunos-e-organizacoes\/#primaryimage"},"thumbnailUrl":"https:\/\/www.ciadetalentos.com.br\/blog\/wp-content\/uploads\/sites\/7\/2019\/05\/CIA-Talentos-feiras-de-recrutamento-se-reinventam-para-aproximar-alunos-e-organizacoes.jpg","datePublished":"2018-06-25T03:39:02+00:00","dateModified":"2019-06-28T14:15:13+00:00","author":{"@id":"https:\/\/www.ciadetalentos.com.br\/blog\/#\/schema\/person\/45dd7d8d992e7e4a2f7669fc56464a26"},"description":"Feiras de Recrutamento se reinventam para aproximar alunos e organiza\u00e7\u00f5es. Eventos universit\u00e1rios, com enfoque em carreira, recrutamento...","breadcrumb":{"@id":"https:\/\/www.ciadetalentos.com.br\/blog\/feiras-de-recrutamento-se-reinventam-para-aproximar-alunos-e-organizacoes\/#breadcrumb"},"inLanguage":"pt-BR","potentialAction":[{"@type":"ReadAction","target":["https:\/\/www.ciadetalentos.com.br\/blog\/feiras-de-recrutamento-se-reinventam-para-aproximar-alunos-e-organizacoes\/"]}]},{"@type":"ImageObject","inLanguage":"pt-BR","@id":"https:\/\/www.ciadetalentos.com.br\/blog\/feiras-de-recrutamento-se-reinventam-para-aproximar-alunos-e-organizacoes\/#primaryimage","url":"https:\/\/www.ciadetalentos.com.br\/blog\/wp-content\/uploads\/sites\/7\/2019\/05\/CIA-Talentos-feiras-de-recrutamento-se-reinventam-para-aproximar-alunos-e-organizacoes.jpg","contentUrl":"https:\/\/www.ciadetalentos.com.br\/blog\/wp-content\/uploads\/sites\/7\/2019\/05\/CIA-Talentos-feiras-de-recrutamento-se-reinventam-para-aproximar-alunos-e-organizacoes.jpg","width":561,"height":422,"caption":"CIA-Talentos-feiras-de-recrutamento-se-reinventam-para-aproximar-alunos-e-organizacoes"},{"@type":"BreadcrumbList","@id":"https:\/\/www.ciadetalentos.com.br\/blog\/feiras-de-recrutamento-se-reinventam-para-aproximar-alunos-e-organizacoes\/#breadcrumb","itemListElement":[{"@type":"ListItem","position":1,"name":"Home","item":"https:\/\/www.ciadetalentos.com.br\/blog\/"},{"@type":"ListItem","position":2,"name":"Feiras de Recrutamento se reinventam para aproximar alunos e organiza\u00e7\u00f5es"}]},{"@type":"WebSite","@id":"https:\/\/www.ciadetalentos.com.br\/blog\/#website","url":"https:\/\/www.ciadetalentos.com.br\/blog\/","name":"Blog Cia de Talentos","description":"Descubra tudo o que voc\u00ea precisa para desenvolver carreiras e transformar sua vida profissional","potentialAction":[{"@type":"SearchAction","target":{"@type":"EntryPoint","urlTemplate":"https:\/\/www.ciadetalentos.com.br\/blog\/?s={search_term_string}"},"query-input":"required name=search_term_string"}],"inLanguage":"pt-BR"},{"@type":"Person","@id":"https:\/\/www.ciadetalentos.com.br\/blog\/#\/schema\/person\/45dd7d8d992e7e4a2f7669fc56464a26","name":"Cia de Talentos","image":{"@type":"ImageObject","inLanguage":"pt-BR","@id":"https:\/\/www.ciadetalentos.com.br\/blog\/#\/schema\/person\/image\/","url":"https:\/\/secure.gravatar.com\/avatar\/f259e5c070ebb1d5b3303b3e53c270f8?s=96&d=mm&r=g","contentUrl":"https:\/\/secure.gravatar.com\/avatar\/f259e5c070ebb1d5b3303b3e53c270f8?s=96&d=mm&r=g","caption":"Cia de Talentos"},"description":"CEO de la agencia digital de performance Simplie y Profesor de postgrado de Comportamiento del Consumidor Digital, E-commerce y Marketing Digital en ESPM, FGV y FIA.","url":"https:\/\/www.ciadetalentos.com.br\/blog\/author\/eduardo-muniz\/"}]}},"_links":{"self":[{"href":"https:\/\/www.ciadetalentos.com.br\/blog\/wp-json\/wp\/v2\/posts\/1891"}],"collection":[{"href":"https:\/\/www.ciadetalentos.com.br\/blog\/wp-json\/wp\/v2\/posts"}],"about":[{"href":"https:\/\/www.ciadetalentos.com.br\/blog\/wp-json\/wp\/v2\/types\/post"}],"author":[{"embeddable":true,"href":"https:\/\/www.ciadetalentos.com.br\/blog\/wp-json\/wp\/v2\/users\/4"}],"replies":[{"embeddable":true,"href":"https:\/\/www.ciadetalentos.com.br\/blog\/wp-json\/wp\/v2\/comments?post=1891"}],"version-history":[{"count":5,"href":"https:\/\/www.ciadetalentos.com.br\/blog\/wp-json\/wp\/v2\/posts\/1891\/revisions"}],"predecessor-version":[{"id":2160,"href":"https:\/\/www.ciadetalentos.com.br\/blog\/wp-json\/wp\/v2\/posts\/1891\/revisions\/2160"}],"wp:featuredmedia":[{"embeddable":true,"href":"https:\/\/www.ciadetalentos.com.br\/blog\/wp-json\/wp\/v2\/media\/1822"}],"wp:attachment":[{"href":"https:\/\/www.ciadetalentos.com.br\/blog\/wp-json\/wp\/v2\/media?parent=1891"}],"wp:term":[{"taxonomy":"category","embeddable":true,"href":"https:\/\/www.ciadetalentos.com.br\/blog\/wp-json\/wp\/v2\/categories?post=1891"},{"taxonomy":"post_tag","embeddable":true,"href":"https:\/\/www.ciadetalentos.com.br\/blog\/wp-json\/wp\/v2\/tags?post=1891"}],"curies":[{"name":"wp","href":"https:\/\/api.w.org\/{rel}","templated":true}]}}