{"id":1895,"date":"2018-06-12T00:48:59","date_gmt":"2018-06-12T03:48:59","guid":{"rendered":"http:\/\/cia.agenciasimplie.com.co\/blogcia\/?p=1895"},"modified":"2019-06-27T11:47:16","modified_gmt":"2019-06-27T14:47:16","slug":"voce-ainda-acredita-em-almas-gemeas","status":"publish","type":"post","link":"https:\/\/www.ciadetalentos.com.br\/blog\/voce-ainda-acredita-em-almas-gemeas\/","title":{"rendered":"Voc\u00ea ainda acredita em almas g\u00eameas?"},"content":{"rendered":"<p class=\"texto-conteudo\">N\u00e3o, voc\u00ea n\u00e3o est\u00e1 no site errado. \u00c9 isso mesmo.\u00a0<strong>Carreira e casamento t\u00eam muito mais a ver do que voc\u00ea imagina<\/strong>. H\u00e1 algumas semanas viralizou nas redes sociais um texto do <a href=\"https:\/\/www.facebook.com\/marcospiangers\/photos\/a.122248651191792.30078.119093941507263\/1623498611066781\/?type=3&amp;theater\">Marcos Piangers<\/a> questionando a exist\u00eancia das tais <strong>almas g\u00eameas<\/strong> e da ideia de que h\u00e1 no mundo algu\u00e9m esperando para te completar e ser feliz todos os dias ao seu lado.<\/p>\n<p class=\"texto-conteudo\">Essa pessoa n\u00e3o existe. Nem esse emprego. Desconhe\u00e7o profissional que n\u00e3o tem\u00a0<strong>d\u00favida sobre as suas escolhas de carreira<\/strong>, uma segunda-feira com vontade de largar tudo e que, de vez em quando, acredita que est\u00e1 desperdi\u00e7ando seu tempo permanecendo ali, naquele lugar, com aquela equipe. Sim, esse sentimento existe mesmo nas carreiras mais incr\u00edveis, apaixonantes e cheias de prop\u00f3sito. Converse com algu\u00e9m que voc\u00ea admira. Pode perguntar se tudo s\u00e3o s\u00f3 flores, se n\u00e3o d\u00e1 vontade de chutar o balde e viajar pelo mundo.<\/p>\n<p>Essa ideia de que o emprego certo est\u00e1 esperando por voc\u00ea, basta descobrir aonde, pode ser angustiante. \u00c9 um\u00a0<em>looping<\/em>\u00a0sem fim.\u00a0<strong>N\u00e3o existe carreira ideal<\/strong>, certeza todos os dias e emprego sem momentos entediantes. Assim como n\u00e3o existe par ideal, &#8220;sim&#8221; todos os dias e relacionamento sem di\u00e1logo e vontade de aprender junto.<\/p>\n<p>O que n\u00e3o d\u00e1 \u00e9 para o emprego (e o relacionamento) serem mais subtra\u00e7\u00e3o do que soma. Ou seja, se no final do m\u00eas voc\u00ea tem mais dias ruins, cheios de d\u00favida, com a sensa\u00e7\u00e3o de que aquilo n\u00e3o exige o seu melhor ou at\u00e9 mesmo se sentindo desrespeitado, <strong>voc\u00ea tem muitos motivos para rever as suas escolhas<\/strong>\u00a0e recalcular esse trajeto. Pode ser com uma mudan\u00e7a de emprego, com um processo de coaching, na terapia, na medita\u00e7\u00e3o, mas olhe para esse inc\u00f4modo e fa\u00e7a alguma coisa por voc\u00ea. N\u00e3o espere da empresa todas as mudan\u00e7as t\u00e3o sonhadas para a sua carreira.<\/p>\n<p>Agora, se o dia foi ruim, voc\u00ea errou, algu\u00e9m n\u00e3o atendeu \u00e0s suas expectativas&#8230; Respire fundo. N\u00e3o \u00e9 s\u00f3 com voc\u00ea que isso acontece. Tente lembrar o que te levou at\u00e9 ali, quais foram os motivos para a sua escolha profissional. A gente muda mesmo de ideia, temos muitos interesses e a grama do outro sempre parece mais verde.<\/p>\n<p>Por isso, as <strong>carreiras s\u00e3o feitas de ciclos<\/strong>, a gente muda, os nossos prop\u00f3sitos tamb\u00e9m. \u00c9 preciso realinhar o tempo todo. Sempre em beta, sempre recome\u00e7ando. E isso n\u00e3o significa ter que mudar de emprego ou parceiro. D\u00e1 para fazer isso juntos? Naquele velho lugar de todos os dias? Ser\u00e1 que a empresa tamb\u00e9m n\u00e3o est\u00e1 vivendo mudan\u00e7as bem parecidas com a sua e quer mesmo algu\u00e9m que tenha coragem de assumir novos desafios?<\/p>\n<p>Pode soar rom\u00e2ntico demais, mas isso \u00e9 mais comum do que a gente imagina. A pessoa troca de emprego e continua infeliz. A pessoa troca de parceiro e ainda n\u00e3o \u00e9 isso. Pode ser voc\u00ea, pode ser a vida mesmo que \u00e9 cheia de altos e baixos.\u00a0<strong>Ser\u00e1 que a sua alma g\u00eamea n\u00e3o est\u00e1 a\u00ed do seu lado<\/strong>\u00a0insistindo, se esfor\u00e7ando, aprendendo e se conhecendo melhor nessas rela\u00e7\u00f5es imperfeitas, mas t\u00e3o cheias de possibilidades?<\/p>\n<p><em><strong>Renata Magliocca<\/strong>, meio paulista, meio mineira, psic\u00f3loga e escritora. Apaixonada pela complexidade que \u00e9 ser voc\u00ea mesmo. Tem mania de dar ouvidos \u00e0 sua menina, que aprendeu a escrever antes mesmo de falar e, ainda hoje, pede para brincar com as palavras. Sempre vejo, na vida, hist\u00f3rias e as minhas preferidas s\u00e3o as reais e poss\u00edveis.\u00a0<\/em><\/p>\n","protected":false},"excerpt":{"rendered":"<p>N\u00e3o, voc\u00ea n\u00e3o est\u00e1 no site errado. \u00c9 isso mesmo.\u00a0Carreira e casamento t\u00eam muito&hellip;<\/p>\n","protected":false},"author":4,"featured_media":1832,"comment_status":"open","ping_status":"open","sticky":false,"template":"","format":"standard","meta":{"footnotes":""},"categories":[24],"tags":[48,52,51,57],"yoast_head":"<!-- This site is optimized with the Yoast SEO plugin v22.5 - https:\/\/yoast.com\/wordpress\/plugins\/seo\/ -->\n<title>Voc\u00ea ainda acredita em almas g\u00eameas? - Blog Cia de Talentos<\/title>\n<meta name=\"description\" content=\"H\u00e1 algumas semanas atr\u00e1s viralizou nas redes sociais um texto do Marcos Piangers questionando a exist\u00eancia das tais almas g\u00eameas e da ideia de que ...\" \/>\n<meta name=\"robots\" content=\"index, follow, max-snippet:-1, max-image-preview:large, max-video-preview:-1\" \/>\n<link rel=\"canonical\" href=\"https:\/\/www.ciadetalentos.com.br\/blog\/voce-ainda-acredita-em-almas-gemeas\/\" \/>\n<meta property=\"og:locale\" content=\"pt_BR\" \/>\n<meta property=\"og:type\" content=\"article\" \/>\n<meta property=\"og:title\" content=\"Voc\u00ea ainda acredita em almas g\u00eameas? - Blog Cia de Talentos\" \/>\n<meta property=\"og:description\" content=\"H\u00e1 algumas semanas atr\u00e1s viralizou nas redes sociais um texto do Marcos Piangers questionando a exist\u00eancia das tais almas g\u00eameas e da ideia de que ...\" \/>\n<meta property=\"og:url\" content=\"https:\/\/www.ciadetalentos.com.br\/blog\/voce-ainda-acredita-em-almas-gemeas\/\" \/>\n<meta property=\"og:site_name\" content=\"Blog Cia de Talentos\" \/>\n<meta property=\"article:published_time\" content=\"2018-06-12T03:48:59+00:00\" \/>\n<meta property=\"article:modified_time\" content=\"2019-06-27T14:47:16+00:00\" \/>\n<meta property=\"og:image\" content=\"https:\/\/www.ciadetalentos.com.br\/blog\/wp-content\/uploads\/sites\/7\/2019\/05\/CIA-Talentos-voce-ainda-acredita-em-almas-gemeas.jpg\" \/>\n\t<meta property=\"og:image:width\" content=\"561\" \/>\n\t<meta property=\"og:image:height\" content=\"422\" \/>\n\t<meta property=\"og:image:type\" content=\"image\/jpeg\" \/>\n<meta name=\"author\" content=\"Cia de Talentos\" \/>\n<meta name=\"twitter:card\" content=\"summary_large_image\" \/>\n<meta name=\"twitter:label1\" content=\"Escrito por\" \/>\n\t<meta name=\"twitter:data1\" content=\"Cia de Talentos\" \/>\n\t<meta name=\"twitter:label2\" content=\"Est. tempo de leitura\" \/>\n\t<meta name=\"twitter:data2\" content=\"3 minutos\" \/>\n<script type=\"application\/ld+json\" class=\"yoast-schema-graph\">{\"@context\":\"https:\/\/schema.org\",\"@graph\":[{\"@type\":\"WebPage\",\"@id\":\"https:\/\/www.ciadetalentos.com.br\/blog\/voce-ainda-acredita-em-almas-gemeas\/\",\"url\":\"https:\/\/www.ciadetalentos.com.br\/blog\/voce-ainda-acredita-em-almas-gemeas\/\",\"name\":\"Voc\u00ea ainda acredita em almas g\u00eameas? - Blog Cia de Talentos\",\"isPartOf\":{\"@id\":\"https:\/\/www.ciadetalentos.com.br\/blog\/#website\"},\"primaryImageOfPage\":{\"@id\":\"https:\/\/www.ciadetalentos.com.br\/blog\/voce-ainda-acredita-em-almas-gemeas\/#primaryimage\"},\"image\":{\"@id\":\"https:\/\/www.ciadetalentos.com.br\/blog\/voce-ainda-acredita-em-almas-gemeas\/#primaryimage\"},\"thumbnailUrl\":\"https:\/\/www.ciadetalentos.com.br\/blog\/wp-content\/uploads\/sites\/7\/2019\/05\/CIA-Talentos-voce-ainda-acredita-em-almas-gemeas.jpg\",\"datePublished\":\"2018-06-12T03:48:59+00:00\",\"dateModified\":\"2019-06-27T14:47:16+00:00\",\"author\":{\"@id\":\"https:\/\/www.ciadetalentos.com.br\/blog\/#\/schema\/person\/45dd7d8d992e7e4a2f7669fc56464a26\"},\"description\":\"H\u00e1 algumas semanas atr\u00e1s viralizou nas redes sociais um texto do Marcos Piangers questionando a exist\u00eancia das tais almas g\u00eameas e da ideia de que ...\",\"breadcrumb\":{\"@id\":\"https:\/\/www.ciadetalentos.com.br\/blog\/voce-ainda-acredita-em-almas-gemeas\/#breadcrumb\"},\"inLanguage\":\"pt-BR\",\"potentialAction\":[{\"@type\":\"ReadAction\",\"target\":[\"https:\/\/www.ciadetalentos.com.br\/blog\/voce-ainda-acredita-em-almas-gemeas\/\"]}]},{\"@type\":\"ImageObject\",\"inLanguage\":\"pt-BR\",\"@id\":\"https:\/\/www.ciadetalentos.com.br\/blog\/voce-ainda-acredita-em-almas-gemeas\/#primaryimage\",\"url\":\"https:\/\/www.ciadetalentos.com.br\/blog\/wp-content\/uploads\/sites\/7\/2019\/05\/CIA-Talentos-voce-ainda-acredita-em-almas-gemeas.jpg\",\"contentUrl\":\"https:\/\/www.ciadetalentos.com.br\/blog\/wp-content\/uploads\/sites\/7\/2019\/05\/CIA-Talentos-voce-ainda-acredita-em-almas-gemeas.jpg\",\"width\":561,\"height\":422,\"caption\":\"CIA-Talentos-voce-ainda-acredita-em-almas-gemeas\"},{\"@type\":\"BreadcrumbList\",\"@id\":\"https:\/\/www.ciadetalentos.com.br\/blog\/voce-ainda-acredita-em-almas-gemeas\/#breadcrumb\",\"itemListElement\":[{\"@type\":\"ListItem\",\"position\":1,\"name\":\"Home\",\"item\":\"https:\/\/www.ciadetalentos.com.br\/blog\/\"},{\"@type\":\"ListItem\",\"position\":2,\"name\":\"Voc\u00ea ainda acredita em almas g\u00eameas?\"}]},{\"@type\":\"WebSite\",\"@id\":\"https:\/\/www.ciadetalentos.com.br\/blog\/#website\",\"url\":\"https:\/\/www.ciadetalentos.com.br\/blog\/\",\"name\":\"Blog Cia de Talentos\",\"description\":\"Descubra tudo o que voc\u00ea precisa para desenvolver carreiras e transformar sua vida profissional\",\"potentialAction\":[{\"@type\":\"SearchAction\",\"target\":{\"@type\":\"EntryPoint\",\"urlTemplate\":\"https:\/\/www.ciadetalentos.com.br\/blog\/?s={search_term_string}\"},\"query-input\":\"required name=search_term_string\"}],\"inLanguage\":\"pt-BR\"},{\"@type\":\"Person\",\"@id\":\"https:\/\/www.ciadetalentos.com.br\/blog\/#\/schema\/person\/45dd7d8d992e7e4a2f7669fc56464a26\",\"name\":\"Cia de Talentos\",\"image\":{\"@type\":\"ImageObject\",\"inLanguage\":\"pt-BR\",\"@id\":\"https:\/\/www.ciadetalentos.com.br\/blog\/#\/schema\/person\/image\/\",\"url\":\"https:\/\/secure.gravatar.com\/avatar\/f259e5c070ebb1d5b3303b3e53c270f8?s=96&d=mm&r=g\",\"contentUrl\":\"https:\/\/secure.gravatar.com\/avatar\/f259e5c070ebb1d5b3303b3e53c270f8?s=96&d=mm&r=g\",\"caption\":\"Cia de Talentos\"},\"description\":\"CEO de la agencia digital de performance Simplie y Profesor de postgrado de Comportamiento del Consumidor Digital, E-commerce y Marketing Digital en ESPM, FGV y FIA.\",\"url\":\"https:\/\/www.ciadetalentos.com.br\/blog\/author\/eduardo-muniz\/\"}]}<\/script>\n<!-- \/ Yoast SEO plugin. -->","yoast_head_json":{"title":"Voc\u00ea ainda acredita em almas g\u00eameas? - Blog Cia de Talentos","description":"H\u00e1 algumas semanas atr\u00e1s viralizou nas redes sociais um texto do Marcos Piangers questionando a exist\u00eancia das tais almas g\u00eameas e da ideia de que ...","robots":{"index":"index","follow":"follow","max-snippet":"max-snippet:-1","max-image-preview":"max-image-preview:large","max-video-preview":"max-video-preview:-1"},"canonical":"https:\/\/www.ciadetalentos.com.br\/blog\/voce-ainda-acredita-em-almas-gemeas\/","og_locale":"pt_BR","og_type":"article","og_title":"Voc\u00ea ainda acredita em almas g\u00eameas? - Blog Cia de Talentos","og_description":"H\u00e1 algumas semanas atr\u00e1s viralizou nas redes sociais um texto do Marcos Piangers questionando a exist\u00eancia das tais almas g\u00eameas e da ideia de que ...","og_url":"https:\/\/www.ciadetalentos.com.br\/blog\/voce-ainda-acredita-em-almas-gemeas\/","og_site_name":"Blog Cia de Talentos","article_published_time":"2018-06-12T03:48:59+00:00","article_modified_time":"2019-06-27T14:47:16+00:00","og_image":[{"width":561,"height":422,"url":"https:\/\/www.ciadetalentos.com.br\/blog\/wp-content\/uploads\/sites\/7\/2019\/05\/CIA-Talentos-voce-ainda-acredita-em-almas-gemeas.jpg","type":"image\/jpeg"}],"author":"Cia de Talentos","twitter_card":"summary_large_image","twitter_misc":{"Escrito por":"Cia de Talentos","Est. tempo de leitura":"3 minutos"},"schema":{"@context":"https:\/\/schema.org","@graph":[{"@type":"WebPage","@id":"https:\/\/www.ciadetalentos.com.br\/blog\/voce-ainda-acredita-em-almas-gemeas\/","url":"https:\/\/www.ciadetalentos.com.br\/blog\/voce-ainda-acredita-em-almas-gemeas\/","name":"Voc\u00ea ainda acredita em almas g\u00eameas? - Blog Cia de Talentos","isPartOf":{"@id":"https:\/\/www.ciadetalentos.com.br\/blog\/#website"},"primaryImageOfPage":{"@id":"https:\/\/www.ciadetalentos.com.br\/blog\/voce-ainda-acredita-em-almas-gemeas\/#primaryimage"},"image":{"@id":"https:\/\/www.ciadetalentos.com.br\/blog\/voce-ainda-acredita-em-almas-gemeas\/#primaryimage"},"thumbnailUrl":"https:\/\/www.ciadetalentos.com.br\/blog\/wp-content\/uploads\/sites\/7\/2019\/05\/CIA-Talentos-voce-ainda-acredita-em-almas-gemeas.jpg","datePublished":"2018-06-12T03:48:59+00:00","dateModified":"2019-06-27T14:47:16+00:00","author":{"@id":"https:\/\/www.ciadetalentos.com.br\/blog\/#\/schema\/person\/45dd7d8d992e7e4a2f7669fc56464a26"},"description":"H\u00e1 algumas semanas atr\u00e1s viralizou nas redes sociais um texto do Marcos Piangers questionando a exist\u00eancia das tais almas g\u00eameas e da ideia de que ...","breadcrumb":{"@id":"https:\/\/www.ciadetalentos.com.br\/blog\/voce-ainda-acredita-em-almas-gemeas\/#breadcrumb"},"inLanguage":"pt-BR","potentialAction":[{"@type":"ReadAction","target":["https:\/\/www.ciadetalentos.com.br\/blog\/voce-ainda-acredita-em-almas-gemeas\/"]}]},{"@type":"ImageObject","inLanguage":"pt-BR","@id":"https:\/\/www.ciadetalentos.com.br\/blog\/voce-ainda-acredita-em-almas-gemeas\/#primaryimage","url":"https:\/\/www.ciadetalentos.com.br\/blog\/wp-content\/uploads\/sites\/7\/2019\/05\/CIA-Talentos-voce-ainda-acredita-em-almas-gemeas.jpg","contentUrl":"https:\/\/www.ciadetalentos.com.br\/blog\/wp-content\/uploads\/sites\/7\/2019\/05\/CIA-Talentos-voce-ainda-acredita-em-almas-gemeas.jpg","width":561,"height":422,"caption":"CIA-Talentos-voce-ainda-acredita-em-almas-gemeas"},{"@type":"BreadcrumbList","@id":"https:\/\/www.ciadetalentos.com.br\/blog\/voce-ainda-acredita-em-almas-gemeas\/#breadcrumb","itemListElement":[{"@type":"ListItem","position":1,"name":"Home","item":"https:\/\/www.ciadetalentos.com.br\/blog\/"},{"@type":"ListItem","position":2,"name":"Voc\u00ea ainda acredita em almas g\u00eameas?"}]},{"@type":"WebSite","@id":"https:\/\/www.ciadetalentos.com.br\/blog\/#website","url":"https:\/\/www.ciadetalentos.com.br\/blog\/","name":"Blog Cia de Talentos","description":"Descubra tudo o que voc\u00ea precisa para desenvolver carreiras e transformar sua vida profissional","potentialAction":[{"@type":"SearchAction","target":{"@type":"EntryPoint","urlTemplate":"https:\/\/www.ciadetalentos.com.br\/blog\/?s={search_term_string}"},"query-input":"required name=search_term_string"}],"inLanguage":"pt-BR"},{"@type":"Person","@id":"https:\/\/www.ciadetalentos.com.br\/blog\/#\/schema\/person\/45dd7d8d992e7e4a2f7669fc56464a26","name":"Cia de Talentos","image":{"@type":"ImageObject","inLanguage":"pt-BR","@id":"https:\/\/www.ciadetalentos.com.br\/blog\/#\/schema\/person\/image\/","url":"https:\/\/secure.gravatar.com\/avatar\/f259e5c070ebb1d5b3303b3e53c270f8?s=96&d=mm&r=g","contentUrl":"https:\/\/secure.gravatar.com\/avatar\/f259e5c070ebb1d5b3303b3e53c270f8?s=96&d=mm&r=g","caption":"Cia de Talentos"},"description":"CEO de la agencia digital de performance Simplie y Profesor de postgrado de Comportamiento del Consumidor Digital, E-commerce y Marketing Digital en ESPM, FGV y FIA.","url":"https:\/\/www.ciadetalentos.com.br\/blog\/author\/eduardo-muniz\/"}]}},"_links":{"self":[{"href":"https:\/\/www.ciadetalentos.com.br\/blog\/wp-json\/wp\/v2\/posts\/1895"}],"collection":[{"href":"https:\/\/www.ciadetalentos.com.br\/blog\/wp-json\/wp\/v2\/posts"}],"about":[{"href":"https:\/\/www.ciadetalentos.com.br\/blog\/wp-json\/wp\/v2\/types\/post"}],"author":[{"embeddable":true,"href":"https:\/\/www.ciadetalentos.com.br\/blog\/wp-json\/wp\/v2\/users\/4"}],"replies":[{"embeddable":true,"href":"https:\/\/www.ciadetalentos.com.br\/blog\/wp-json\/wp\/v2\/comments?post=1895"}],"version-history":[{"count":4,"href":"https:\/\/www.ciadetalentos.com.br\/blog\/wp-json\/wp\/v2\/posts\/1895\/revisions"}],"predecessor-version":[{"id":1985,"href":"https:\/\/www.ciadetalentos.com.br\/blog\/wp-json\/wp\/v2\/posts\/1895\/revisions\/1985"}],"wp:featuredmedia":[{"embeddable":true,"href":"https:\/\/www.ciadetalentos.com.br\/blog\/wp-json\/wp\/v2\/media\/1832"}],"wp:attachment":[{"href":"https:\/\/www.ciadetalentos.com.br\/blog\/wp-json\/wp\/v2\/media?parent=1895"}],"wp:term":[{"taxonomy":"category","embeddable":true,"href":"https:\/\/www.ciadetalentos.com.br\/blog\/wp-json\/wp\/v2\/categories?post=1895"},{"taxonomy":"post_tag","embeddable":true,"href":"https:\/\/www.ciadetalentos.com.br\/blog\/wp-json\/wp\/v2\/tags?post=1895"}],"curies":[{"name":"wp","href":"https:\/\/api.w.org\/{rel}","templated":true}]}}