{"id":2031,"date":"2018-02-01T11:27:57","date_gmt":"2018-02-01T13:27:57","guid":{"rendered":"http:\/\/cia.agenciasimplie.com.co\/blogcia\/?p=2031"},"modified":"2023-08-17T17:15:31","modified_gmt":"2023-08-17T20:15:31","slug":"a-caneta-ou-o-carrossel-uma-perspectiva-sobre-a-publicidade","status":"publish","type":"post","link":"https:\/\/www.ciadetalentos.com.br\/blog\/a-caneta-ou-o-carrossel-uma-perspectiva-sobre-a-publicidade\/","title":{"rendered":"A caneta ou o carrossel? &#8211; Uma perspectiva sobre a publicidade"},"content":{"rendered":"<p><strong>Ser publicit\u00e1rio \u00e9 fazer escolhas o tempo todo.<\/strong>\u00a0Ao contr\u00e1rio de carreiras exatas, como engenharia, na comunica\u00e7\u00e3o trabalhamos com muitas op\u00e7\u00f5es sem que uma delas seja a correta. A subjetividade do t\u00edtulo desse texto, inclusive, faz parte do dia a dia de quem trabalha na \u00e1rea. Isso porqu\u00ea um bom publicit\u00e1rio conta hist\u00f3rias o tempo todo e uma narrativa n\u00e3o \u00e9 certa ou errada, feia ou bonita, mas ela precisa fazer sentido para o ouvinte.<\/p>\n<h2><strong>QUEM ERA O P\u00daBLICIT\u00c1RIO H\u00c1 20 ANOS<\/strong><\/h2>\n<p>H\u00e1 uns 20 anos, quando comecei minha carreira, a publicidade estava no\u201cTOP 3\u201d das faculdades mais concorridas dos vestibulares brasileiros. Por\u00e9m, li, outro dia, um artigo que dizia que, na FUVEST desse ano, a profiss\u00e3o ocupava a oitava carreira mais disputada, ficando atr\u00e1s de artes c\u00eanicas, por exemplo. Apesar disso, dizer que a Publicidade perdeu a import\u00e2ncia, que n\u00e3o serve mais para nada, \u00e9 uma enorme besteira.<\/p>\n<p>A queda na prefer\u00eancia dos estudantes \u00e9 compreens\u00edvel. O papel da comunica\u00e7\u00e3o em 1990 era diferente\u2026 Pense que h\u00e1 duas d\u00e9cadas a internet nem das fraldas tinha sa\u00eddo e a televis\u00e3o reinava absoluta como fonte de informa\u00e7\u00e3o e entretenimento de todo brasileiro.<\/p>\n<p>Um break comercial tinha um papel influenciador muito grande no dia a dia das pessoas. N\u00e3o existiam redes sociais e suas milh\u00f5es de opini\u00f5es sinceras e honestas (as vezes nem tanto) sobre um produto ou servi\u00e7o feitas por pessoas comuns, gente como a gente. Naquela \u00e9poca, os 30 segundos eram t\u00e3o importantes e decisivos para o consumidor quanto um v\u00eddeo de seu Youtuber favorito \u00e9 hoje.<\/p>\n<h2><strong>QUEM \u00c9 O PUBLICIT\u00c1RIO HOJE<\/strong><\/h2>\n<p>Nos dias atuais, a publicidade tem uma responsabilidade ainda maior com uma marca e sua rela\u00e7\u00e3o com as pessoas. N\u00e3o basta ter o melhor produto, isso n\u00e3o define mais o processo de compra. O comprador sabe o que \u00e9 bom ou ruim, ele busca informa\u00e7\u00e3o e tem que quebrar muito mais a cabe\u00e7a para transformar racionalidade simples e pura em emo\u00e7\u00f5es intensas e complexas.<\/p>\n<p>Bem, vale destacar que independente da evolu\u00e7\u00e3o dos meios, do dom\u00ednio dos smartphones, da internet, das redes sociais, do consumidor conectado e dono da informa\u00e7\u00e3o, a publicidade ainda mant\u00e9m intacta a sua ess\u00eancia. Ela continua apoiada no trip\u00e9: social, cultural e econ\u00f4mico.<\/p>\n<h2><strong>O PAPEL SOCIAL DA PUBLICIDADE\u00a0<\/strong><\/h2>\n<p>N\u00e3o sei se j\u00e1 parou para pensar, mas a publicidade atua como embaixadora de um pa\u00eds. Costumo dizer que para entender de uma forma r\u00e1pida as pessoas de uma regi\u00e3o, ligue a TV e assista aos comerciais. \u00c9 not\u00e1vel a ironia inteligente dos argentinos, o sarcasmo fino dos ingleses, o humor f\u00e1cil e popular dos brasileiros, repare: est\u00e1 tudo no conte\u00fado.<\/p>\n<p>O papel cultural da profiss\u00e3o tamb\u00e9m \u00e9 incontest\u00e1vel. Ele traz os elementos que refletem as prefer\u00eancias nacionais em determinada \u00e9poca, alguns exemplos: m\u00fasicas, celebridades, hist\u00f3rias e jarg\u00f5es. Tem campanhas que fazem parte de exposi\u00e7\u00f5es em museus de cultura pop mundo afora.<\/p>\n<p>Economicamente, a comunica\u00e7\u00e3o serve de propulsora de uma engrenagem gigantesca formada por ind\u00fastrias, produtos, servi\u00e7os e acima de tudo: pessoas. A Publicidade ajuda a manter a m\u00e1quina girando, fomentando o consumo de forma respons\u00e1vel, sem criar necessidades, mas sim observando as pessoas e criando conex\u00f5es emocionais entre elas e as marcas.<\/p>\n<p>Ali\u00e1s, gostaria de convid\u00e1-los a clicar nos dois links abaixo \u2013 um deles explica o t\u00edtulo desse texto.<\/p>\n<p>S\u00e3o dois v\u00eddeos bem curtinhos, que ilustram a diferen\u00e7a entre criar uma necessidade para vender algo e construir uma conex\u00e3o emocional para o mesmo fim:<\/p>\n<p><a href=\"https:\/\/www.youtube.com\/watch?v=e4QpQKbK_x0\" target=\"_blank\" rel=\"noopener noreferrer\" data-cke-saved-href=\"https:\/\/www.youtube.com\/watch?v=e4QpQKbK_x0\">O Lobo de Wall Street<\/a><\/p>\n<p><a href=\"https:\/\/www.youtube.com\/watch?feature=player_detailpage&amp;v=Y3uLfQpsEec#t=106\" target=\"_blank\" rel=\"noopener noreferrer\" data-cke-saved-href=\"https:\/\/www.youtube.com\/watch?feature=player_detailpage&amp;v=Y3uLfQpsEec#t=106\">Madmen<\/a><\/p>\n<p>A diferen\u00e7a entre as duas abordagens \u00e9 enorme. Na primeira Jordan Belfort, personagem n\u00e3o-fict\u00edcio interpretado por Leonardo DiCaprio, mostra que, para se vender algo, \u00e9 imprescind\u00edvel criar uma necessidade.<\/p>\n<p>Na segunda, Don Draper, publicit\u00e1rio t\u00edpico dos anos 60, interpretado por Jon Hamm na s\u00e9rie Madmen, constr\u00f3i uma hist\u00f3ria espetacular, emocionante, recheada de argumentos que tocam o mais frio dos humanos. Essa \u00e9 a diferen\u00e7a entre um vendedor e um publicit\u00e1rio.<\/p>\n<h2><strong>NEM TUDO S\u00c3O FLORES&#8230;<\/strong><\/h2>\n<p>Trabalhar na \u00e1rea tem seus altos e baixos, como em toda e qualquer profiss\u00e3o.<\/p>\n<p>N\u00e3o \u00e9 f\u00e1cil entrar no mundo da comunica\u00e7\u00e3o. E uma vez dentro desse universo, prepare-se para trabalhar muito, sob relativa press\u00e3o. Ter ideias \u00e9 f\u00e1cil, encontrar as boas, \u00e9 mais complicado. Por ser um trabalho intelectual e subjetivo, prepare-se tamb\u00e9m para lidar com frustra\u00e7\u00f5es. Nem sempre uma campanha \u00e9 aprovada, mesmo que ela seja excelente na vis\u00e3o da maior parte dos envolvidos.<\/p>\n<h2><strong>MAS VAI VALER A PENA<\/strong><\/h2>\n<p>Por outro lado, existem coisas muito bacanas. Voc\u00ea aprende a entender as pessoas, os sonhos, as vontades e necessidades delas. Voc\u00ea v\u00ea seu trabalho fazer diferen\u00e7a na sociedade, contribuindo com o crescimento de ind\u00fastrias e mercados e gerando empregos. V\u00ea a sua ideia cair na \u201cboca do povo\u201d, ouve pessoas comentando e escrevendo sobre ela na internet. Liga a TV, ou navega pela Internet, e d\u00e1 de cara com a sua campanha (a sua \u201ccria\u201d). Isso \u00e9 muito gratificante! Lembro tamb\u00e9m que a remunera\u00e7\u00e3o da \u00e1rea para quem leva a coisa a s\u00e9rio pode ser muito boa.<\/p>\n<p>Espero que esse texto colabore para a sua decis\u00e3o e esclare\u00e7a algumas quest\u00f5es sobre a carreira. Boa sorte!<\/p>\n<p><em>Marcus Freitas<br \/>\nDiretor de Planejamento Estrat\u00e9gico de uma grande ag\u00eancia brasileira e que sempre escolhe o Carrossel na hora de fazer publicidade.<\/em><\/p>\n","protected":false},"excerpt":{"rendered":"<p>Ser publicit\u00e1rio \u00e9 fazer escolhas o tempo todo.\u00a0Ao contr\u00e1rio de carreiras exatas, como engenharia,&hellip;<\/p>\n","protected":false},"author":7,"featured_media":2184,"comment_status":"open","ping_status":"open","sticky":false,"template":"","format":"standard","meta":{"footnotes":""},"categories":[23],"tags":[148,44,57,149,120,150,147],"yoast_head":"<!-- This site is optimized with the Yoast SEO plugin v22.5 - https:\/\/yoast.com\/wordpress\/plugins\/seo\/ -->\n<title>A caneta ou o carrossel? - Uma perspectiva sobre a publicidade - Blog Cia de Talentos<\/title>\n<meta name=\"description\" content=\"Neste artigo, contamos mais sobre a carreira na \u00e1rea de publicidade e quais as perspectivas para quem opta por ela.\" \/>\n<meta name=\"robots\" content=\"index, follow, max-snippet:-1, max-image-preview:large, max-video-preview:-1\" \/>\n<link rel=\"canonical\" href=\"https:\/\/www.ciadetalentos.com.br\/blog\/a-caneta-ou-o-carrossel-uma-perspectiva-sobre-a-publicidade\/\" \/>\n<meta property=\"og:locale\" content=\"pt_BR\" \/>\n<meta property=\"og:type\" content=\"article\" \/>\n<meta property=\"og:title\" content=\"A caneta ou o carrossel? - Uma perspectiva sobre a publicidade - Blog Cia de Talentos\" \/>\n<meta property=\"og:description\" content=\"Neste artigo, contamos mais sobre a carreira na \u00e1rea de publicidade e quais as perspectivas para quem opta por ela.\" \/>\n<meta property=\"og:url\" content=\"https:\/\/www.ciadetalentos.com.br\/blog\/a-caneta-ou-o-carrossel-uma-perspectiva-sobre-a-publicidade\/\" \/>\n<meta property=\"og:site_name\" content=\"Blog Cia de Talentos\" \/>\n<meta property=\"article:published_time\" content=\"2018-02-01T13:27:57+00:00\" \/>\n<meta property=\"article:modified_time\" content=\"2023-08-17T20:15:31+00:00\" \/>\n<meta property=\"og:image\" content=\"https:\/\/www.ciadetalentos.com.br\/blog\/wp-content\/uploads\/sites\/7\/2019\/06\/carrossel-.jpg\" \/>\n\t<meta property=\"og:image:width\" content=\"720\" \/>\n\t<meta property=\"og:image:height\" content=\"542\" \/>\n\t<meta property=\"og:image:type\" content=\"image\/jpeg\" \/>\n<meta name=\"author\" content=\"giomaz\" \/>\n<meta name=\"twitter:card\" content=\"summary_large_image\" \/>\n<meta name=\"twitter:label1\" content=\"Escrito por\" \/>\n\t<meta name=\"twitter:data1\" content=\"giomaz\" \/>\n\t<meta name=\"twitter:label2\" content=\"Est. tempo de leitura\" \/>\n\t<meta name=\"twitter:data2\" content=\"5 minutos\" \/>\n<script type=\"application\/ld+json\" class=\"yoast-schema-graph\">{\"@context\":\"https:\/\/schema.org\",\"@graph\":[{\"@type\":\"WebPage\",\"@id\":\"https:\/\/www.ciadetalentos.com.br\/blog\/a-caneta-ou-o-carrossel-uma-perspectiva-sobre-a-publicidade\/\",\"url\":\"https:\/\/www.ciadetalentos.com.br\/blog\/a-caneta-ou-o-carrossel-uma-perspectiva-sobre-a-publicidade\/\",\"name\":\"A caneta ou o carrossel? - Uma perspectiva sobre a publicidade - Blog Cia de Talentos\",\"isPartOf\":{\"@id\":\"https:\/\/www.ciadetalentos.com.br\/blog\/#website\"},\"primaryImageOfPage\":{\"@id\":\"https:\/\/www.ciadetalentos.com.br\/blog\/a-caneta-ou-o-carrossel-uma-perspectiva-sobre-a-publicidade\/#primaryimage\"},\"image\":{\"@id\":\"https:\/\/www.ciadetalentos.com.br\/blog\/a-caneta-ou-o-carrossel-uma-perspectiva-sobre-a-publicidade\/#primaryimage\"},\"thumbnailUrl\":\"https:\/\/www.ciadetalentos.com.br\/blog\/wp-content\/uploads\/sites\/7\/2019\/06\/carrossel-.jpg\",\"datePublished\":\"2018-02-01T13:27:57+00:00\",\"dateModified\":\"2023-08-17T20:15:31+00:00\",\"author\":{\"@id\":\"https:\/\/www.ciadetalentos.com.br\/blog\/#\/schema\/person\/1f11df039f9195a4b29e0aadcf676d7f\"},\"description\":\"Neste artigo, contamos mais sobre a carreira na \u00e1rea de publicidade e quais as perspectivas para quem opta por ela.\",\"breadcrumb\":{\"@id\":\"https:\/\/www.ciadetalentos.com.br\/blog\/a-caneta-ou-o-carrossel-uma-perspectiva-sobre-a-publicidade\/#breadcrumb\"},\"inLanguage\":\"pt-BR\",\"potentialAction\":[{\"@type\":\"ReadAction\",\"target\":[\"https:\/\/www.ciadetalentos.com.br\/blog\/a-caneta-ou-o-carrossel-uma-perspectiva-sobre-a-publicidade\/\"]}]},{\"@type\":\"ImageObject\",\"inLanguage\":\"pt-BR\",\"@id\":\"https:\/\/www.ciadetalentos.com.br\/blog\/a-caneta-ou-o-carrossel-uma-perspectiva-sobre-a-publicidade\/#primaryimage\",\"url\":\"https:\/\/www.ciadetalentos.com.br\/blog\/wp-content\/uploads\/sites\/7\/2019\/06\/carrossel-.jpg\",\"contentUrl\":\"https:\/\/www.ciadetalentos.com.br\/blog\/wp-content\/uploads\/sites\/7\/2019\/06\/carrossel-.jpg\",\"width\":720,\"height\":542,\"caption\":\"A caneta ou o carrossel? - Uma perspectiva sobre a publicidade\"},{\"@type\":\"BreadcrumbList\",\"@id\":\"https:\/\/www.ciadetalentos.com.br\/blog\/a-caneta-ou-o-carrossel-uma-perspectiva-sobre-a-publicidade\/#breadcrumb\",\"itemListElement\":[{\"@type\":\"ListItem\",\"position\":1,\"name\":\"Home\",\"item\":\"https:\/\/www.ciadetalentos.com.br\/blog\/\"},{\"@type\":\"ListItem\",\"position\":2,\"name\":\"A caneta ou o carrossel? &#8211; Uma perspectiva sobre a publicidade\"}]},{\"@type\":\"WebSite\",\"@id\":\"https:\/\/www.ciadetalentos.com.br\/blog\/#website\",\"url\":\"https:\/\/www.ciadetalentos.com.br\/blog\/\",\"name\":\"Blog Cia de Talentos\",\"description\":\"Descubra tudo o que voc\u00ea precisa para desenvolver carreiras e transformar sua vida profissional\",\"potentialAction\":[{\"@type\":\"SearchAction\",\"target\":{\"@type\":\"EntryPoint\",\"urlTemplate\":\"https:\/\/www.ciadetalentos.com.br\/blog\/?s={search_term_string}\"},\"query-input\":\"required name=search_term_string\"}],\"inLanguage\":\"pt-BR\"},{\"@type\":\"Person\",\"@id\":\"https:\/\/www.ciadetalentos.com.br\/blog\/#\/schema\/person\/1f11df039f9195a4b29e0aadcf676d7f\",\"name\":\"giomaz\",\"image\":{\"@type\":\"ImageObject\",\"inLanguage\":\"pt-BR\",\"@id\":\"https:\/\/www.ciadetalentos.com.br\/blog\/#\/schema\/person\/image\/\",\"url\":\"https:\/\/secure.gravatar.com\/avatar\/ec9131581307470688d2758db09a3f14?s=96&d=mm&r=g\",\"contentUrl\":\"https:\/\/secure.gravatar.com\/avatar\/ec9131581307470688d2758db09a3f14?s=96&d=mm&r=g\",\"caption\":\"giomaz\"},\"url\":\"https:\/\/www.ciadetalentos.com.br\/blog\/author\/giomaz\/\"}]}<\/script>\n<!-- \/ Yoast SEO plugin. -->","yoast_head_json":{"title":"A caneta ou o carrossel? - Uma perspectiva sobre a publicidade - Blog Cia de Talentos","description":"Neste artigo, contamos mais sobre a carreira na \u00e1rea de publicidade e quais as perspectivas para quem opta por ela.","robots":{"index":"index","follow":"follow","max-snippet":"max-snippet:-1","max-image-preview":"max-image-preview:large","max-video-preview":"max-video-preview:-1"},"canonical":"https:\/\/www.ciadetalentos.com.br\/blog\/a-caneta-ou-o-carrossel-uma-perspectiva-sobre-a-publicidade\/","og_locale":"pt_BR","og_type":"article","og_title":"A caneta ou o carrossel? - Uma perspectiva sobre a publicidade - Blog Cia de Talentos","og_description":"Neste artigo, contamos mais sobre a carreira na \u00e1rea de publicidade e quais as perspectivas para quem opta por ela.","og_url":"https:\/\/www.ciadetalentos.com.br\/blog\/a-caneta-ou-o-carrossel-uma-perspectiva-sobre-a-publicidade\/","og_site_name":"Blog Cia de Talentos","article_published_time":"2018-02-01T13:27:57+00:00","article_modified_time":"2023-08-17T20:15:31+00:00","og_image":[{"width":720,"height":542,"url":"https:\/\/www.ciadetalentos.com.br\/blog\/wp-content\/uploads\/sites\/7\/2019\/06\/carrossel-.jpg","type":"image\/jpeg"}],"author":"giomaz","twitter_card":"summary_large_image","twitter_misc":{"Escrito por":"giomaz","Est. tempo de leitura":"5 minutos"},"schema":{"@context":"https:\/\/schema.org","@graph":[{"@type":"WebPage","@id":"https:\/\/www.ciadetalentos.com.br\/blog\/a-caneta-ou-o-carrossel-uma-perspectiva-sobre-a-publicidade\/","url":"https:\/\/www.ciadetalentos.com.br\/blog\/a-caneta-ou-o-carrossel-uma-perspectiva-sobre-a-publicidade\/","name":"A caneta ou o carrossel? - Uma perspectiva sobre a publicidade - Blog Cia de Talentos","isPartOf":{"@id":"https:\/\/www.ciadetalentos.com.br\/blog\/#website"},"primaryImageOfPage":{"@id":"https:\/\/www.ciadetalentos.com.br\/blog\/a-caneta-ou-o-carrossel-uma-perspectiva-sobre-a-publicidade\/#primaryimage"},"image":{"@id":"https:\/\/www.ciadetalentos.com.br\/blog\/a-caneta-ou-o-carrossel-uma-perspectiva-sobre-a-publicidade\/#primaryimage"},"thumbnailUrl":"https:\/\/www.ciadetalentos.com.br\/blog\/wp-content\/uploads\/sites\/7\/2019\/06\/carrossel-.jpg","datePublished":"2018-02-01T13:27:57+00:00","dateModified":"2023-08-17T20:15:31+00:00","author":{"@id":"https:\/\/www.ciadetalentos.com.br\/blog\/#\/schema\/person\/1f11df039f9195a4b29e0aadcf676d7f"},"description":"Neste artigo, contamos mais sobre a carreira na \u00e1rea de publicidade e quais as perspectivas para quem opta por ela.","breadcrumb":{"@id":"https:\/\/www.ciadetalentos.com.br\/blog\/a-caneta-ou-o-carrossel-uma-perspectiva-sobre-a-publicidade\/#breadcrumb"},"inLanguage":"pt-BR","potentialAction":[{"@type":"ReadAction","target":["https:\/\/www.ciadetalentos.com.br\/blog\/a-caneta-ou-o-carrossel-uma-perspectiva-sobre-a-publicidade\/"]}]},{"@type":"ImageObject","inLanguage":"pt-BR","@id":"https:\/\/www.ciadetalentos.com.br\/blog\/a-caneta-ou-o-carrossel-uma-perspectiva-sobre-a-publicidade\/#primaryimage","url":"https:\/\/www.ciadetalentos.com.br\/blog\/wp-content\/uploads\/sites\/7\/2019\/06\/carrossel-.jpg","contentUrl":"https:\/\/www.ciadetalentos.com.br\/blog\/wp-content\/uploads\/sites\/7\/2019\/06\/carrossel-.jpg","width":720,"height":542,"caption":"A caneta ou o carrossel? - Uma perspectiva sobre a publicidade"},{"@type":"BreadcrumbList","@id":"https:\/\/www.ciadetalentos.com.br\/blog\/a-caneta-ou-o-carrossel-uma-perspectiva-sobre-a-publicidade\/#breadcrumb","itemListElement":[{"@type":"ListItem","position":1,"name":"Home","item":"https:\/\/www.ciadetalentos.com.br\/blog\/"},{"@type":"ListItem","position":2,"name":"A caneta ou o carrossel? &#8211; Uma perspectiva sobre a publicidade"}]},{"@type":"WebSite","@id":"https:\/\/www.ciadetalentos.com.br\/blog\/#website","url":"https:\/\/www.ciadetalentos.com.br\/blog\/","name":"Blog Cia de Talentos","description":"Descubra tudo o que voc\u00ea precisa para desenvolver carreiras e transformar sua vida profissional","potentialAction":[{"@type":"SearchAction","target":{"@type":"EntryPoint","urlTemplate":"https:\/\/www.ciadetalentos.com.br\/blog\/?s={search_term_string}"},"query-input":"required name=search_term_string"}],"inLanguage":"pt-BR"},{"@type":"Person","@id":"https:\/\/www.ciadetalentos.com.br\/blog\/#\/schema\/person\/1f11df039f9195a4b29e0aadcf676d7f","name":"giomaz","image":{"@type":"ImageObject","inLanguage":"pt-BR","@id":"https:\/\/www.ciadetalentos.com.br\/blog\/#\/schema\/person\/image\/","url":"https:\/\/secure.gravatar.com\/avatar\/ec9131581307470688d2758db09a3f14?s=96&d=mm&r=g","contentUrl":"https:\/\/secure.gravatar.com\/avatar\/ec9131581307470688d2758db09a3f14?s=96&d=mm&r=g","caption":"giomaz"},"url":"https:\/\/www.ciadetalentos.com.br\/blog\/author\/giomaz\/"}]}},"_links":{"self":[{"href":"https:\/\/www.ciadetalentos.com.br\/blog\/wp-json\/wp\/v2\/posts\/2031"}],"collection":[{"href":"https:\/\/www.ciadetalentos.com.br\/blog\/wp-json\/wp\/v2\/posts"}],"about":[{"href":"https:\/\/www.ciadetalentos.com.br\/blog\/wp-json\/wp\/v2\/types\/post"}],"author":[{"embeddable":true,"href":"https:\/\/www.ciadetalentos.com.br\/blog\/wp-json\/wp\/v2\/users\/7"}],"replies":[{"embeddable":true,"href":"https:\/\/www.ciadetalentos.com.br\/blog\/wp-json\/wp\/v2\/comments?post=2031"}],"version-history":[{"count":4,"href":"https:\/\/www.ciadetalentos.com.br\/blog\/wp-json\/wp\/v2\/posts\/2031\/revisions"}],"predecessor-version":[{"id":5283,"href":"https:\/\/www.ciadetalentos.com.br\/blog\/wp-json\/wp\/v2\/posts\/2031\/revisions\/5283"}],"wp:featuredmedia":[{"embeddable":true,"href":"https:\/\/www.ciadetalentos.com.br\/blog\/wp-json\/wp\/v2\/media\/2184"}],"wp:attachment":[{"href":"https:\/\/www.ciadetalentos.com.br\/blog\/wp-json\/wp\/v2\/media?parent=2031"}],"wp:term":[{"taxonomy":"category","embeddable":true,"href":"https:\/\/www.ciadetalentos.com.br\/blog\/wp-json\/wp\/v2\/categories?post=2031"},{"taxonomy":"post_tag","embeddable":true,"href":"https:\/\/www.ciadetalentos.com.br\/blog\/wp-json\/wp\/v2\/tags?post=2031"}],"curies":[{"name":"wp","href":"https:\/\/api.w.org\/{rel}","templated":true}]}}