{"id":2089,"date":"2017-11-28T13:54:43","date_gmt":"2017-11-28T15:54:43","guid":{"rendered":"http:\/\/cia.agenciasimplie.com.co\/blogcia\/?p=2089"},"modified":"2023-08-14T15:36:49","modified_gmt":"2023-08-14T18:36:49","slug":"conheca-os-6-alicerces-da-marca-empregadora","status":"publish","type":"post","link":"https:\/\/www.ciadetalentos.com.br\/blog\/conheca-os-6-alicerces-da-marca-empregadora\/","title":{"rendered":"Conhe\u00e7a os 6 Alicerces da marca empregadora"},"content":{"rendered":"<p>J\u00e1 falamos sobre como fazer uma<a href=\"http:\/\/www.grupociadetalentos.com.br\/br\/conteudo\/marca-empregadora-desvendando-a-matrix\" target=\"_blank\" rel=\"noopener noreferrer\" data-cke-saved-href=\"http:\/\/www.grupociadetalentos.com.br\/br\/conteudo\/marca-empregadora-desvendando-a-matrix\">\u00a0gest\u00e3o eficiente da marca empregadora<\/a>. Por\u00e9m, uma quest\u00e3o anterior e importante \u00e9 o que sustenta o\u00a0<em>Employer Branding<\/em>\u00a0de uma organiza\u00e7\u00e3o, quais os alicerces fundamentais para isso. Para que uma empresa trabalhe sua marca empregadora de maneira sustent\u00e1vel \u00e9 preciso ter clareza sobre a cultura organizacional e a proposta de valor aos colaboradores (<em>EVP: employee value proposition<\/em>).<\/p>\n<p>Comp\u00f5em a\u00a0<strong>cultura organizacional<\/strong>:<\/p>\n<h5><strong>ATRIBUTOS VIS\u00cdVEIS:<\/strong><\/h5>\n<p>Tudo o que podemos ver nesta organiza\u00e7\u00e3o, por exemplo, como as pessoas se vestem, interagem, como \u00e9 seu ambiente e clima, etc. Em uma startup, voc\u00ea n\u00e3o vai encontrar pessoas em salas isoladas, sem trocar informa\u00e7\u00e3o com ningu\u00e9m ou vestindo aquele terno italiano (pelo menos, n\u00e3o no dia a dia);<\/p>\n<h5><strong>CREN\u00c7AS E VALORES:<\/strong><\/h5>\n<p>Quais s\u00e3o os h\u00e1bitos daquela organiza\u00e7\u00e3o, no que ela acredita e quais os valores que definem sua forma de pensar e de agir. Aqui, na Cia de Talentos, um de nossos valores \u00e9 a paix\u00e3o, ou seja, n\u00e3o fica aqui quem n\u00e3o for maluco por talentos e suas hist\u00f3rias.<\/p>\n<h5><strong>PRESSUPOSTOS B\u00c1SICOS:\u00a0<\/strong><\/h5>\n<p>Aquilo que \u00e9 porque \u00e9, ou seja, o que acontece comumente sem explica\u00e7\u00e3o, simplesmente porque \u00e9 assim. Existem empresas que cuidam muito de sua gente, tem preocupa\u00e7\u00e3o sincera e acompanham, por exemplo, sua sa\u00fade, o crescimento dos filhos, etc. N\u00e3o \u00e9 uma regra, simplesmente \u00e9 seu jeito de ser.<\/p>\n<p>Faz parte da\u00a0<strong>proposta de valor aos colaboradores:<\/strong><\/p>\n<h5><strong>POL\u00cdTICAS, PROCESSOS E PR\u00c1TICAS: <\/strong><\/h5>\n<p>Todos os atributos que podem determinar motivos para que a organiza\u00e7\u00e3o seja desejada pelos profissionais, raz\u00f5es pelas quais seus colaboradores est\u00e3o ali e pretendem ficar, o porqu\u00ea recomendariam a empresa para um amigo. Isso tudo vai desde remunera\u00e7\u00e3o, benef\u00edcios at\u00e9 o programa de desenvolvimento ou plano de sucess\u00e3o, por exemplo.<\/p>\n<h5><strong>FA\u00c7A O QUE EU DIGO E FA\u00c7O:\u00a0<\/strong><\/h5>\n<p>A organiza\u00e7\u00e3o deve viver seu jeito de ser em todas as suas intera\u00e7\u00f5es, para gerar confian\u00e7a e credibilidade entre seus colaboradores. N\u00e3o adianta ter uma pol\u00edtica incr\u00edvel de gest\u00e3o de pessoas se ela n\u00e3o for v\u00e1lida para todos, n\u00e3o \u00e9 mesmo?<\/p>\n<h5><strong>LIDERAN\u00c7A COMO EXEMPLO:\u00a0<\/strong><\/h5>\n<p>L\u00edderes engajados em garantir que essas pr\u00e1ticas sejam realidade d\u00e3o o senso de pertencimento aos colaboradores que ser\u00e3o os melhores \u201cembaixadores\u201d de sua organiza\u00e7\u00e3o.<\/p>\n<p>Resumindo: EVP \u00e9 tudo que comp\u00f5e a experi\u00eancia de um colaborador com uma organiza\u00e7\u00e3o.<\/p>\n<p>Fazendo o cruzamento destes dois pilares, temos todos os insumos que v\u00e3o viabilizar e sustentar o\u00a0<em>Employer Branding<\/em>, j\u00e1 que ele \u00e9, em ess\u00eancia, a reputa\u00e7\u00e3o de uma organiza\u00e7\u00e3o como empregadora e influencia esta percep\u00e7\u00e3o em potenciais talentos.<\/p>\n<p>Com este grande mapeamento, \u00e9 poss\u00edvel desenhar a estrat\u00e9gia de\u00a0<em>Employer Branding<\/em>, entendendo \u201co que\u201d comunicar aos futuros talentos interessados na organiza\u00e7\u00e3o, garantindo que haja coer\u00eancia e, portanto, sustentabilidade ao longo do tempo.<\/p>\n<p>No pr\u00f3ximo artigo, vamos falar sobre ativa\u00e7\u00e3o da marca empregadora. At\u00e9 l\u00e1!<\/p>\n<p><em><strong>Ligia Oliveira \u00e9 Consultora na Cia de Talentos e atua em projetos de marca empregadora e no projeto Jornada para o Futuro!<\/strong><\/em><\/p>\n","protected":false},"excerpt":{"rendered":"<p>J\u00e1 falamos sobre como fazer uma\u00a0gest\u00e3o eficiente da marca empregadora. Por\u00e9m, uma quest\u00e3o anterior&hellip;<\/p>\n","protected":false},"author":7,"featured_media":2164,"comment_status":"open","ping_status":"open","sticky":false,"template":"","format":"standard","meta":{"footnotes":""},"categories":[25],"tags":[95,62,70,44,28,57,100,45],"yoast_head":"<!-- This site is optimized with the Yoast SEO plugin v22.5 - https:\/\/yoast.com\/wordpress\/plugins\/seo\/ -->\n<title>Conhe\u00e7a os 6 Alicerces da marca empregadora - Blog Cia de Talentos<\/title>\n<meta name=\"description\" content=\"Conhe\u00e7a os 6 alicerces fundamentais da marca empregadora que uma empresa deve trabalhar de forma sustent\u00e1vel.\" \/>\n<meta name=\"robots\" content=\"index, follow, max-snippet:-1, max-image-preview:large, max-video-preview:-1\" \/>\n<link rel=\"canonical\" href=\"https:\/\/www.ciadetalentos.com.br\/blog\/conheca-os-6-alicerces-da-marca-empregadora\/\" \/>\n<meta property=\"og:locale\" content=\"pt_BR\" \/>\n<meta property=\"og:type\" content=\"article\" \/>\n<meta property=\"og:title\" content=\"Conhe\u00e7a os 6 Alicerces da marca empregadora - Blog Cia de Talentos\" \/>\n<meta property=\"og:description\" content=\"Conhe\u00e7a os 6 alicerces fundamentais da marca empregadora que uma empresa deve trabalhar de forma sustent\u00e1vel.\" \/>\n<meta property=\"og:url\" content=\"https:\/\/www.ciadetalentos.com.br\/blog\/conheca-os-6-alicerces-da-marca-empregadora\/\" \/>\n<meta property=\"og:site_name\" content=\"Blog Cia de Talentos\" \/>\n<meta property=\"article:published_time\" content=\"2017-11-28T15:54:43+00:00\" \/>\n<meta property=\"article:modified_time\" content=\"2023-08-14T18:36:49+00:00\" \/>\n<meta property=\"og:image\" content=\"https:\/\/www.ciadetalentos.com.br\/blog\/wp-content\/uploads\/sites\/7\/2019\/06\/mulher-feliz-trabalhando.jpg\" \/>\n\t<meta property=\"og:image:width\" content=\"720\" \/>\n\t<meta property=\"og:image:height\" content=\"542\" \/>\n\t<meta property=\"og:image:type\" content=\"image\/jpeg\" \/>\n<meta name=\"author\" content=\"giomaz\" \/>\n<meta name=\"twitter:card\" content=\"summary_large_image\" \/>\n<meta name=\"twitter:label1\" content=\"Escrito por\" \/>\n\t<meta name=\"twitter:data1\" content=\"giomaz\" \/>\n\t<meta name=\"twitter:label2\" content=\"Est. tempo de leitura\" \/>\n\t<meta name=\"twitter:data2\" content=\"3 minutos\" \/>\n<script type=\"application\/ld+json\" class=\"yoast-schema-graph\">{\"@context\":\"https:\/\/schema.org\",\"@graph\":[{\"@type\":\"WebPage\",\"@id\":\"https:\/\/www.ciadetalentos.com.br\/blog\/conheca-os-6-alicerces-da-marca-empregadora\/\",\"url\":\"https:\/\/www.ciadetalentos.com.br\/blog\/conheca-os-6-alicerces-da-marca-empregadora\/\",\"name\":\"Conhe\u00e7a os 6 Alicerces da marca empregadora - Blog Cia de Talentos\",\"isPartOf\":{\"@id\":\"https:\/\/www.ciadetalentos.com.br\/blog\/#website\"},\"primaryImageOfPage\":{\"@id\":\"https:\/\/www.ciadetalentos.com.br\/blog\/conheca-os-6-alicerces-da-marca-empregadora\/#primaryimage\"},\"image\":{\"@id\":\"https:\/\/www.ciadetalentos.com.br\/blog\/conheca-os-6-alicerces-da-marca-empregadora\/#primaryimage\"},\"thumbnailUrl\":\"https:\/\/www.ciadetalentos.com.br\/blog\/wp-content\/uploads\/sites\/7\/2019\/06\/mulher-feliz-trabalhando.jpg\",\"datePublished\":\"2017-11-28T15:54:43+00:00\",\"dateModified\":\"2023-08-14T18:36:49+00:00\",\"author\":{\"@id\":\"https:\/\/www.ciadetalentos.com.br\/blog\/#\/schema\/person\/1f11df039f9195a4b29e0aadcf676d7f\"},\"description\":\"Conhe\u00e7a os 6 alicerces fundamentais da marca empregadora que uma empresa deve trabalhar de forma sustent\u00e1vel.\",\"breadcrumb\":{\"@id\":\"https:\/\/www.ciadetalentos.com.br\/blog\/conheca-os-6-alicerces-da-marca-empregadora\/#breadcrumb\"},\"inLanguage\":\"pt-BR\",\"potentialAction\":[{\"@type\":\"ReadAction\",\"target\":[\"https:\/\/www.ciadetalentos.com.br\/blog\/conheca-os-6-alicerces-da-marca-empregadora\/\"]}]},{\"@type\":\"ImageObject\",\"inLanguage\":\"pt-BR\",\"@id\":\"https:\/\/www.ciadetalentos.com.br\/blog\/conheca-os-6-alicerces-da-marca-empregadora\/#primaryimage\",\"url\":\"https:\/\/www.ciadetalentos.com.br\/blog\/wp-content\/uploads\/sites\/7\/2019\/06\/mulher-feliz-trabalhando.jpg\",\"contentUrl\":\"https:\/\/www.ciadetalentos.com.br\/blog\/wp-content\/uploads\/sites\/7\/2019\/06\/mulher-feliz-trabalhando.jpg\",\"width\":720,\"height\":542,\"caption\":\"Conhe\u00e7a os 6 Alicerces da marca empregadora\"},{\"@type\":\"BreadcrumbList\",\"@id\":\"https:\/\/www.ciadetalentos.com.br\/blog\/conheca-os-6-alicerces-da-marca-empregadora\/#breadcrumb\",\"itemListElement\":[{\"@type\":\"ListItem\",\"position\":1,\"name\":\"Home\",\"item\":\"https:\/\/www.ciadetalentos.com.br\/blog\/\"},{\"@type\":\"ListItem\",\"position\":2,\"name\":\"Conhe\u00e7a os 6 Alicerces da marca empregadora\"}]},{\"@type\":\"WebSite\",\"@id\":\"https:\/\/www.ciadetalentos.com.br\/blog\/#website\",\"url\":\"https:\/\/www.ciadetalentos.com.br\/blog\/\",\"name\":\"Blog Cia de Talentos\",\"description\":\"Descubra tudo o que voc\u00ea precisa para desenvolver carreiras e transformar sua vida profissional\",\"potentialAction\":[{\"@type\":\"SearchAction\",\"target\":{\"@type\":\"EntryPoint\",\"urlTemplate\":\"https:\/\/www.ciadetalentos.com.br\/blog\/?s={search_term_string}\"},\"query-input\":\"required name=search_term_string\"}],\"inLanguage\":\"pt-BR\"},{\"@type\":\"Person\",\"@id\":\"https:\/\/www.ciadetalentos.com.br\/blog\/#\/schema\/person\/1f11df039f9195a4b29e0aadcf676d7f\",\"name\":\"giomaz\",\"image\":{\"@type\":\"ImageObject\",\"inLanguage\":\"pt-BR\",\"@id\":\"https:\/\/www.ciadetalentos.com.br\/blog\/#\/schema\/person\/image\/\",\"url\":\"https:\/\/secure.gravatar.com\/avatar\/ec9131581307470688d2758db09a3f14?s=96&d=mm&r=g\",\"contentUrl\":\"https:\/\/secure.gravatar.com\/avatar\/ec9131581307470688d2758db09a3f14?s=96&d=mm&r=g\",\"caption\":\"giomaz\"},\"url\":\"https:\/\/www.ciadetalentos.com.br\/blog\/author\/giomaz\/\"}]}<\/script>\n<!-- \/ Yoast SEO plugin. -->","yoast_head_json":{"title":"Conhe\u00e7a os 6 Alicerces da marca empregadora - Blog Cia de Talentos","description":"Conhe\u00e7a os 6 alicerces fundamentais da marca empregadora que uma empresa deve trabalhar de forma sustent\u00e1vel.","robots":{"index":"index","follow":"follow","max-snippet":"max-snippet:-1","max-image-preview":"max-image-preview:large","max-video-preview":"max-video-preview:-1"},"canonical":"https:\/\/www.ciadetalentos.com.br\/blog\/conheca-os-6-alicerces-da-marca-empregadora\/","og_locale":"pt_BR","og_type":"article","og_title":"Conhe\u00e7a os 6 Alicerces da marca empregadora - Blog Cia de Talentos","og_description":"Conhe\u00e7a os 6 alicerces fundamentais da marca empregadora que uma empresa deve trabalhar de forma sustent\u00e1vel.","og_url":"https:\/\/www.ciadetalentos.com.br\/blog\/conheca-os-6-alicerces-da-marca-empregadora\/","og_site_name":"Blog Cia de Talentos","article_published_time":"2017-11-28T15:54:43+00:00","article_modified_time":"2023-08-14T18:36:49+00:00","og_image":[{"width":720,"height":542,"url":"https:\/\/www.ciadetalentos.com.br\/blog\/wp-content\/uploads\/sites\/7\/2019\/06\/mulher-feliz-trabalhando.jpg","type":"image\/jpeg"}],"author":"giomaz","twitter_card":"summary_large_image","twitter_misc":{"Escrito por":"giomaz","Est. tempo de leitura":"3 minutos"},"schema":{"@context":"https:\/\/schema.org","@graph":[{"@type":"WebPage","@id":"https:\/\/www.ciadetalentos.com.br\/blog\/conheca-os-6-alicerces-da-marca-empregadora\/","url":"https:\/\/www.ciadetalentos.com.br\/blog\/conheca-os-6-alicerces-da-marca-empregadora\/","name":"Conhe\u00e7a os 6 Alicerces da marca empregadora - Blog Cia de Talentos","isPartOf":{"@id":"https:\/\/www.ciadetalentos.com.br\/blog\/#website"},"primaryImageOfPage":{"@id":"https:\/\/www.ciadetalentos.com.br\/blog\/conheca-os-6-alicerces-da-marca-empregadora\/#primaryimage"},"image":{"@id":"https:\/\/www.ciadetalentos.com.br\/blog\/conheca-os-6-alicerces-da-marca-empregadora\/#primaryimage"},"thumbnailUrl":"https:\/\/www.ciadetalentos.com.br\/blog\/wp-content\/uploads\/sites\/7\/2019\/06\/mulher-feliz-trabalhando.jpg","datePublished":"2017-11-28T15:54:43+00:00","dateModified":"2023-08-14T18:36:49+00:00","author":{"@id":"https:\/\/www.ciadetalentos.com.br\/blog\/#\/schema\/person\/1f11df039f9195a4b29e0aadcf676d7f"},"description":"Conhe\u00e7a os 6 alicerces fundamentais da marca empregadora que uma empresa deve trabalhar de forma sustent\u00e1vel.","breadcrumb":{"@id":"https:\/\/www.ciadetalentos.com.br\/blog\/conheca-os-6-alicerces-da-marca-empregadora\/#breadcrumb"},"inLanguage":"pt-BR","potentialAction":[{"@type":"ReadAction","target":["https:\/\/www.ciadetalentos.com.br\/blog\/conheca-os-6-alicerces-da-marca-empregadora\/"]}]},{"@type":"ImageObject","inLanguage":"pt-BR","@id":"https:\/\/www.ciadetalentos.com.br\/blog\/conheca-os-6-alicerces-da-marca-empregadora\/#primaryimage","url":"https:\/\/www.ciadetalentos.com.br\/blog\/wp-content\/uploads\/sites\/7\/2019\/06\/mulher-feliz-trabalhando.jpg","contentUrl":"https:\/\/www.ciadetalentos.com.br\/blog\/wp-content\/uploads\/sites\/7\/2019\/06\/mulher-feliz-trabalhando.jpg","width":720,"height":542,"caption":"Conhe\u00e7a os 6 Alicerces da marca empregadora"},{"@type":"BreadcrumbList","@id":"https:\/\/www.ciadetalentos.com.br\/blog\/conheca-os-6-alicerces-da-marca-empregadora\/#breadcrumb","itemListElement":[{"@type":"ListItem","position":1,"name":"Home","item":"https:\/\/www.ciadetalentos.com.br\/blog\/"},{"@type":"ListItem","position":2,"name":"Conhe\u00e7a os 6 Alicerces da marca empregadora"}]},{"@type":"WebSite","@id":"https:\/\/www.ciadetalentos.com.br\/blog\/#website","url":"https:\/\/www.ciadetalentos.com.br\/blog\/","name":"Blog Cia de Talentos","description":"Descubra tudo o que voc\u00ea precisa para desenvolver carreiras e transformar sua vida profissional","potentialAction":[{"@type":"SearchAction","target":{"@type":"EntryPoint","urlTemplate":"https:\/\/www.ciadetalentos.com.br\/blog\/?s={search_term_string}"},"query-input":"required name=search_term_string"}],"inLanguage":"pt-BR"},{"@type":"Person","@id":"https:\/\/www.ciadetalentos.com.br\/blog\/#\/schema\/person\/1f11df039f9195a4b29e0aadcf676d7f","name":"giomaz","image":{"@type":"ImageObject","inLanguage":"pt-BR","@id":"https:\/\/www.ciadetalentos.com.br\/blog\/#\/schema\/person\/image\/","url":"https:\/\/secure.gravatar.com\/avatar\/ec9131581307470688d2758db09a3f14?s=96&d=mm&r=g","contentUrl":"https:\/\/secure.gravatar.com\/avatar\/ec9131581307470688d2758db09a3f14?s=96&d=mm&r=g","caption":"giomaz"},"url":"https:\/\/www.ciadetalentos.com.br\/blog\/author\/giomaz\/"}]}},"_links":{"self":[{"href":"https:\/\/www.ciadetalentos.com.br\/blog\/wp-json\/wp\/v2\/posts\/2089"}],"collection":[{"href":"https:\/\/www.ciadetalentos.com.br\/blog\/wp-json\/wp\/v2\/posts"}],"about":[{"href":"https:\/\/www.ciadetalentos.com.br\/blog\/wp-json\/wp\/v2\/types\/post"}],"author":[{"embeddable":true,"href":"https:\/\/www.ciadetalentos.com.br\/blog\/wp-json\/wp\/v2\/users\/7"}],"replies":[{"embeddable":true,"href":"https:\/\/www.ciadetalentos.com.br\/blog\/wp-json\/wp\/v2\/comments?post=2089"}],"version-history":[{"count":3,"href":"https:\/\/www.ciadetalentos.com.br\/blog\/wp-json\/wp\/v2\/posts\/2089\/revisions"}],"predecessor-version":[{"id":2613,"href":"https:\/\/www.ciadetalentos.com.br\/blog\/wp-json\/wp\/v2\/posts\/2089\/revisions\/2613"}],"wp:featuredmedia":[{"embeddable":true,"href":"https:\/\/www.ciadetalentos.com.br\/blog\/wp-json\/wp\/v2\/media\/2164"}],"wp:attachment":[{"href":"https:\/\/www.ciadetalentos.com.br\/blog\/wp-json\/wp\/v2\/media?parent=2089"}],"wp:term":[{"taxonomy":"category","embeddable":true,"href":"https:\/\/www.ciadetalentos.com.br\/blog\/wp-json\/wp\/v2\/categories?post=2089"},{"taxonomy":"post_tag","embeddable":true,"href":"https:\/\/www.ciadetalentos.com.br\/blog\/wp-json\/wp\/v2\/tags?post=2089"}],"curies":[{"name":"wp","href":"https:\/\/api.w.org\/{rel}","templated":true}]}}