{"id":2219,"date":"2019-07-02T15:50:14","date_gmt":"2019-07-02T18:50:14","guid":{"rendered":"https:\/\/portalgct.atsglobe.com\/blog\/?p=2219"},"modified":"2022-05-10T18:48:37","modified_gmt":"2022-05-10T21:48:37","slug":"passo-a-passo-como-preparar-um-curriculo-e-o-que-escrever","status":"publish","type":"post","link":"https:\/\/www.ciadetalentos.com.br\/blog\/passo-a-passo-como-preparar-um-curriculo-e-o-que-escrever\/","title":{"rendered":"Passo a passo: Como preparar um curr\u00edculo e o que escrever nele"},"content":{"rendered":"<p>N\u00e3o importa se voc\u00ea est\u00e1 no in\u00edcio da sua carreira ou buscando uma recoloca\u00e7\u00e3o no mercado. Chegou a hora de contarmos para voc\u00ea como preparar um curr\u00edculo \u2013 passo a passo e de forma muito pr\u00e1tica.<\/p>\n<p>Veja a seguir quais informa\u00e7\u00f5es voc\u00ea deve colocar em cada campo do seu curr\u00edculo e a melhor forma de preencher cada um deles.<\/p>\n<h3><strong>Dados pessoais e informa\u00e7\u00f5es de contato<\/strong><\/h3>\n<p>Todo e qualquer curr\u00edculo deve dar destaque ao seu nome, pois \u00e9 sobre voc\u00ea que aquele documento fala. Logo ap\u00f3s o seu nome, coloque sua idade (ou data de nascimento), endere\u00e7o e seus dados para contato (telefone, celular e e-mail). Lembre-se de manter estes dados sempre atualizados.<\/p>\n<p>&nbsp;<\/p>\n<h3><strong>Objetivo<\/strong><\/h3>\n<p>Voc\u00ea j\u00e1 tem um objetivo profissional? Sabe em qual \u00e1rea voc\u00ea quer tentar uma vaga? Se sim, escreva seu objetivo em, no m\u00e1ximo, uma linha. Caso esteja em in\u00edcio de carreira e n\u00e3o saiba muito ainda qual \u00e9 seu objetivo, a sugest\u00e3o \u00e9 n\u00e3o incluir este campo no curr\u00edculo para que ele n\u00e3o fique muito, muito evasivo, ou seja, \u201cmais do mesmo\u201d. Seja objetivo e n\u00e3o apenas se coloque \u00e0 disposi\u00e7\u00e3o da empresa \u2013 pois para quem n\u00e3o sabe o que quer, qualquer lugar serve, e isto pode dizer muito sobre seu perfil.<\/p>\n<p>&nbsp;<\/p>\n<h3><strong>Forma\u00e7\u00e3o<\/strong><\/h3>\n<p>Este \u00e9 o campo no seu curr\u00edculo em que voc\u00ea preencher\u00e1 sua forma\u00e7\u00e3o escolar ou acad\u00eamica. Se voc\u00ea j\u00e1 se formou na faculdade, preencha com o nome da institui\u00e7\u00e3o de ensino, seu curso, m\u00eas e ano de conclus\u00e3o. Caso voc\u00ea ainda est\u00e1 na faculdade, preencha da mesma forma e a data prevista para t\u00e9rmino do curso. No caso de voc\u00ea j\u00e1 ter cursado ou estar cursando o ensino superior, n\u00e3o se preocupe em preencher informa\u00e7\u00f5es sobre seu ensino m\u00e9dio.<\/p>\n<p>Se voc\u00ea ainda n\u00e3o est\u00e1 na universidade e j\u00e1 est\u00e1 buscando vagas de trabalho, coloque seu grau de escolaridade (\u201cEnsino M\u00e9dio \u2013 Cursando\u201d ou \u201cEnsino M\u00e9dio \u2013 Conclu\u00eddo\u201d, por exemplo). E se voc\u00ea j\u00e1 est\u00e1 um passo \u00e0 frente, fazendo uma p\u00f3s-gradua\u00e7\u00e3o ou um curso de extens\u00e3o, acrescente esta informa\u00e7\u00e3o.<\/p>\n<p>Algumas pessoas come\u00e7am uma faculdade e mudam no meio do caminho e, muitas vezes, para um curso bem diferente. Se este \u00e9 o seu caso, a dica \u00e9: coloque os dois cursos no curr\u00edculo. Mas tenha em mente que voc\u00ea pode ser questionado sobre isso em uma poss\u00edvel entrevista. Ent\u00e3o, saiba justificar o que motivou a mudan\u00e7a e as raz\u00f5es que te levaram a escolher ambos os cursos.<\/p>\n<p>&nbsp;<\/p>\n<h3><strong>Experi\u00eancias<\/strong><\/h3>\n<p>Como o pr\u00f3prio subt\u00edtulo diz, neste campo voc\u00ea dever\u00e1 preencher suas experi\u00eancias. Se voc\u00ea j\u00e1 trabalhou e tem experi\u00eancias profissionais na sua bagagem, coloque-as da mais recente para a mais antiga, destacando o local onde trabalhou (nome da organiza\u00e7\u00e3o), o per\u00edodo (de quando a quando), seu cargo e, em duas ou tr\u00eas linhas, suas principais fun\u00e7\u00f5es nesta experi\u00eancia.<\/p>\n<p>Caso voc\u00ea esteja em in\u00edcio de carreira e ainda n\u00e3o teve experi\u00eancias profissionais, escreva sobre outras experi\u00eancias relevantes que voc\u00ea possa ter tido: vale trabalho volunt\u00e1rio, viv\u00eancias extracurriculares (empresa j\u00fanior, atl\u00e9tica, comiss\u00e3o de formatura, centro acad\u00eamico, participa\u00e7\u00e3o em congressos, palestras, organiza\u00e7\u00e3o de eventos, entre outros).<\/p>\n<p>&nbsp;<\/p>\n<h3><strong>I<\/strong><strong>diomas<\/strong><\/h3>\n<p>Aqui basta colocar o idioma que voc\u00ea tem conhecimento e o n\u00edvel como, por exemplo, \u201cIngl\u00eas \u2013 N\u00edvel Intermedi\u00e1rio\u201d. Lembre-se de ser sincero ao preencher as informa\u00e7\u00f5es no curr\u00edculo. O seu conhecimento do idioma pode ser testado durante o processo seletivo e isso ser\u00e1 feito com base nas informa\u00e7\u00f5es que voc\u00ea incluir no curr\u00edculo.<\/p>\n<p>&nbsp;<\/p>\n<h3><strong>Outros Conhecimentos<\/strong><\/h3>\n<p>Aqui voc\u00ea pode colocar seu conhecimento em inform\u00e1tica (seu n\u00edvel de conhecimento nos programas do Pacote Office, por exemplo, ou outras ferramentas de computa\u00e7\u00e3o). Se sabe usar bem o Excel e conhece outras linguagens de programa\u00e7\u00e3o, \u00e9 neste campo que voc\u00ea incluir\u00e1 esta informa\u00e7\u00e3o tamb\u00e9m.<\/p>\n<p>Se fez algum curso espec\u00edfico da sua \u00e1rea de atua\u00e7\u00e3o, fique \u00e0 vontade para inclu\u00ed-lo aqui!<\/p>\n<p>Estes s\u00e3o os principais t\u00f3picos de um curr\u00edculo. Claro que ele pode mudar assim como seus objetivos de carreira v\u00e3o mudando e seu repert\u00f3rio profissional tamb\u00e9m. Por isso, lembre-se de, tempos em tempos, rever seu curr\u00edculo e checar se ele est\u00e1 coerente com o profissional que voc\u00ea \u00e9!<\/p>\n<p>Lu\u00eds Maur\u00edcio<br \/>\nConsultor \u2013 Cia de Talentos<\/p>\n","protected":false},"excerpt":{"rendered":"<p>N\u00e3o importa se voc\u00ea est\u00e1 no in\u00edcio da sua carreira ou buscando uma recoloca\u00e7\u00e3o&hellip;<\/p>\n","protected":false},"author":7,"featured_media":2320,"comment_status":"open","ping_status":"open","sticky":false,"template":"","format":"standard","meta":{"footnotes":""},"categories":[22],"tags":[97,181,58,57,180,132,846,119],"yoast_head":"<!-- This site is optimized with the Yoast SEO plugin v22.5 - https:\/\/yoast.com\/wordpress\/plugins\/seo\/ -->\n<title>Passo a passo: Como preparar um curr\u00edculo e o que escrever nele - Blog Cia de Talentos<\/title>\n<meta name=\"description\" content=\"Como preparar um curr\u00edculo. Chegou a hora de contarmos para voc\u00ea como preparar um curr\u00edculo \u2013 passo a passo e de forma muito pr\u00e1tica ...\" \/>\n<meta name=\"robots\" content=\"index, follow, max-snippet:-1, max-image-preview:large, max-video-preview:-1\" \/>\n<link rel=\"canonical\" href=\"https:\/\/www.ciadetalentos.com.br\/blog\/passo-a-passo-como-preparar-um-curriculo-e-o-que-escrever\/\" \/>\n<meta property=\"og:locale\" content=\"pt_BR\" \/>\n<meta property=\"og:type\" content=\"article\" \/>\n<meta property=\"og:title\" content=\"Passo a passo: Como preparar um curr\u00edculo e o que escrever nele - Blog Cia de Talentos\" \/>\n<meta property=\"og:description\" content=\"Como preparar um curr\u00edculo. Chegou a hora de contarmos para voc\u00ea como preparar um curr\u00edculo \u2013 passo a passo e de forma muito pr\u00e1tica ...\" \/>\n<meta property=\"og:url\" content=\"https:\/\/www.ciadetalentos.com.br\/blog\/passo-a-passo-como-preparar-um-curriculo-e-o-que-escrever\/\" \/>\n<meta property=\"og:site_name\" content=\"Blog Cia de Talentos\" \/>\n<meta property=\"article:published_time\" content=\"2019-07-02T18:50:14+00:00\" \/>\n<meta property=\"article:modified_time\" content=\"2022-05-10T21:48:37+00:00\" \/>\n<meta property=\"og:image\" content=\"https:\/\/www.ciadetalentos.com.br\/blog\/wp-content\/uploads\/sites\/7\/2019\/07\/Se\u0301rie_Curri\u0301culo_720x542-03-05.png\" \/>\n\t<meta property=\"og:image:width\" content=\"1501\" \/>\n\t<meta property=\"og:image:height\" content=\"1130\" \/>\n\t<meta property=\"og:image:type\" content=\"image\/png\" \/>\n<meta name=\"author\" content=\"giomaz\" \/>\n<meta name=\"twitter:card\" content=\"summary_large_image\" \/>\n<meta name=\"twitter:label1\" content=\"Escrito por\" \/>\n\t<meta name=\"twitter:data1\" content=\"giomaz\" \/>\n\t<meta name=\"twitter:label2\" content=\"Est. tempo de leitura\" \/>\n\t<meta name=\"twitter:data2\" content=\"3 minutos\" \/>\n<script type=\"application\/ld+json\" class=\"yoast-schema-graph\">{\"@context\":\"https:\/\/schema.org\",\"@graph\":[{\"@type\":\"WebPage\",\"@id\":\"https:\/\/www.ciadetalentos.com.br\/blog\/passo-a-passo-como-preparar-um-curriculo-e-o-que-escrever\/\",\"url\":\"https:\/\/www.ciadetalentos.com.br\/blog\/passo-a-passo-como-preparar-um-curriculo-e-o-que-escrever\/\",\"name\":\"Passo a passo: Como preparar um curr\u00edculo e o que escrever nele - Blog Cia de Talentos\",\"isPartOf\":{\"@id\":\"https:\/\/www.ciadetalentos.com.br\/blog\/#website\"},\"primaryImageOfPage\":{\"@id\":\"https:\/\/www.ciadetalentos.com.br\/blog\/passo-a-passo-como-preparar-um-curriculo-e-o-que-escrever\/#primaryimage\"},\"image\":{\"@id\":\"https:\/\/www.ciadetalentos.com.br\/blog\/passo-a-passo-como-preparar-um-curriculo-e-o-que-escrever\/#primaryimage\"},\"thumbnailUrl\":\"https:\/\/www.ciadetalentos.com.br\/blog\/wp-content\/uploads\/sites\/7\/2019\/07\/Se\u0301rie_Curri\u0301culo_720x542-03-05.png\",\"datePublished\":\"2019-07-02T18:50:14+00:00\",\"dateModified\":\"2022-05-10T21:48:37+00:00\",\"author\":{\"@id\":\"https:\/\/www.ciadetalentos.com.br\/blog\/#\/schema\/person\/1f11df039f9195a4b29e0aadcf676d7f\"},\"description\":\"Como preparar um curr\u00edculo. Chegou a hora de contarmos para voc\u00ea como preparar um curr\u00edculo \u2013 passo a passo e de forma muito pr\u00e1tica ...\",\"breadcrumb\":{\"@id\":\"https:\/\/www.ciadetalentos.com.br\/blog\/passo-a-passo-como-preparar-um-curriculo-e-o-que-escrever\/#breadcrumb\"},\"inLanguage\":\"pt-BR\",\"potentialAction\":[{\"@type\":\"ReadAction\",\"target\":[\"https:\/\/www.ciadetalentos.com.br\/blog\/passo-a-passo-como-preparar-um-curriculo-e-o-que-escrever\/\"]}]},{\"@type\":\"ImageObject\",\"inLanguage\":\"pt-BR\",\"@id\":\"https:\/\/www.ciadetalentos.com.br\/blog\/passo-a-passo-como-preparar-um-curriculo-e-o-que-escrever\/#primaryimage\",\"url\":\"https:\/\/www.ciadetalentos.com.br\/blog\/wp-content\/uploads\/sites\/7\/2019\/07\/Se\u0301rie_Curri\u0301culo_720x542-03-05.png\",\"contentUrl\":\"https:\/\/www.ciadetalentos.com.br\/blog\/wp-content\/uploads\/sites\/7\/2019\/07\/Se\u0301rie_Curri\u0301culo_720x542-03-05.png\",\"width\":1501,\"height\":1130,\"caption\":\"Passo a passo: Como preparar um curr\u00edculo e o que escrever nele\"},{\"@type\":\"BreadcrumbList\",\"@id\":\"https:\/\/www.ciadetalentos.com.br\/blog\/passo-a-passo-como-preparar-um-curriculo-e-o-que-escrever\/#breadcrumb\",\"itemListElement\":[{\"@type\":\"ListItem\",\"position\":1,\"name\":\"Home\",\"item\":\"https:\/\/www.ciadetalentos.com.br\/blog\/\"},{\"@type\":\"ListItem\",\"position\":2,\"name\":\"Passo a passo: Como preparar um curr\u00edculo e o que escrever nele\"}]},{\"@type\":\"WebSite\",\"@id\":\"https:\/\/www.ciadetalentos.com.br\/blog\/#website\",\"url\":\"https:\/\/www.ciadetalentos.com.br\/blog\/\",\"name\":\"Blog Cia de Talentos\",\"description\":\"Descubra tudo o que voc\u00ea precisa para desenvolver carreiras e transformar sua vida profissional\",\"potentialAction\":[{\"@type\":\"SearchAction\",\"target\":{\"@type\":\"EntryPoint\",\"urlTemplate\":\"https:\/\/www.ciadetalentos.com.br\/blog\/?s={search_term_string}\"},\"query-input\":\"required name=search_term_string\"}],\"inLanguage\":\"pt-BR\"},{\"@type\":\"Person\",\"@id\":\"https:\/\/www.ciadetalentos.com.br\/blog\/#\/schema\/person\/1f11df039f9195a4b29e0aadcf676d7f\",\"name\":\"giomaz\",\"image\":{\"@type\":\"ImageObject\",\"inLanguage\":\"pt-BR\",\"@id\":\"https:\/\/www.ciadetalentos.com.br\/blog\/#\/schema\/person\/image\/\",\"url\":\"https:\/\/secure.gravatar.com\/avatar\/ec9131581307470688d2758db09a3f14?s=96&d=mm&r=g\",\"contentUrl\":\"https:\/\/secure.gravatar.com\/avatar\/ec9131581307470688d2758db09a3f14?s=96&d=mm&r=g\",\"caption\":\"giomaz\"},\"url\":\"https:\/\/www.ciadetalentos.com.br\/blog\/author\/giomaz\/\"}]}<\/script>\n<!-- \/ Yoast SEO plugin. -->","yoast_head_json":{"title":"Passo a passo: Como preparar um curr\u00edculo e o que escrever nele - Blog Cia de Talentos","description":"Como preparar um curr\u00edculo. Chegou a hora de contarmos para voc\u00ea como preparar um curr\u00edculo \u2013 passo a passo e de forma muito pr\u00e1tica ...","robots":{"index":"index","follow":"follow","max-snippet":"max-snippet:-1","max-image-preview":"max-image-preview:large","max-video-preview":"max-video-preview:-1"},"canonical":"https:\/\/www.ciadetalentos.com.br\/blog\/passo-a-passo-como-preparar-um-curriculo-e-o-que-escrever\/","og_locale":"pt_BR","og_type":"article","og_title":"Passo a passo: Como preparar um curr\u00edculo e o que escrever nele - Blog Cia de Talentos","og_description":"Como preparar um curr\u00edculo. Chegou a hora de contarmos para voc\u00ea como preparar um curr\u00edculo \u2013 passo a passo e de forma muito pr\u00e1tica ...","og_url":"https:\/\/www.ciadetalentos.com.br\/blog\/passo-a-passo-como-preparar-um-curriculo-e-o-que-escrever\/","og_site_name":"Blog Cia de Talentos","article_published_time":"2019-07-02T18:50:14+00:00","article_modified_time":"2022-05-10T21:48:37+00:00","og_image":[{"width":1501,"height":1130,"url":"https:\/\/www.ciadetalentos.com.br\/blog\/wp-content\/uploads\/sites\/7\/2019\/07\/Se\u0301rie_Curri\u0301culo_720x542-03-05.png","type":"image\/png"}],"author":"giomaz","twitter_card":"summary_large_image","twitter_misc":{"Escrito por":"giomaz","Est. tempo de leitura":"3 minutos"},"schema":{"@context":"https:\/\/schema.org","@graph":[{"@type":"WebPage","@id":"https:\/\/www.ciadetalentos.com.br\/blog\/passo-a-passo-como-preparar-um-curriculo-e-o-que-escrever\/","url":"https:\/\/www.ciadetalentos.com.br\/blog\/passo-a-passo-como-preparar-um-curriculo-e-o-que-escrever\/","name":"Passo a passo: Como preparar um curr\u00edculo e o que escrever nele - Blog Cia de Talentos","isPartOf":{"@id":"https:\/\/www.ciadetalentos.com.br\/blog\/#website"},"primaryImageOfPage":{"@id":"https:\/\/www.ciadetalentos.com.br\/blog\/passo-a-passo-como-preparar-um-curriculo-e-o-que-escrever\/#primaryimage"},"image":{"@id":"https:\/\/www.ciadetalentos.com.br\/blog\/passo-a-passo-como-preparar-um-curriculo-e-o-que-escrever\/#primaryimage"},"thumbnailUrl":"https:\/\/www.ciadetalentos.com.br\/blog\/wp-content\/uploads\/sites\/7\/2019\/07\/Se\u0301rie_Curri\u0301culo_720x542-03-05.png","datePublished":"2019-07-02T18:50:14+00:00","dateModified":"2022-05-10T21:48:37+00:00","author":{"@id":"https:\/\/www.ciadetalentos.com.br\/blog\/#\/schema\/person\/1f11df039f9195a4b29e0aadcf676d7f"},"description":"Como preparar um curr\u00edculo. Chegou a hora de contarmos para voc\u00ea como preparar um curr\u00edculo \u2013 passo a passo e de forma muito pr\u00e1tica ...","breadcrumb":{"@id":"https:\/\/www.ciadetalentos.com.br\/blog\/passo-a-passo-como-preparar-um-curriculo-e-o-que-escrever\/#breadcrumb"},"inLanguage":"pt-BR","potentialAction":[{"@type":"ReadAction","target":["https:\/\/www.ciadetalentos.com.br\/blog\/passo-a-passo-como-preparar-um-curriculo-e-o-que-escrever\/"]}]},{"@type":"ImageObject","inLanguage":"pt-BR","@id":"https:\/\/www.ciadetalentos.com.br\/blog\/passo-a-passo-como-preparar-um-curriculo-e-o-que-escrever\/#primaryimage","url":"https:\/\/www.ciadetalentos.com.br\/blog\/wp-content\/uploads\/sites\/7\/2019\/07\/Se\u0301rie_Curri\u0301culo_720x542-03-05.png","contentUrl":"https:\/\/www.ciadetalentos.com.br\/blog\/wp-content\/uploads\/sites\/7\/2019\/07\/Se\u0301rie_Curri\u0301culo_720x542-03-05.png","width":1501,"height":1130,"caption":"Passo a passo: Como preparar um curr\u00edculo e o que escrever nele"},{"@type":"BreadcrumbList","@id":"https:\/\/www.ciadetalentos.com.br\/blog\/passo-a-passo-como-preparar-um-curriculo-e-o-que-escrever\/#breadcrumb","itemListElement":[{"@type":"ListItem","position":1,"name":"Home","item":"https:\/\/www.ciadetalentos.com.br\/blog\/"},{"@type":"ListItem","position":2,"name":"Passo a passo: Como preparar um curr\u00edculo e o que escrever nele"}]},{"@type":"WebSite","@id":"https:\/\/www.ciadetalentos.com.br\/blog\/#website","url":"https:\/\/www.ciadetalentos.com.br\/blog\/","name":"Blog Cia de Talentos","description":"Descubra tudo o que voc\u00ea precisa para desenvolver carreiras e transformar sua vida profissional","potentialAction":[{"@type":"SearchAction","target":{"@type":"EntryPoint","urlTemplate":"https:\/\/www.ciadetalentos.com.br\/blog\/?s={search_term_string}"},"query-input":"required name=search_term_string"}],"inLanguage":"pt-BR"},{"@type":"Person","@id":"https:\/\/www.ciadetalentos.com.br\/blog\/#\/schema\/person\/1f11df039f9195a4b29e0aadcf676d7f","name":"giomaz","image":{"@type":"ImageObject","inLanguage":"pt-BR","@id":"https:\/\/www.ciadetalentos.com.br\/blog\/#\/schema\/person\/image\/","url":"https:\/\/secure.gravatar.com\/avatar\/ec9131581307470688d2758db09a3f14?s=96&d=mm&r=g","contentUrl":"https:\/\/secure.gravatar.com\/avatar\/ec9131581307470688d2758db09a3f14?s=96&d=mm&r=g","caption":"giomaz"},"url":"https:\/\/www.ciadetalentos.com.br\/blog\/author\/giomaz\/"}]}},"_links":{"self":[{"href":"https:\/\/www.ciadetalentos.com.br\/blog\/wp-json\/wp\/v2\/posts\/2219"}],"collection":[{"href":"https:\/\/www.ciadetalentos.com.br\/blog\/wp-json\/wp\/v2\/posts"}],"about":[{"href":"https:\/\/www.ciadetalentos.com.br\/blog\/wp-json\/wp\/v2\/types\/post"}],"author":[{"embeddable":true,"href":"https:\/\/www.ciadetalentos.com.br\/blog\/wp-json\/wp\/v2\/users\/7"}],"replies":[{"embeddable":true,"href":"https:\/\/www.ciadetalentos.com.br\/blog\/wp-json\/wp\/v2\/comments?post=2219"}],"version-history":[{"count":9,"href":"https:\/\/www.ciadetalentos.com.br\/blog\/wp-json\/wp\/v2\/posts\/2219\/revisions"}],"predecessor-version":[{"id":4306,"href":"https:\/\/www.ciadetalentos.com.br\/blog\/wp-json\/wp\/v2\/posts\/2219\/revisions\/4306"}],"wp:featuredmedia":[{"embeddable":true,"href":"https:\/\/www.ciadetalentos.com.br\/blog\/wp-json\/wp\/v2\/media\/2320"}],"wp:attachment":[{"href":"https:\/\/www.ciadetalentos.com.br\/blog\/wp-json\/wp\/v2\/media?parent=2219"}],"wp:term":[{"taxonomy":"category","embeddable":true,"href":"https:\/\/www.ciadetalentos.com.br\/blog\/wp-json\/wp\/v2\/categories?post=2219"},{"taxonomy":"post_tag","embeddable":true,"href":"https:\/\/www.ciadetalentos.com.br\/blog\/wp-json\/wp\/v2\/tags?post=2219"}],"curies":[{"name":"wp","href":"https:\/\/api.w.org\/{rel}","templated":true}]}}