{"id":2380,"date":"2019-07-11T14:02:50","date_gmt":"2019-07-11T17:02:50","guid":{"rendered":"https:\/\/portalgct.atsglobe.com\/blog\/?p=2380"},"modified":"2023-08-17T18:48:56","modified_gmt":"2023-08-17T21:48:56","slug":"curriculo-5-pontos-que-saltam-aos-olhos-dos-recrutadores","status":"publish","type":"post","link":"https:\/\/www.ciadetalentos.com.br\/blog\/curriculo-5-pontos-que-saltam-aos-olhos-dos-recrutadores\/","title":{"rendered":"Curr\u00edculo: 5 Pontos que saltam aos olhos de quem recruta talentos"},"content":{"rendered":"<p>Quando vamos montar um curr\u00edculo, a primeira pergunta que vem na nossa cabe\u00e7a \u00e9: O que eu fa\u00e7o para que o meu CV se destaque entre as dezenas (e at\u00e9 centenas) de outros?<\/p>\n<p>Por isso, conversamos com a consultora da Cia de Talentos Gabriela Cruvinel, que falou sobre quais s\u00e3o os erros e acertos que saltam aos olhos de quem recruta talentos.<\/p>\n<h3><strong>Curr\u00edculo com Informa\u00e7\u00f5es incoerentes <\/strong>?<\/h3>\n<p>\u00c9 sempre importante lembrar que o curr\u00edculo \u00e9 um documento que deve contar, resumidamente, que profissional voc\u00ea \u00e9. Ele \u00e9 o seu cart\u00e3o de visitas e o respons\u00e1vel por deixar as primeiras impress\u00f5es sobre voc\u00ea em quem est\u00e1 lendo.<\/p>\n<p>Erros de portugu\u00eas, de concord\u00e2ncia e informa\u00e7\u00f5es incoerentes saltam aos olhos de quem lida com recrutamento e sele\u00e7\u00e3o. Portanto, cuidado ao colocar datas e informa\u00e7\u00f5es mal explicadas. Falta de informa\u00e7\u00e3o de contato ou da sua forma\u00e7\u00e3o acad\u00eamica tamb\u00e9m podem fazer com que o seu curr\u00edculo seja descartado rapidamente.<\/p>\n<h3><strong>Experi\u00eancias pessoais\/acad\u00eamicas <\/strong>?<\/h3>\n<p>Se voc\u00ea est\u00e1 buscando um est\u00e1gio ou trainee e ainda n\u00e3o teve nenhuma experi\u00eancia profissional, n\u00e3o se desespere. O seu curr\u00edculo n\u00e3o vai ficar \u201cvazio.\u201d<\/p>\n<p>Trabalhos volunt\u00e1rios, na igreja, no neg\u00f3cio da fam\u00edlia (incluindo experi\u00eancia durante as f\u00e9rias), participa\u00e7\u00e3o em congressos, pesquisas, monitorias, tudo isso conta! E n\u00e3o esque\u00e7a das suas experi\u00eancias acad\u00eamicas e dos projetos que voc\u00ea j\u00e1 participou, inclusive os pessoais.<\/p>\n<p>\u201cToda situa\u00e7\u00e3o que promoveu algum desenvolvimento pode ser contada no curr\u00edculo. Escolha aquelas que realmente te deram mais repert\u00f3rio e que podem ser exploradas em uma entrevista. Vale contar sobre inicia\u00e7\u00e3o cient\u00edfica, Centro Acad\u00eamico, Empresa J\u00fanior e Competi\u00e7\u00f5es Acad\u00eamicas\u201d, comenta Gabriela.<\/p>\n<h3><strong>Informa\u00e7\u00f5es desorganizadas <\/strong>?<\/h3>\n<p>Se o seu curr\u00edculo est\u00e1 todo desorganizado, a impress\u00e3o que passa \u00e9 que voc\u00ea \u00e9 uma pessoa desleixada. \u201cA primeira impress\u00e3o ainda \u00e9 a que fica. Por isso, um curr\u00edculo bonito esteticamente pode \u2018acrescentar pontos\u2019 a quem est\u00e1 se candidatando em algum processo\u201d, explica Gabriela.<\/p>\n<p>Al\u00e9m disso, a bagun\u00e7a pode atrapalhar na hora da busca das informa\u00e7\u00f5es essenciais sobre voc\u00ea. As dicas da consultora de carreira s\u00e3o: Capriche no texto, na organiza\u00e7\u00e3o das informa\u00e7\u00f5es e na revis\u00e3o gramatical.<\/p>\n<h3><strong>Atende aos requisitos da vaga<\/strong> ?<\/h3>\n<p>T\u00e3o ruim quanto (ou pior que) um curr\u00edculo desorganizado, \u00e9 um curr\u00edculo desatualizado. Esquecer de algum dado relevante para a vaga que voc\u00ea est\u00e1 buscando pode colocar tudo a perder.<\/p>\n<p>\u201cA primeira coisa que costumamos checar \u00e9 se aquela pessoa tem os pr\u00e9-requisitos da posi\u00e7\u00e3o (curso e previs\u00e3o de t\u00e9rmino, por exemplo). Por isso, sempre que se aplicar para algum processo seletivo, \u00e9 importante dar aquela revisada no curr\u00edculo e ter certeza que est\u00e1 tudo atualizado e f\u00e1cil de compreender\u201d, ensina a consultora de carreira.<\/p>\n<h3><strong>Curr\u00edculo feito de forma bem pensada<\/strong><strong> ?<\/strong><\/h3>\n<p>O curr\u00edculo sempre chega antes de voc\u00ea. Por isso, ele precisa causar uma boa primeira impress\u00e3o. \u201cPerceber que o CV foi constru\u00eddo de forma cuidadosa, pensada, faz toda diferen\u00e7a\u201d, explica a consultora de carreira.<\/p>\n<p>Agora \u00e9 a hora de colocar tudo em pr\u00e1tica. Dedique um tempo ao seu curr\u00edculo, escreva, reescreva e o atualize sempre que for necess\u00e1rio. Coloque tudo o que \u00e9 importante e relevante para a sua vida profissional e jamais minta ou \u201caumente\u201d as coisas.<\/p>\n<p>\u201cA constru\u00e7\u00e3o do seu curr\u00edculo pode ser uma \u00f3tima oportunidade para refletir sobre sua trajet\u00f3ria, pensar sobre tudo o que j\u00e1 viveu de muito legal e, se sentir falta de alguma coisa, pode ser o ponta p\u00e9 inicial para buscar esse desenvolvimento\u201d, finaliza Gabriela Cruvinel.<\/p>\n","protected":false},"excerpt":{"rendered":"<p>Quando vamos montar um curr\u00edculo, a primeira pergunta que vem na nossa cabe\u00e7a \u00e9:&hellip;<\/p>\n","protected":false},"author":7,"featured_media":2381,"comment_status":"open","ping_status":"open","sticky":false,"template":"","format":"standard","meta":{"footnotes":""},"categories":[20],"tags":[75,97,57,182,143,132,846],"yoast_head":"<!-- This site is optimized with the Yoast SEO plugin v22.5 - https:\/\/yoast.com\/wordpress\/plugins\/seo\/ -->\n<title>Curr\u00edculo: 5 Pontos que saltam aos olhos de quem recruta talentos - Blog Cia de Talentos<\/title>\n<meta name=\"description\" content=\"Confira os cinco pontos que saltam aos olhos dos recrutadores, uma d\u00favida comum de quem participa dos processos seletivos.\" \/>\n<meta name=\"robots\" content=\"index, follow, max-snippet:-1, max-image-preview:large, max-video-preview:-1\" \/>\n<link rel=\"canonical\" href=\"https:\/\/www.ciadetalentos.com.br\/blog\/curriculo-5-pontos-que-saltam-aos-olhos-dos-recrutadores\/\" \/>\n<meta property=\"og:locale\" content=\"pt_BR\" \/>\n<meta property=\"og:type\" content=\"article\" \/>\n<meta property=\"og:title\" content=\"Curr\u00edculo: 5 Pontos que saltam aos olhos de quem recruta talentos - Blog Cia de Talentos\" \/>\n<meta property=\"og:description\" content=\"Confira os cinco pontos que saltam aos olhos dos recrutadores, uma d\u00favida comum de quem participa dos processos seletivos.\" \/>\n<meta property=\"og:url\" content=\"https:\/\/www.ciadetalentos.com.br\/blog\/curriculo-5-pontos-que-saltam-aos-olhos-dos-recrutadores\/\" \/>\n<meta property=\"og:site_name\" content=\"Blog Cia de Talentos\" \/>\n<meta property=\"article:published_time\" content=\"2019-07-11T17:02:50+00:00\" \/>\n<meta property=\"article:modified_time\" content=\"2023-08-17T21:48:56+00:00\" \/>\n<meta property=\"og:image\" content=\"https:\/\/www.ciadetalentos.com.br\/blog\/wp-content\/uploads\/sites\/7\/2019\/07\/Se\u0301rie_Curri\u0301culo_720x542-05.png\" \/>\n\t<meta property=\"og:image:width\" content=\"1501\" \/>\n\t<meta property=\"og:image:height\" content=\"1130\" \/>\n\t<meta property=\"og:image:type\" content=\"image\/png\" \/>\n<meta name=\"author\" content=\"giomaz\" \/>\n<meta name=\"twitter:card\" content=\"summary_large_image\" \/>\n<meta name=\"twitter:label1\" content=\"Escrito por\" \/>\n\t<meta name=\"twitter:data1\" content=\"giomaz\" \/>\n\t<meta name=\"twitter:label2\" content=\"Est. tempo de leitura\" \/>\n\t<meta name=\"twitter:data2\" content=\"4 minutos\" \/>\n<script type=\"application\/ld+json\" class=\"yoast-schema-graph\">{\"@context\":\"https:\/\/schema.org\",\"@graph\":[{\"@type\":\"WebPage\",\"@id\":\"https:\/\/www.ciadetalentos.com.br\/blog\/curriculo-5-pontos-que-saltam-aos-olhos-dos-recrutadores\/\",\"url\":\"https:\/\/www.ciadetalentos.com.br\/blog\/curriculo-5-pontos-que-saltam-aos-olhos-dos-recrutadores\/\",\"name\":\"Curr\u00edculo: 5 Pontos que saltam aos olhos de quem recruta talentos - Blog Cia de Talentos\",\"isPartOf\":{\"@id\":\"https:\/\/www.ciadetalentos.com.br\/blog\/#website\"},\"primaryImageOfPage\":{\"@id\":\"https:\/\/www.ciadetalentos.com.br\/blog\/curriculo-5-pontos-que-saltam-aos-olhos-dos-recrutadores\/#primaryimage\"},\"image\":{\"@id\":\"https:\/\/www.ciadetalentos.com.br\/blog\/curriculo-5-pontos-que-saltam-aos-olhos-dos-recrutadores\/#primaryimage\"},\"thumbnailUrl\":\"https:\/\/www.ciadetalentos.com.br\/blog\/wp-content\/uploads\/sites\/7\/2019\/07\/Se\u0301rie_Curri\u0301culo_720x542-05.png\",\"datePublished\":\"2019-07-11T17:02:50+00:00\",\"dateModified\":\"2023-08-17T21:48:56+00:00\",\"author\":{\"@id\":\"https:\/\/www.ciadetalentos.com.br\/blog\/#\/schema\/person\/1f11df039f9195a4b29e0aadcf676d7f\"},\"description\":\"Confira os cinco pontos que saltam aos olhos dos recrutadores, uma d\u00favida comum de quem participa dos processos seletivos.\",\"breadcrumb\":{\"@id\":\"https:\/\/www.ciadetalentos.com.br\/blog\/curriculo-5-pontos-que-saltam-aos-olhos-dos-recrutadores\/#breadcrumb\"},\"inLanguage\":\"pt-BR\",\"potentialAction\":[{\"@type\":\"ReadAction\",\"target\":[\"https:\/\/www.ciadetalentos.com.br\/blog\/curriculo-5-pontos-que-saltam-aos-olhos-dos-recrutadores\/\"]}]},{\"@type\":\"ImageObject\",\"inLanguage\":\"pt-BR\",\"@id\":\"https:\/\/www.ciadetalentos.com.br\/blog\/curriculo-5-pontos-que-saltam-aos-olhos-dos-recrutadores\/#primaryimage\",\"url\":\"https:\/\/www.ciadetalentos.com.br\/blog\/wp-content\/uploads\/sites\/7\/2019\/07\/Se\u0301rie_Curri\u0301culo_720x542-05.png\",\"contentUrl\":\"https:\/\/www.ciadetalentos.com.br\/blog\/wp-content\/uploads\/sites\/7\/2019\/07\/Se\u0301rie_Curri\u0301culo_720x542-05.png\",\"width\":1501,\"height\":1130,\"caption\":\"Curr\u00edculo: 5 Pontos que saltam aos olhos dos recrutadores\"},{\"@type\":\"BreadcrumbList\",\"@id\":\"https:\/\/www.ciadetalentos.com.br\/blog\/curriculo-5-pontos-que-saltam-aos-olhos-dos-recrutadores\/#breadcrumb\",\"itemListElement\":[{\"@type\":\"ListItem\",\"position\":1,\"name\":\"Home\",\"item\":\"https:\/\/www.ciadetalentos.com.br\/blog\/\"},{\"@type\":\"ListItem\",\"position\":2,\"name\":\"Curr\u00edculo: 5 Pontos que saltam aos olhos de quem recruta talentos\"}]},{\"@type\":\"WebSite\",\"@id\":\"https:\/\/www.ciadetalentos.com.br\/blog\/#website\",\"url\":\"https:\/\/www.ciadetalentos.com.br\/blog\/\",\"name\":\"Blog Cia de Talentos\",\"description\":\"Descubra tudo o que voc\u00ea precisa para desenvolver carreiras e transformar sua vida profissional\",\"potentialAction\":[{\"@type\":\"SearchAction\",\"target\":{\"@type\":\"EntryPoint\",\"urlTemplate\":\"https:\/\/www.ciadetalentos.com.br\/blog\/?s={search_term_string}\"},\"query-input\":\"required name=search_term_string\"}],\"inLanguage\":\"pt-BR\"},{\"@type\":\"Person\",\"@id\":\"https:\/\/www.ciadetalentos.com.br\/blog\/#\/schema\/person\/1f11df039f9195a4b29e0aadcf676d7f\",\"name\":\"giomaz\",\"image\":{\"@type\":\"ImageObject\",\"inLanguage\":\"pt-BR\",\"@id\":\"https:\/\/www.ciadetalentos.com.br\/blog\/#\/schema\/person\/image\/\",\"url\":\"https:\/\/secure.gravatar.com\/avatar\/ec9131581307470688d2758db09a3f14?s=96&d=mm&r=g\",\"contentUrl\":\"https:\/\/secure.gravatar.com\/avatar\/ec9131581307470688d2758db09a3f14?s=96&d=mm&r=g\",\"caption\":\"giomaz\"},\"url\":\"https:\/\/www.ciadetalentos.com.br\/blog\/author\/giomaz\/\"}]}<\/script>\n<!-- \/ Yoast SEO plugin. -->","yoast_head_json":{"title":"Curr\u00edculo: 5 Pontos que saltam aos olhos de quem recruta talentos - Blog Cia de Talentos","description":"Confira os cinco pontos que saltam aos olhos dos recrutadores, uma d\u00favida comum de quem participa dos processos seletivos.","robots":{"index":"index","follow":"follow","max-snippet":"max-snippet:-1","max-image-preview":"max-image-preview:large","max-video-preview":"max-video-preview:-1"},"canonical":"https:\/\/www.ciadetalentos.com.br\/blog\/curriculo-5-pontos-que-saltam-aos-olhos-dos-recrutadores\/","og_locale":"pt_BR","og_type":"article","og_title":"Curr\u00edculo: 5 Pontos que saltam aos olhos de quem recruta talentos - Blog Cia de Talentos","og_description":"Confira os cinco pontos que saltam aos olhos dos recrutadores, uma d\u00favida comum de quem participa dos processos seletivos.","og_url":"https:\/\/www.ciadetalentos.com.br\/blog\/curriculo-5-pontos-que-saltam-aos-olhos-dos-recrutadores\/","og_site_name":"Blog Cia de Talentos","article_published_time":"2019-07-11T17:02:50+00:00","article_modified_time":"2023-08-17T21:48:56+00:00","og_image":[{"width":1501,"height":1130,"url":"https:\/\/www.ciadetalentos.com.br\/blog\/wp-content\/uploads\/sites\/7\/2019\/07\/Se\u0301rie_Curri\u0301culo_720x542-05.png","type":"image\/png"}],"author":"giomaz","twitter_card":"summary_large_image","twitter_misc":{"Escrito por":"giomaz","Est. tempo de leitura":"4 minutos"},"schema":{"@context":"https:\/\/schema.org","@graph":[{"@type":"WebPage","@id":"https:\/\/www.ciadetalentos.com.br\/blog\/curriculo-5-pontos-que-saltam-aos-olhos-dos-recrutadores\/","url":"https:\/\/www.ciadetalentos.com.br\/blog\/curriculo-5-pontos-que-saltam-aos-olhos-dos-recrutadores\/","name":"Curr\u00edculo: 5 Pontos que saltam aos olhos de quem recruta talentos - Blog Cia de Talentos","isPartOf":{"@id":"https:\/\/www.ciadetalentos.com.br\/blog\/#website"},"primaryImageOfPage":{"@id":"https:\/\/www.ciadetalentos.com.br\/blog\/curriculo-5-pontos-que-saltam-aos-olhos-dos-recrutadores\/#primaryimage"},"image":{"@id":"https:\/\/www.ciadetalentos.com.br\/blog\/curriculo-5-pontos-que-saltam-aos-olhos-dos-recrutadores\/#primaryimage"},"thumbnailUrl":"https:\/\/www.ciadetalentos.com.br\/blog\/wp-content\/uploads\/sites\/7\/2019\/07\/Se\u0301rie_Curri\u0301culo_720x542-05.png","datePublished":"2019-07-11T17:02:50+00:00","dateModified":"2023-08-17T21:48:56+00:00","author":{"@id":"https:\/\/www.ciadetalentos.com.br\/blog\/#\/schema\/person\/1f11df039f9195a4b29e0aadcf676d7f"},"description":"Confira os cinco pontos que saltam aos olhos dos recrutadores, uma d\u00favida comum de quem participa dos processos seletivos.","breadcrumb":{"@id":"https:\/\/www.ciadetalentos.com.br\/blog\/curriculo-5-pontos-que-saltam-aos-olhos-dos-recrutadores\/#breadcrumb"},"inLanguage":"pt-BR","potentialAction":[{"@type":"ReadAction","target":["https:\/\/www.ciadetalentos.com.br\/blog\/curriculo-5-pontos-que-saltam-aos-olhos-dos-recrutadores\/"]}]},{"@type":"ImageObject","inLanguage":"pt-BR","@id":"https:\/\/www.ciadetalentos.com.br\/blog\/curriculo-5-pontos-que-saltam-aos-olhos-dos-recrutadores\/#primaryimage","url":"https:\/\/www.ciadetalentos.com.br\/blog\/wp-content\/uploads\/sites\/7\/2019\/07\/Se\u0301rie_Curri\u0301culo_720x542-05.png","contentUrl":"https:\/\/www.ciadetalentos.com.br\/blog\/wp-content\/uploads\/sites\/7\/2019\/07\/Se\u0301rie_Curri\u0301culo_720x542-05.png","width":1501,"height":1130,"caption":"Curr\u00edculo: 5 Pontos que saltam aos olhos dos recrutadores"},{"@type":"BreadcrumbList","@id":"https:\/\/www.ciadetalentos.com.br\/blog\/curriculo-5-pontos-que-saltam-aos-olhos-dos-recrutadores\/#breadcrumb","itemListElement":[{"@type":"ListItem","position":1,"name":"Home","item":"https:\/\/www.ciadetalentos.com.br\/blog\/"},{"@type":"ListItem","position":2,"name":"Curr\u00edculo: 5 Pontos que saltam aos olhos de quem recruta talentos"}]},{"@type":"WebSite","@id":"https:\/\/www.ciadetalentos.com.br\/blog\/#website","url":"https:\/\/www.ciadetalentos.com.br\/blog\/","name":"Blog Cia de Talentos","description":"Descubra tudo o que voc\u00ea precisa para desenvolver carreiras e transformar sua vida profissional","potentialAction":[{"@type":"SearchAction","target":{"@type":"EntryPoint","urlTemplate":"https:\/\/www.ciadetalentos.com.br\/blog\/?s={search_term_string}"},"query-input":"required name=search_term_string"}],"inLanguage":"pt-BR"},{"@type":"Person","@id":"https:\/\/www.ciadetalentos.com.br\/blog\/#\/schema\/person\/1f11df039f9195a4b29e0aadcf676d7f","name":"giomaz","image":{"@type":"ImageObject","inLanguage":"pt-BR","@id":"https:\/\/www.ciadetalentos.com.br\/blog\/#\/schema\/person\/image\/","url":"https:\/\/secure.gravatar.com\/avatar\/ec9131581307470688d2758db09a3f14?s=96&d=mm&r=g","contentUrl":"https:\/\/secure.gravatar.com\/avatar\/ec9131581307470688d2758db09a3f14?s=96&d=mm&r=g","caption":"giomaz"},"url":"https:\/\/www.ciadetalentos.com.br\/blog\/author\/giomaz\/"}]}},"_links":{"self":[{"href":"https:\/\/www.ciadetalentos.com.br\/blog\/wp-json\/wp\/v2\/posts\/2380"}],"collection":[{"href":"https:\/\/www.ciadetalentos.com.br\/blog\/wp-json\/wp\/v2\/posts"}],"about":[{"href":"https:\/\/www.ciadetalentos.com.br\/blog\/wp-json\/wp\/v2\/types\/post"}],"author":[{"embeddable":true,"href":"https:\/\/www.ciadetalentos.com.br\/blog\/wp-json\/wp\/v2\/users\/7"}],"replies":[{"embeddable":true,"href":"https:\/\/www.ciadetalentos.com.br\/blog\/wp-json\/wp\/v2\/comments?post=2380"}],"version-history":[{"count":5,"href":"https:\/\/www.ciadetalentos.com.br\/blog\/wp-json\/wp\/v2\/posts\/2380\/revisions"}],"predecessor-version":[{"id":4316,"href":"https:\/\/www.ciadetalentos.com.br\/blog\/wp-json\/wp\/v2\/posts\/2380\/revisions\/4316"}],"wp:featuredmedia":[{"embeddable":true,"href":"https:\/\/www.ciadetalentos.com.br\/blog\/wp-json\/wp\/v2\/media\/2381"}],"wp:attachment":[{"href":"https:\/\/www.ciadetalentos.com.br\/blog\/wp-json\/wp\/v2\/media?parent=2380"}],"wp:term":[{"taxonomy":"category","embeddable":true,"href":"https:\/\/www.ciadetalentos.com.br\/blog\/wp-json\/wp\/v2\/categories?post=2380"},{"taxonomy":"post_tag","embeddable":true,"href":"https:\/\/www.ciadetalentos.com.br\/blog\/wp-json\/wp\/v2\/tags?post=2380"}],"curies":[{"name":"wp","href":"https:\/\/api.w.org\/{rel}","templated":true}]}}