{"id":2399,"date":"2019-07-17T10:40:55","date_gmt":"2019-07-17T13:40:55","guid":{"rendered":"https:\/\/portalgct.atsglobe.com\/blog\/?p=2399"},"modified":"2023-08-09T18:15:39","modified_gmt":"2023-08-09T21:15:39","slug":"a-ct-esta-concorrendo-ao-22o-top-of-mind-de-rh-conheca-o-premio","status":"publish","type":"post","link":"https:\/\/www.ciadetalentos.com.br\/blog\/a-ct-esta-concorrendo-ao-22o-top-of-mind-de-rh-conheca-o-premio\/","title":{"rendered":"A CT est\u00e1 concorrendo ao 22\u00ba Top of Mind de RH; conhe\u00e7a o pr\u00eamio"},"content":{"rendered":"<p>O\u00a0<strong>Top of Mind de RH<\/strong> \u00e9 o mais importante pr\u00eamio para a \u00e1rea de recursos humanos. H\u00e1 22 anos, ele premia as empresas e os profissionais mais lembrados do mercado brasileiro de RH.<\/p>\n<p>Este ano, 32 vencedores ser\u00e3o homenageados durante o evento. Dentre as organiza\u00e7\u00f5es participantes, o Grupo Cia de Talentos est\u00e1 concorrendo na categoria \u201cConsultoria para RH\u201d.<\/p>\n<p>Se voc\u00ea \u00e9 profissional da \u00e1rea e tem interesse em participar da vota\u00e7\u00e3o do pr\u00eamio do Top of Mind de RH, fa\u00e7a o seu cadastro no site.<\/p>\n<p>Voc\u00ea tem at\u00e9 o dia 25 de setembro para participar da vota\u00e7\u00e3o, que acontece de maneira online. Para isso, <a href=\"https:\/\/app.topofmindderh.com.br\/\">acesse o site Top of Mind de RH<\/a> para registrar seu voto.<\/p>\n","protected":false},"excerpt":{"rendered":"<p>O\u00a0Top of Mind de RH \u00e9 o mais importante pr\u00eamio para a \u00e1rea de&hellip;<\/p>\n","protected":false},"author":7,"featured_media":2400,"comment_status":"open","ping_status":"open","sticky":false,"template":"","format":"standard","meta":{"footnotes":""},"categories":[24],"tags":[231,62,230,43],"yoast_head":"<!-- This site is optimized with the Yoast SEO plugin v22.5 - https:\/\/yoast.com\/wordpress\/plugins\/seo\/ -->\n<title>A CT est\u00e1 concorrendo ao 22\u00ba Top of Mind de RH - Blog Cia de Talentos<\/title>\n<meta name=\"description\" content=\"O\u00a0Top of Mind de RH\u00a0\u00e9 o mais importante pr\u00eamio para o RH. H\u00e1 22 anos, ele premia as empresas e os profissionais mais lembrados do mercado brasileiro...\" \/>\n<meta name=\"robots\" content=\"index, follow, max-snippet:-1, max-image-preview:large, max-video-preview:-1\" \/>\n<link rel=\"canonical\" href=\"https:\/\/www.ciadetalentos.com.br\/blog\/a-ct-esta-concorrendo-ao-22o-top-of-mind-de-rh-conheca-o-premio\/\" \/>\n<meta property=\"og:locale\" content=\"pt_BR\" \/>\n<meta property=\"og:type\" content=\"article\" \/>\n<meta property=\"og:title\" content=\"A CT est\u00e1 concorrendo ao 22\u00ba Top of Mind de RH - Blog Cia de Talentos\" \/>\n<meta property=\"og:description\" content=\"O\u00a0Top of Mind de RH\u00a0\u00e9 o mais importante pr\u00eamio para o RH. H\u00e1 22 anos, ele premia as empresas e os profissionais mais lembrados do mercado brasileiro...\" \/>\n<meta property=\"og:url\" content=\"https:\/\/www.ciadetalentos.com.br\/blog\/a-ct-esta-concorrendo-ao-22o-top-of-mind-de-rh-conheca-o-premio\/\" \/>\n<meta property=\"og:site_name\" content=\"Blog Cia de Talentos\" \/>\n<meta property=\"article:published_time\" content=\"2019-07-17T13:40:55+00:00\" \/>\n<meta property=\"article:modified_time\" content=\"2023-08-09T21:15:39+00:00\" \/>\n<meta property=\"og:image\" content=\"https:\/\/www.ciadetalentos.com.br\/blog\/wp-content\/uploads\/sites\/7\/2019\/07\/ct-concorrendo.jpg\" \/>\n\t<meta property=\"og:image:width\" content=\"720\" \/>\n\t<meta property=\"og:image:height\" content=\"542\" \/>\n\t<meta property=\"og:image:type\" content=\"image\/jpeg\" \/>\n<meta name=\"author\" content=\"giomaz\" \/>\n<meta name=\"twitter:card\" content=\"summary_large_image\" \/>\n<meta name=\"twitter:label1\" content=\"Escrito por\" \/>\n\t<meta name=\"twitter:data1\" content=\"giomaz\" \/>\n\t<meta name=\"twitter:label2\" content=\"Est. tempo de leitura\" \/>\n\t<meta name=\"twitter:data2\" content=\"1 minuto\" \/>\n<script type=\"application\/ld+json\" class=\"yoast-schema-graph\">{\"@context\":\"https:\/\/schema.org\",\"@graph\":[{\"@type\":\"WebPage\",\"@id\":\"https:\/\/www.ciadetalentos.com.br\/blog\/a-ct-esta-concorrendo-ao-22o-top-of-mind-de-rh-conheca-o-premio\/\",\"url\":\"https:\/\/www.ciadetalentos.com.br\/blog\/a-ct-esta-concorrendo-ao-22o-top-of-mind-de-rh-conheca-o-premio\/\",\"name\":\"A CT est\u00e1 concorrendo ao 22\u00ba Top of Mind de RH - Blog Cia de Talentos\",\"isPartOf\":{\"@id\":\"https:\/\/www.ciadetalentos.com.br\/blog\/#website\"},\"primaryImageOfPage\":{\"@id\":\"https:\/\/www.ciadetalentos.com.br\/blog\/a-ct-esta-concorrendo-ao-22o-top-of-mind-de-rh-conheca-o-premio\/#primaryimage\"},\"image\":{\"@id\":\"https:\/\/www.ciadetalentos.com.br\/blog\/a-ct-esta-concorrendo-ao-22o-top-of-mind-de-rh-conheca-o-premio\/#primaryimage\"},\"thumbnailUrl\":\"https:\/\/www.ciadetalentos.com.br\/blog\/wp-content\/uploads\/sites\/7\/2019\/07\/ct-concorrendo.jpg\",\"datePublished\":\"2019-07-17T13:40:55+00:00\",\"dateModified\":\"2023-08-09T21:15:39+00:00\",\"author\":{\"@id\":\"https:\/\/www.ciadetalentos.com.br\/blog\/#\/schema\/person\/1f11df039f9195a4b29e0aadcf676d7f\"},\"description\":\"O\u00a0Top of Mind de RH\u00a0\u00e9 o mais importante pr\u00eamio para o RH. H\u00e1 22 anos, ele premia as empresas e os profissionais mais lembrados do mercado brasileiro...\",\"breadcrumb\":{\"@id\":\"https:\/\/www.ciadetalentos.com.br\/blog\/a-ct-esta-concorrendo-ao-22o-top-of-mind-de-rh-conheca-o-premio\/#breadcrumb\"},\"inLanguage\":\"pt-BR\",\"potentialAction\":[{\"@type\":\"ReadAction\",\"target\":[\"https:\/\/www.ciadetalentos.com.br\/blog\/a-ct-esta-concorrendo-ao-22o-top-of-mind-de-rh-conheca-o-premio\/\"]}]},{\"@type\":\"ImageObject\",\"inLanguage\":\"pt-BR\",\"@id\":\"https:\/\/www.ciadetalentos.com.br\/blog\/a-ct-esta-concorrendo-ao-22o-top-of-mind-de-rh-conheca-o-premio\/#primaryimage\",\"url\":\"https:\/\/www.ciadetalentos.com.br\/blog\/wp-content\/uploads\/sites\/7\/2019\/07\/ct-concorrendo.jpg\",\"contentUrl\":\"https:\/\/www.ciadetalentos.com.br\/blog\/wp-content\/uploads\/sites\/7\/2019\/07\/ct-concorrendo.jpg\",\"width\":720,\"height\":542,\"caption\":\"Top of Mind de RH\"},{\"@type\":\"BreadcrumbList\",\"@id\":\"https:\/\/www.ciadetalentos.com.br\/blog\/a-ct-esta-concorrendo-ao-22o-top-of-mind-de-rh-conheca-o-premio\/#breadcrumb\",\"itemListElement\":[{\"@type\":\"ListItem\",\"position\":1,\"name\":\"Home\",\"item\":\"https:\/\/www.ciadetalentos.com.br\/blog\/\"},{\"@type\":\"ListItem\",\"position\":2,\"name\":\"A CT est\u00e1 concorrendo ao 22\u00ba Top of Mind de RH; conhe\u00e7a o pr\u00eamio\"}]},{\"@type\":\"WebSite\",\"@id\":\"https:\/\/www.ciadetalentos.com.br\/blog\/#website\",\"url\":\"https:\/\/www.ciadetalentos.com.br\/blog\/\",\"name\":\"Blog Cia de Talentos\",\"description\":\"Descubra tudo o que voc\u00ea precisa para desenvolver carreiras e transformar sua vida profissional\",\"potentialAction\":[{\"@type\":\"SearchAction\",\"target\":{\"@type\":\"EntryPoint\",\"urlTemplate\":\"https:\/\/www.ciadetalentos.com.br\/blog\/?s={search_term_string}\"},\"query-input\":\"required name=search_term_string\"}],\"inLanguage\":\"pt-BR\"},{\"@type\":\"Person\",\"@id\":\"https:\/\/www.ciadetalentos.com.br\/blog\/#\/schema\/person\/1f11df039f9195a4b29e0aadcf676d7f\",\"name\":\"giomaz\",\"image\":{\"@type\":\"ImageObject\",\"inLanguage\":\"pt-BR\",\"@id\":\"https:\/\/www.ciadetalentos.com.br\/blog\/#\/schema\/person\/image\/\",\"url\":\"https:\/\/secure.gravatar.com\/avatar\/ec9131581307470688d2758db09a3f14?s=96&d=mm&r=g\",\"contentUrl\":\"https:\/\/secure.gravatar.com\/avatar\/ec9131581307470688d2758db09a3f14?s=96&d=mm&r=g\",\"caption\":\"giomaz\"},\"url\":\"https:\/\/www.ciadetalentos.com.br\/blog\/author\/giomaz\/\"}]}<\/script>\n<!-- \/ Yoast SEO plugin. -->","yoast_head_json":{"title":"A CT est\u00e1 concorrendo ao 22\u00ba Top of Mind de RH - Blog Cia de Talentos","description":"O\u00a0Top of Mind de RH\u00a0\u00e9 o mais importante pr\u00eamio para o RH. H\u00e1 22 anos, ele premia as empresas e os profissionais mais lembrados do mercado brasileiro...","robots":{"index":"index","follow":"follow","max-snippet":"max-snippet:-1","max-image-preview":"max-image-preview:large","max-video-preview":"max-video-preview:-1"},"canonical":"https:\/\/www.ciadetalentos.com.br\/blog\/a-ct-esta-concorrendo-ao-22o-top-of-mind-de-rh-conheca-o-premio\/","og_locale":"pt_BR","og_type":"article","og_title":"A CT est\u00e1 concorrendo ao 22\u00ba Top of Mind de RH - Blog Cia de Talentos","og_description":"O\u00a0Top of Mind de RH\u00a0\u00e9 o mais importante pr\u00eamio para o RH. H\u00e1 22 anos, ele premia as empresas e os profissionais mais lembrados do mercado brasileiro...","og_url":"https:\/\/www.ciadetalentos.com.br\/blog\/a-ct-esta-concorrendo-ao-22o-top-of-mind-de-rh-conheca-o-premio\/","og_site_name":"Blog Cia de Talentos","article_published_time":"2019-07-17T13:40:55+00:00","article_modified_time":"2023-08-09T21:15:39+00:00","og_image":[{"width":720,"height":542,"url":"https:\/\/www.ciadetalentos.com.br\/blog\/wp-content\/uploads\/sites\/7\/2019\/07\/ct-concorrendo.jpg","type":"image\/jpeg"}],"author":"giomaz","twitter_card":"summary_large_image","twitter_misc":{"Escrito por":"giomaz","Est. tempo de leitura":"1 minuto"},"schema":{"@context":"https:\/\/schema.org","@graph":[{"@type":"WebPage","@id":"https:\/\/www.ciadetalentos.com.br\/blog\/a-ct-esta-concorrendo-ao-22o-top-of-mind-de-rh-conheca-o-premio\/","url":"https:\/\/www.ciadetalentos.com.br\/blog\/a-ct-esta-concorrendo-ao-22o-top-of-mind-de-rh-conheca-o-premio\/","name":"A CT est\u00e1 concorrendo ao 22\u00ba Top of Mind de RH - Blog Cia de Talentos","isPartOf":{"@id":"https:\/\/www.ciadetalentos.com.br\/blog\/#website"},"primaryImageOfPage":{"@id":"https:\/\/www.ciadetalentos.com.br\/blog\/a-ct-esta-concorrendo-ao-22o-top-of-mind-de-rh-conheca-o-premio\/#primaryimage"},"image":{"@id":"https:\/\/www.ciadetalentos.com.br\/blog\/a-ct-esta-concorrendo-ao-22o-top-of-mind-de-rh-conheca-o-premio\/#primaryimage"},"thumbnailUrl":"https:\/\/www.ciadetalentos.com.br\/blog\/wp-content\/uploads\/sites\/7\/2019\/07\/ct-concorrendo.jpg","datePublished":"2019-07-17T13:40:55+00:00","dateModified":"2023-08-09T21:15:39+00:00","author":{"@id":"https:\/\/www.ciadetalentos.com.br\/blog\/#\/schema\/person\/1f11df039f9195a4b29e0aadcf676d7f"},"description":"O\u00a0Top of Mind de RH\u00a0\u00e9 o mais importante pr\u00eamio para o RH. H\u00e1 22 anos, ele premia as empresas e os profissionais mais lembrados do mercado brasileiro...","breadcrumb":{"@id":"https:\/\/www.ciadetalentos.com.br\/blog\/a-ct-esta-concorrendo-ao-22o-top-of-mind-de-rh-conheca-o-premio\/#breadcrumb"},"inLanguage":"pt-BR","potentialAction":[{"@type":"ReadAction","target":["https:\/\/www.ciadetalentos.com.br\/blog\/a-ct-esta-concorrendo-ao-22o-top-of-mind-de-rh-conheca-o-premio\/"]}]},{"@type":"ImageObject","inLanguage":"pt-BR","@id":"https:\/\/www.ciadetalentos.com.br\/blog\/a-ct-esta-concorrendo-ao-22o-top-of-mind-de-rh-conheca-o-premio\/#primaryimage","url":"https:\/\/www.ciadetalentos.com.br\/blog\/wp-content\/uploads\/sites\/7\/2019\/07\/ct-concorrendo.jpg","contentUrl":"https:\/\/www.ciadetalentos.com.br\/blog\/wp-content\/uploads\/sites\/7\/2019\/07\/ct-concorrendo.jpg","width":720,"height":542,"caption":"Top of Mind de RH"},{"@type":"BreadcrumbList","@id":"https:\/\/www.ciadetalentos.com.br\/blog\/a-ct-esta-concorrendo-ao-22o-top-of-mind-de-rh-conheca-o-premio\/#breadcrumb","itemListElement":[{"@type":"ListItem","position":1,"name":"Home","item":"https:\/\/www.ciadetalentos.com.br\/blog\/"},{"@type":"ListItem","position":2,"name":"A CT est\u00e1 concorrendo ao 22\u00ba Top of Mind de RH; conhe\u00e7a o pr\u00eamio"}]},{"@type":"WebSite","@id":"https:\/\/www.ciadetalentos.com.br\/blog\/#website","url":"https:\/\/www.ciadetalentos.com.br\/blog\/","name":"Blog Cia de Talentos","description":"Descubra tudo o que voc\u00ea precisa para desenvolver carreiras e transformar sua vida profissional","potentialAction":[{"@type":"SearchAction","target":{"@type":"EntryPoint","urlTemplate":"https:\/\/www.ciadetalentos.com.br\/blog\/?s={search_term_string}"},"query-input":"required name=search_term_string"}],"inLanguage":"pt-BR"},{"@type":"Person","@id":"https:\/\/www.ciadetalentos.com.br\/blog\/#\/schema\/person\/1f11df039f9195a4b29e0aadcf676d7f","name":"giomaz","image":{"@type":"ImageObject","inLanguage":"pt-BR","@id":"https:\/\/www.ciadetalentos.com.br\/blog\/#\/schema\/person\/image\/","url":"https:\/\/secure.gravatar.com\/avatar\/ec9131581307470688d2758db09a3f14?s=96&d=mm&r=g","contentUrl":"https:\/\/secure.gravatar.com\/avatar\/ec9131581307470688d2758db09a3f14?s=96&d=mm&r=g","caption":"giomaz"},"url":"https:\/\/www.ciadetalentos.com.br\/blog\/author\/giomaz\/"}]}},"_links":{"self":[{"href":"https:\/\/www.ciadetalentos.com.br\/blog\/wp-json\/wp\/v2\/posts\/2399"}],"collection":[{"href":"https:\/\/www.ciadetalentos.com.br\/blog\/wp-json\/wp\/v2\/posts"}],"about":[{"href":"https:\/\/www.ciadetalentos.com.br\/blog\/wp-json\/wp\/v2\/types\/post"}],"author":[{"embeddable":true,"href":"https:\/\/www.ciadetalentos.com.br\/blog\/wp-json\/wp\/v2\/users\/7"}],"replies":[{"embeddable":true,"href":"https:\/\/www.ciadetalentos.com.br\/blog\/wp-json\/wp\/v2\/comments?post=2399"}],"version-history":[{"count":3,"href":"https:\/\/www.ciadetalentos.com.br\/blog\/wp-json\/wp\/v2\/posts\/2399\/revisions"}],"predecessor-version":[{"id":4916,"href":"https:\/\/www.ciadetalentos.com.br\/blog\/wp-json\/wp\/v2\/posts\/2399\/revisions\/4916"}],"wp:featuredmedia":[{"embeddable":true,"href":"https:\/\/www.ciadetalentos.com.br\/blog\/wp-json\/wp\/v2\/media\/2400"}],"wp:attachment":[{"href":"https:\/\/www.ciadetalentos.com.br\/blog\/wp-json\/wp\/v2\/media?parent=2399"}],"wp:term":[{"taxonomy":"category","embeddable":true,"href":"https:\/\/www.ciadetalentos.com.br\/blog\/wp-json\/wp\/v2\/categories?post=2399"},{"taxonomy":"post_tag","embeddable":true,"href":"https:\/\/www.ciadetalentos.com.br\/blog\/wp-json\/wp\/v2\/tags?post=2399"}],"curies":[{"name":"wp","href":"https:\/\/api.w.org\/{rel}","templated":true}]}}