{"id":2430,"date":"2019-09-06T15:41:47","date_gmt":"2019-09-06T18:41:47","guid":{"rendered":"https:\/\/portalgct.atsglobe.com\/blog\/?p=2430"},"modified":"2023-08-10T16:46:34","modified_gmt":"2023-08-10T19:46:34","slug":"ensina-brasil-esta-com-inscricoes-abertas-conheca-o-programa","status":"publish","type":"post","link":"https:\/\/www.ciadetalentos.com.br\/blog\/ensina-brasil-esta-com-inscricoes-abertas-conheca-o-programa\/","title":{"rendered":"Ensina Brasil est\u00e1 com inscri\u00e7\u00f5es abertas; conhe\u00e7a o programa"},"content":{"rendered":"<p>O <a href=\"https:\/\/www.ensinabrasil.org\/\" target=\"_blank\" rel=\"noopener noreferrer\">Ensina Brasil\u00a0<\/a>\u00e9 uma startup de educa\u00e7\u00e3o, sem fins lucrativos e suprapartid\u00e1ria que acredita que os jovens mais promissores deveriam trabalhar para resolver os problemas mais complexos do pa\u00eds. Para isso, ela recruta e seleciona pessoas formadas em at\u00e9 10 anos, de diversas carreiras de bacharelado e licenciatura, para participar do Programa de Desenvolvimento de Lideran\u00e7as.<\/p>\n<div class=\"texto-conteudo\">\n<div>\n<p>Em tr\u00eas anos de atua\u00e7\u00e3o, j\u00e1 foram mais de 23 mil inscritos e 230 ensinas selecionados, impactando mais de 42 mil alunos. A vis\u00e3o deles \u00e9 de que um dia, todas as crian\u00e7as ter\u00e3o uma educa\u00e7\u00e3o de qualidade. O Ensina Brasil \u00e9 parte de uma rede\u00a0global com mais de 45 pa\u00edses, o Teach for All*, e conta com parceiros como: Funda\u00e7\u00e3o Lemann, Ita\u00fa Social, Funda\u00e7\u00e3o Estudar e The Haddad Foundation.<\/p>\n<p>*O Teach for All \u00e9 uma rede internacional, que tem mais de 25 anos e trabalha para expandir oportunidades educacionais ao redor do mundo, acelerando o impacto das organiza\u00e7\u00f5es que formam a rede, compartilhando aprendizados e informa\u00e7\u00f5es, de modo a gerar sinergias que ajudem a superar os desafios e a maximizar os impactos.<\/p>\n<h2><strong>Como funciona o Programa de Desenvolvimento de Lideran\u00e7as do Ensina Brasil?<\/strong><\/h2>\n<p>O programa \u00e9 uma nova oportunidade para iniciar sua carreira, de forma similar aos programas de Trainee tradicionais. A diferen\u00e7a \u00e9 o Ensina Brasil recruta, seleciona e capacita jovens talentos graduados de diversas carreiras de bacharelado e licenciatura (engenharia, letras, administra\u00e7\u00e3o, f\u00edsica, etc..) para atuarem por 2 anos como professores em escolas p\u00fablicas vulner\u00e1veis pelo Brasil, de forma remunerada, com capacita\u00e7\u00e3o e mentoria constantes).<\/p>\n<p>Os jovens enfrentam um dos maiores desafios da vida deles, alinhando desenvolvimento de habilidades de lideran\u00e7a, alto impacto e prop\u00f3sito!<br \/>\nA carga hor\u00e1ria do programa \u00e9 de 40 horas semanais divididas entre aulas, planejamento, atividades curriculares, al\u00e9m da carga hor\u00e1ria da forma\u00e7\u00e3o continuada oferecida pelo Ensina Brasil.<\/p>\n<p>Com a parceria e apoio dos professores e da comunidade local, eles buscam desenvolver o potencial e protagonismo dos alunos, ao mesmo tempo em que proporcionam uma experi\u00eancia de lideran\u00e7a desafiadora para os participantes.<\/p>\n<p>Depois de 2 anos, os Ensinas, impulsionados pela experi\u00eancia e prop\u00f3sito, seguem na Rede Alumni, onde o potencial de cada um \u00e9 acelerado para que atuem nas diversas frentes que precisam de mudan\u00e7as no nosso pa\u00eds. Os alumni est\u00e3o em diferentes trajet\u00f3rias depois dos 2 anos do Programa. Alguns continuam como professores, outros est\u00e3o trabalhando em Secretarias de Educa\u00e7\u00e3o, outros est\u00e3o em organiza\u00e7\u00f5es do terceiro setor e h\u00e1 tamb\u00e9m os que est\u00e3o em startups ou empreendendo.<\/p>\n<p>Globalmente, o programa \u00e9 reconhecido por recrutar jovens de alto potencial em todo o mundo. Nos EUA, por exemplo, aproximadamente 18% dos alunos que se formam em Harvard aplicam para o programa. O objetivo \u00e9 criar um movimento pela educa\u00e7\u00e3o no pa\u00eds, atraindo jovens talentos e desenvolvendo agentes de transforma\u00e7\u00e3o, come\u00e7ando pela sala de aula!<\/p>\n<h2><strong>Quais s\u00e3o os pr\u00e9-requisitos?<\/strong><\/h2>\n<p>A sele\u00e7\u00e3o dos participantes \u00e9 feita de acordo com 7 crit\u00e9rios: Alinhamento de valores, Resili\u00eancia e Persist\u00eancia, Humildade e Empatia, Habilidades Interpessoais, Pragmatismo e Responsabiliza\u00e7\u00e3o, Capacidade de Resolu\u00e7\u00e3o de Problemas e que Sonha Grande.<\/p>\n<\/div>\n<ul>\n<li>Ser brasileiro(a) nato(a) ou naturalizado(a);<\/li>\n<li>Portugu\u00eas fluente;<\/li>\n<li>Ter curso superior completo ou previs\u00e3o de gradua\u00e7\u00e3o at\u00e9 dezembro de 2019 (Voc\u00ea ainda pode se inscrever caso sua data de gradua\u00e7\u00e3o tenha sido postergada para o primeiro semestre de 2020 em fun\u00e7\u00e3o de greve na sua universidade. Estes casos ser\u00e3o analisados posteriormente);<\/li>\n<li>Ter conclu\u00eddo a primeira gradua\u00e7\u00e3o h\u00e1, no m\u00e1ximo, 10 anos;<\/li>\n<li>Diploma de gradua\u00e7\u00e3o em licenciatura ou bacharelado reconhecido pelo MEC;<\/li>\n<li>Disponibilidade para participar da forma\u00e7\u00e3o inicial de 5 semanas (300 horas):<\/li>\n<\/ul>\n<div>\u00a0\u00a0\u00a0\u00a0\u00a0\u00a0\u00a0\u00a01 &#8211; M\u00f3dulo presencial em S\u00e3o Paulo de 4 semanas em janeiro de 2020<br \/>\n2 &#8211; M\u00f3dulo online de 40h em Dezembro de 2019<\/div>\n<ul>\n<li>Ter disponibilidade para participar do programa de fevereiro de 2020 at\u00e9 dezembro de 2021 (trabalho remunerado);<\/li>\n<li>Ter disponibilidade para morar fora de sua cidade por 2 anos, a partir de fevereiro de 2020. O participante deve estar apto para mudar de Estado caso n\u00e3o seja alocado no seu local de resid\u00eancia. (os Estados parceiros ser\u00e3o divulgados no momento da oferta).<\/li>\n<\/ul>\n<h2><strong>Quais s\u00e3o as etapas do Processo Seletivo?<\/strong><\/h2>\n<div>1. Formul\u00e1rio de Inscri\u00e7\u00e3o;<br \/>\n2. Testes Online;<br \/>\n3. Perguntas de Reflex\u00e3o;<br \/>\n4. Din\u00e2mica de grupo online;<br \/>\n5. Entrevista final online.<strong>Observa\u00e7\u00f5es:<\/strong><br \/>\nTodo o\u00a0<a href=\"https:\/\/www.tfaforms.com\/workflows\/start\/4434?tfa_32513=sitevagas\" target=\"_blank\" rel=\"noopener noreferrer\">processo seletivo<\/a>\u00a0\u00e9 feito online.<br \/>\nFicou com alguma d\u00favida? Entre em contato pelo e-mail: selecao@ensinabrasil.org<\/div>\n<\/div>\n","protected":false},"excerpt":{"rendered":"<p>O Ensina Brasil\u00a0\u00e9 uma startup de educa\u00e7\u00e3o, sem fins lucrativos e suprapartid\u00e1ria que acredita&hellip;<\/p>\n","protected":false},"author":7,"featured_media":2431,"comment_status":"open","ping_status":"open","sticky":false,"template":"","format":"standard","meta":{"footnotes":""},"categories":[20],"tags":[67,66,129,182,185,247],"yoast_head":"<!-- This site is optimized with the Yoast SEO plugin v22.5 - https:\/\/yoast.com\/wordpress\/plugins\/seo\/ -->\n<title>Ensina Brasil est\u00e1 com inscri\u00e7\u00f5es abertas; conhe\u00e7a o programa Blog Cia de Talentos<\/title>\n<meta name=\"description\" content=\"A startup de educa\u00e7\u00e3o acredita que os jovens mais promissores deveriam atuar para resolver problemas mais complexos do pa\u00eds.\" \/>\n<meta name=\"robots\" content=\"index, follow, max-snippet:-1, max-image-preview:large, max-video-preview:-1\" \/>\n<link rel=\"canonical\" href=\"https:\/\/www.ciadetalentos.com.br\/blog\/ensina-brasil-esta-com-inscricoes-abertas-conheca-o-programa\/\" \/>\n<meta property=\"og:locale\" content=\"pt_BR\" \/>\n<meta property=\"og:type\" content=\"article\" \/>\n<meta property=\"og:title\" content=\"Ensina Brasil est\u00e1 com inscri\u00e7\u00f5es abertas; conhe\u00e7a o programa Blog Cia de Talentos\" \/>\n<meta property=\"og:description\" content=\"A startup de educa\u00e7\u00e3o acredita que os jovens mais promissores deveriam atuar para resolver problemas mais complexos do pa\u00eds.\" \/>\n<meta property=\"og:url\" content=\"https:\/\/www.ciadetalentos.com.br\/blog\/ensina-brasil-esta-com-inscricoes-abertas-conheca-o-programa\/\" \/>\n<meta property=\"og:site_name\" content=\"Blog Cia de Talentos\" \/>\n<meta property=\"article:published_time\" content=\"2019-09-06T18:41:47+00:00\" \/>\n<meta property=\"article:modified_time\" content=\"2023-08-10T19:46:34+00:00\" \/>\n<meta property=\"og:image\" content=\"https:\/\/www.ciadetalentos.com.br\/blog\/wp-content\/uploads\/sites\/7\/2019\/09\/4.png\" \/>\n\t<meta property=\"og:image:width\" content=\"720\" \/>\n\t<meta property=\"og:image:height\" content=\"542\" \/>\n\t<meta property=\"og:image:type\" content=\"image\/png\" \/>\n<meta name=\"author\" content=\"giomaz\" \/>\n<meta name=\"twitter:card\" content=\"summary_large_image\" \/>\n<meta name=\"twitter:label1\" content=\"Escrito por\" \/>\n\t<meta name=\"twitter:data1\" content=\"giomaz\" \/>\n\t<meta name=\"twitter:label2\" content=\"Est. tempo de leitura\" \/>\n\t<meta name=\"twitter:data2\" content=\"4 minutos\" \/>\n<script type=\"application\/ld+json\" class=\"yoast-schema-graph\">{\"@context\":\"https:\/\/schema.org\",\"@graph\":[{\"@type\":\"WebPage\",\"@id\":\"https:\/\/www.ciadetalentos.com.br\/blog\/ensina-brasil-esta-com-inscricoes-abertas-conheca-o-programa\/\",\"url\":\"https:\/\/www.ciadetalentos.com.br\/blog\/ensina-brasil-esta-com-inscricoes-abertas-conheca-o-programa\/\",\"name\":\"Ensina Brasil est\u00e1 com inscri\u00e7\u00f5es abertas; conhe\u00e7a o programa Blog Cia de Talentos\",\"isPartOf\":{\"@id\":\"https:\/\/www.ciadetalentos.com.br\/blog\/#website\"},\"primaryImageOfPage\":{\"@id\":\"https:\/\/www.ciadetalentos.com.br\/blog\/ensina-brasil-esta-com-inscricoes-abertas-conheca-o-programa\/#primaryimage\"},\"image\":{\"@id\":\"https:\/\/www.ciadetalentos.com.br\/blog\/ensina-brasil-esta-com-inscricoes-abertas-conheca-o-programa\/#primaryimage\"},\"thumbnailUrl\":\"https:\/\/www.ciadetalentos.com.br\/blog\/wp-content\/uploads\/sites\/7\/2019\/09\/4.png\",\"datePublished\":\"2019-09-06T18:41:47+00:00\",\"dateModified\":\"2023-08-10T19:46:34+00:00\",\"author\":{\"@id\":\"https:\/\/www.ciadetalentos.com.br\/blog\/#\/schema\/person\/1f11df039f9195a4b29e0aadcf676d7f\"},\"description\":\"A startup de educa\u00e7\u00e3o acredita que os jovens mais promissores deveriam atuar para resolver problemas mais complexos do pa\u00eds.\",\"breadcrumb\":{\"@id\":\"https:\/\/www.ciadetalentos.com.br\/blog\/ensina-brasil-esta-com-inscricoes-abertas-conheca-o-programa\/#breadcrumb\"},\"inLanguage\":\"pt-BR\",\"potentialAction\":[{\"@type\":\"ReadAction\",\"target\":[\"https:\/\/www.ciadetalentos.com.br\/blog\/ensina-brasil-esta-com-inscricoes-abertas-conheca-o-programa\/\"]}]},{\"@type\":\"ImageObject\",\"inLanguage\":\"pt-BR\",\"@id\":\"https:\/\/www.ciadetalentos.com.br\/blog\/ensina-brasil-esta-com-inscricoes-abertas-conheca-o-programa\/#primaryimage\",\"url\":\"https:\/\/www.ciadetalentos.com.br\/blog\/wp-content\/uploads\/sites\/7\/2019\/09\/4.png\",\"contentUrl\":\"https:\/\/www.ciadetalentos.com.br\/blog\/wp-content\/uploads\/sites\/7\/2019\/09\/4.png\",\"width\":720,\"height\":542,\"caption\":\"Ensina Brasil est\u00e1 com inscri\u00e7\u00f5es abertas; conhe\u00e7a o programa\"},{\"@type\":\"BreadcrumbList\",\"@id\":\"https:\/\/www.ciadetalentos.com.br\/blog\/ensina-brasil-esta-com-inscricoes-abertas-conheca-o-programa\/#breadcrumb\",\"itemListElement\":[{\"@type\":\"ListItem\",\"position\":1,\"name\":\"Home\",\"item\":\"https:\/\/www.ciadetalentos.com.br\/blog\/\"},{\"@type\":\"ListItem\",\"position\":2,\"name\":\"Ensina Brasil est\u00e1 com inscri\u00e7\u00f5es abertas; conhe\u00e7a o programa\"}]},{\"@type\":\"WebSite\",\"@id\":\"https:\/\/www.ciadetalentos.com.br\/blog\/#website\",\"url\":\"https:\/\/www.ciadetalentos.com.br\/blog\/\",\"name\":\"Blog Cia de Talentos\",\"description\":\"Descubra tudo o que voc\u00ea precisa para desenvolver carreiras e transformar sua vida profissional\",\"potentialAction\":[{\"@type\":\"SearchAction\",\"target\":{\"@type\":\"EntryPoint\",\"urlTemplate\":\"https:\/\/www.ciadetalentos.com.br\/blog\/?s={search_term_string}\"},\"query-input\":\"required name=search_term_string\"}],\"inLanguage\":\"pt-BR\"},{\"@type\":\"Person\",\"@id\":\"https:\/\/www.ciadetalentos.com.br\/blog\/#\/schema\/person\/1f11df039f9195a4b29e0aadcf676d7f\",\"name\":\"giomaz\",\"image\":{\"@type\":\"ImageObject\",\"inLanguage\":\"pt-BR\",\"@id\":\"https:\/\/www.ciadetalentos.com.br\/blog\/#\/schema\/person\/image\/\",\"url\":\"https:\/\/secure.gravatar.com\/avatar\/ec9131581307470688d2758db09a3f14?s=96&d=mm&r=g\",\"contentUrl\":\"https:\/\/secure.gravatar.com\/avatar\/ec9131581307470688d2758db09a3f14?s=96&d=mm&r=g\",\"caption\":\"giomaz\"},\"url\":\"https:\/\/www.ciadetalentos.com.br\/blog\/author\/giomaz\/\"}]}<\/script>\n<!-- \/ Yoast SEO plugin. -->","yoast_head_json":{"title":"Ensina Brasil est\u00e1 com inscri\u00e7\u00f5es abertas; conhe\u00e7a o programa Blog Cia de Talentos","description":"A startup de educa\u00e7\u00e3o acredita que os jovens mais promissores deveriam atuar para resolver problemas mais complexos do pa\u00eds.","robots":{"index":"index","follow":"follow","max-snippet":"max-snippet:-1","max-image-preview":"max-image-preview:large","max-video-preview":"max-video-preview:-1"},"canonical":"https:\/\/www.ciadetalentos.com.br\/blog\/ensina-brasil-esta-com-inscricoes-abertas-conheca-o-programa\/","og_locale":"pt_BR","og_type":"article","og_title":"Ensina Brasil est\u00e1 com inscri\u00e7\u00f5es abertas; conhe\u00e7a o programa Blog Cia de Talentos","og_description":"A startup de educa\u00e7\u00e3o acredita que os jovens mais promissores deveriam atuar para resolver problemas mais complexos do pa\u00eds.","og_url":"https:\/\/www.ciadetalentos.com.br\/blog\/ensina-brasil-esta-com-inscricoes-abertas-conheca-o-programa\/","og_site_name":"Blog Cia de Talentos","article_published_time":"2019-09-06T18:41:47+00:00","article_modified_time":"2023-08-10T19:46:34+00:00","og_image":[{"width":720,"height":542,"url":"https:\/\/www.ciadetalentos.com.br\/blog\/wp-content\/uploads\/sites\/7\/2019\/09\/4.png","type":"image\/png"}],"author":"giomaz","twitter_card":"summary_large_image","twitter_misc":{"Escrito por":"giomaz","Est. tempo de leitura":"4 minutos"},"schema":{"@context":"https:\/\/schema.org","@graph":[{"@type":"WebPage","@id":"https:\/\/www.ciadetalentos.com.br\/blog\/ensina-brasil-esta-com-inscricoes-abertas-conheca-o-programa\/","url":"https:\/\/www.ciadetalentos.com.br\/blog\/ensina-brasil-esta-com-inscricoes-abertas-conheca-o-programa\/","name":"Ensina Brasil est\u00e1 com inscri\u00e7\u00f5es abertas; conhe\u00e7a o programa Blog Cia de Talentos","isPartOf":{"@id":"https:\/\/www.ciadetalentos.com.br\/blog\/#website"},"primaryImageOfPage":{"@id":"https:\/\/www.ciadetalentos.com.br\/blog\/ensina-brasil-esta-com-inscricoes-abertas-conheca-o-programa\/#primaryimage"},"image":{"@id":"https:\/\/www.ciadetalentos.com.br\/blog\/ensina-brasil-esta-com-inscricoes-abertas-conheca-o-programa\/#primaryimage"},"thumbnailUrl":"https:\/\/www.ciadetalentos.com.br\/blog\/wp-content\/uploads\/sites\/7\/2019\/09\/4.png","datePublished":"2019-09-06T18:41:47+00:00","dateModified":"2023-08-10T19:46:34+00:00","author":{"@id":"https:\/\/www.ciadetalentos.com.br\/blog\/#\/schema\/person\/1f11df039f9195a4b29e0aadcf676d7f"},"description":"A startup de educa\u00e7\u00e3o acredita que os jovens mais promissores deveriam atuar para resolver problemas mais complexos do pa\u00eds.","breadcrumb":{"@id":"https:\/\/www.ciadetalentos.com.br\/blog\/ensina-brasil-esta-com-inscricoes-abertas-conheca-o-programa\/#breadcrumb"},"inLanguage":"pt-BR","potentialAction":[{"@type":"ReadAction","target":["https:\/\/www.ciadetalentos.com.br\/blog\/ensina-brasil-esta-com-inscricoes-abertas-conheca-o-programa\/"]}]},{"@type":"ImageObject","inLanguage":"pt-BR","@id":"https:\/\/www.ciadetalentos.com.br\/blog\/ensina-brasil-esta-com-inscricoes-abertas-conheca-o-programa\/#primaryimage","url":"https:\/\/www.ciadetalentos.com.br\/blog\/wp-content\/uploads\/sites\/7\/2019\/09\/4.png","contentUrl":"https:\/\/www.ciadetalentos.com.br\/blog\/wp-content\/uploads\/sites\/7\/2019\/09\/4.png","width":720,"height":542,"caption":"Ensina Brasil est\u00e1 com inscri\u00e7\u00f5es abertas; conhe\u00e7a o programa"},{"@type":"BreadcrumbList","@id":"https:\/\/www.ciadetalentos.com.br\/blog\/ensina-brasil-esta-com-inscricoes-abertas-conheca-o-programa\/#breadcrumb","itemListElement":[{"@type":"ListItem","position":1,"name":"Home","item":"https:\/\/www.ciadetalentos.com.br\/blog\/"},{"@type":"ListItem","position":2,"name":"Ensina Brasil est\u00e1 com inscri\u00e7\u00f5es abertas; conhe\u00e7a o programa"}]},{"@type":"WebSite","@id":"https:\/\/www.ciadetalentos.com.br\/blog\/#website","url":"https:\/\/www.ciadetalentos.com.br\/blog\/","name":"Blog Cia de Talentos","description":"Descubra tudo o que voc\u00ea precisa para desenvolver carreiras e transformar sua vida profissional","potentialAction":[{"@type":"SearchAction","target":{"@type":"EntryPoint","urlTemplate":"https:\/\/www.ciadetalentos.com.br\/blog\/?s={search_term_string}"},"query-input":"required name=search_term_string"}],"inLanguage":"pt-BR"},{"@type":"Person","@id":"https:\/\/www.ciadetalentos.com.br\/blog\/#\/schema\/person\/1f11df039f9195a4b29e0aadcf676d7f","name":"giomaz","image":{"@type":"ImageObject","inLanguage":"pt-BR","@id":"https:\/\/www.ciadetalentos.com.br\/blog\/#\/schema\/person\/image\/","url":"https:\/\/secure.gravatar.com\/avatar\/ec9131581307470688d2758db09a3f14?s=96&d=mm&r=g","contentUrl":"https:\/\/secure.gravatar.com\/avatar\/ec9131581307470688d2758db09a3f14?s=96&d=mm&r=g","caption":"giomaz"},"url":"https:\/\/www.ciadetalentos.com.br\/blog\/author\/giomaz\/"}]}},"_links":{"self":[{"href":"https:\/\/www.ciadetalentos.com.br\/blog\/wp-json\/wp\/v2\/posts\/2430"}],"collection":[{"href":"https:\/\/www.ciadetalentos.com.br\/blog\/wp-json\/wp\/v2\/posts"}],"about":[{"href":"https:\/\/www.ciadetalentos.com.br\/blog\/wp-json\/wp\/v2\/types\/post"}],"author":[{"embeddable":true,"href":"https:\/\/www.ciadetalentos.com.br\/blog\/wp-json\/wp\/v2\/users\/7"}],"replies":[{"embeddable":true,"href":"https:\/\/www.ciadetalentos.com.br\/blog\/wp-json\/wp\/v2\/comments?post=2430"}],"version-history":[{"count":4,"href":"https:\/\/www.ciadetalentos.com.br\/blog\/wp-json\/wp\/v2\/posts\/2430\/revisions"}],"predecessor-version":[{"id":2541,"href":"https:\/\/www.ciadetalentos.com.br\/blog\/wp-json\/wp\/v2\/posts\/2430\/revisions\/2541"}],"wp:featuredmedia":[{"embeddable":true,"href":"https:\/\/www.ciadetalentos.com.br\/blog\/wp-json\/wp\/v2\/media\/2431"}],"wp:attachment":[{"href":"https:\/\/www.ciadetalentos.com.br\/blog\/wp-json\/wp\/v2\/media?parent=2430"}],"wp:term":[{"taxonomy":"category","embeddable":true,"href":"https:\/\/www.ciadetalentos.com.br\/blog\/wp-json\/wp\/v2\/categories?post=2430"},{"taxonomy":"post_tag","embeddable":true,"href":"https:\/\/www.ciadetalentos.com.br\/blog\/wp-json\/wp\/v2\/tags?post=2430"}],"curies":[{"name":"wp","href":"https:\/\/api.w.org\/{rel}","templated":true}]}}