{"id":2728,"date":"2019-09-27T19:17:19","date_gmt":"2019-09-27T22:17:19","guid":{"rendered":"https:\/\/www.ciadetalentos.com.br\/blog\/?p=2728"},"modified":"2023-08-14T16:52:21","modified_gmt":"2023-08-14T19:52:21","slug":"estas-licoes-da-infancia-podem-transformar-sua-vida-profissional","status":"publish","type":"post","link":"https:\/\/www.ciadetalentos.com.br\/blog\/estas-licoes-da-infancia-podem-transformar-sua-vida-profissional\/","title":{"rendered":"Estas li\u00e7\u00f5es da inf\u00e2ncia podem transformar sua vida profissional"},"content":{"rendered":"<p><em>&#8220;Eram criaturas de um planeta imagin\u00e1rio.<\/em><br \/>\n<em>Herm\u00e9ticos neste mundo, todos se chamavam Speed Racer,<\/em><br \/>\n<em>E falavam uma l\u00edngua estranha, que os adultos n\u00e3o entendiam.<\/em><br \/>\n<em>Vorazes, alimentavam-se de sonho,<\/em><br \/>\n<em>Liberdade, vento, de K-suco e p\u00e3o com mortadela.<\/em><br \/>\n<em>Esses monstrinhos queriam dominar a terra.<\/em><br \/>\n<em>Chegavam aos montes descendo ladeiras,<\/em><br \/>\n<em>Pilotando naves ex\u00f3ticas feitas de t\u00e1bua de compensado<\/em><br \/>\n<em>e rodinhas de rolim\u00e3.<\/em><br \/>\n<em>N\u00e3o fosse o tempo, teriam dominado o universo. \u201d<\/em><br \/>\n<em>Brasinhas do Espa\u00e7o \u2013 Sergio Vaz<\/em><\/p>\n<p>O sonho de abrir um orfanato me fez estudar Psicologia, o que me levou ao mercado de Recursos Humanos. Foi por meio das crian\u00e7as que eu encontrei um sentido para a minha carreira.<\/p>\n<p>Mundo adulto, burocracias e leis impediram que o orfanato fosse criado, ent\u00e3o tudo mudou. Quase tudo, na verdade. Com a criatividade de uma crian\u00e7a, uma especialista da Vara da Inf\u00e2ncia me mostrou que eu tinha como adotar outro tipo de necessidade, os \u00f3rf\u00e3os do mercado de trabalho.<\/p>\n<p>Dessa forma nasceu o Instituto Ser+ que capacita milhares de<strong> jovens <\/strong>em situa\u00e7\u00e3o de vulnerabilidade social em parceria com empresas, possibilitando a inclus\u00e3o e o protagonismo jovem nas organiza\u00e7\u00f5es brasileiras.<\/p>\n<div class=\"ad-content\">\n<div id=\"abrAD_dyn_rectangle1\" class=\"appear\" data-appear-top-offset=\"300\">\n<div id=\"google_ads_iframe_\/9287\/exame\/carreira_5__container__\">O adulto acredita demais no n\u00e3o. As crian\u00e7as acreditam em solu\u00e7\u00f5es. A crian\u00e7a \u00e9 uma constante imprevis\u00e3o, talvez por isso a sociedade tenha se dedicado tanto em conter \u00e0 inf\u00e2ncia, em busca de controle. Pois bem, n\u00e3o funcionou.<\/div>\n<\/div>\n<\/div>\n<p>Estamos em setembro, onde foi necess\u00e1rio nascer a campanha \u2018Setembro Amarelo\u2019 para prestarmos aten\u00e7\u00e3o em como est\u00e1 a nossa sa\u00fade mental e daqueles que nos cercam. A Organiza\u00e7\u00e3o Mundial de Sa\u00fade (OMS) revelou que em 2020 a depress\u00e3o ser\u00e1 a maior causa de afastamento do trabalho por doen\u00e7a. O que aconteceu?<\/p>\n<p>Como psic\u00f3loga eu poderia trazer in\u00fameros aspectos sobre os motivos dos crescentes diagn\u00f3sticos de psicopatologias mentais que est\u00e3o afetando a qualidade de vida, n\u00e3o s\u00f3 dos brasileiros \u2013 considerado o pa\u00eds mais ansioso da Am\u00e9rica Latina \u2013 mas do mundo todo.<\/p>\n<p>Mas hoje trago um dos pontos que considero mais importantes. Esquecemos da nossa crian\u00e7a. Esquecemos de trazer suas qualidades ao mundo adulto. E, se esquecemos da nossa pr\u00f3pria, como olhar com respeito e cuidado para o futuro das que hoje nos cercam? A sua carreira promove impactos positivos \u00e0 sustentabilidade ambiental e social? Que tipo de futuro voc\u00ea est\u00e1 ajudando a construir para as crian\u00e7as de hoje?<\/p>\n<p><strong>Ent\u00e3o, que tal come\u00e7ar a resgatar as li\u00e7\u00f5es da inf\u00e2ncia que podem transformar a sua vida profissional?<\/strong><\/p>\n<p><strong>Curiosidade:<\/strong>\u00a0porque sim n\u00e3o \u00e9 resposta! Elas querem saber o motivo das coisas, para que servem, como funcionam. A curiosidade \u00e9 uma qualidade essencial para a evolu\u00e7\u00e3o de qualquer profissional. Tenha fome de aprender, n\u00e3o se contente com respostas prontas e divirta-se descobrindo novos caminhos.<\/p>\n<p><strong>Imagina\u00e7\u00e3o:<\/strong>\u00a0pedras se transformavam em castelos, plantas em comidinhas e os bichos de pel\u00facia em alunos na sua escolinha imagin\u00e1ria. As crian\u00e7as t\u00eam o poder de ver potencial em tudo e dar novos significados a objetos comuns. Ou seja, s\u00e3o especialistas em criar solu\u00e7\u00f5es e em se adaptarem ao que tem. Essas qualidades s\u00e3o a base dos talentos \u00e1geis, como s\u00e3o chamados os profissionais do futuro.<\/p>\n<p><strong>Simplicidade:<\/strong>\u00a0As crian\u00e7as se importam com as amizades, a divers\u00e3o e com as experi\u00eancias. N\u00f3s nos preocupamos com r\u00f3tulos, conceitos, apar\u00eancias. Quem est\u00e1 vivendo melhor a vida?<\/p>\n<p><strong>Inclus\u00e3o:<\/strong>\u00a0ano passado um experimento colocou duas crian\u00e7as juntas onde uma ganhava um lanche e a outra n\u00e3o. O v\u00eddeo viralizou ao mostrar que todas elas escolhiam dividir o seu lanche com o colega. Preconceito e exclus\u00e3o n\u00e3o s\u00e3o originais \u00e0s crian\u00e7as. S\u00e3o conceitos ensinados e est\u00e1 mais que na hora de desaprender e retomar nosso poder de nos relacionarmos genuinamente. N\u00e3o tenha d\u00favidas de que, se pudermos cultivar a pureza de uma crian\u00e7a, vamos criar rela\u00e7\u00f5es mais felizes.<\/p>\n<p><strong>Foco<\/strong>: o momento presente \u00e9 \u00fanico para as crian\u00e7as. Elas n\u00e3o est\u00e3o preocupadas com o passado e nem com o que ser\u00e3o no futuro. Elas se dedicam totalmente em como fazer do presente o melhor que ele pode ser.<\/p>\n<p><strong>Express\u00e3o:<\/strong>\u00a0se est\u00e3o tristes, falam. Se est\u00e3o felizes, deixam claro. Elas n\u00e3o se escondem por medo de julgamento. Pesquisas recentes mostraram que o mercado est\u00e1 exigindo transpar\u00eancia e vulnerabilidade nas empresas. Por\u00e9m, o que s\u00e3o as empresas sen\u00e3o pessoas e que voc\u00ea faz parte disso?<\/p>\n<p><strong>Divers\u00e3o:<\/strong>\u00a0divers\u00e3o virou sin\u00f4nimo de improdutividade. Veja s\u00f3 onde fomos parar. As crian\u00e7as brincam porque essa \u00e9 a sua natureza. Fazem do mundo um universo de descobertas e se divertem com isso. Que tal resgatar essa capacidade? Como voc\u00ea pode, a partir de agora, transformar o seu ambiente de trabalho e as suas tarefas em processos mais divertidos, din\u00e2micos e criativos?<\/p>\n<p>Afinal, a sua crian\u00e7a teria orgulho do adulto que voc\u00ea se tornou? Nunca \u00e9 tarde demais para se reinventar e construir novas realidades. Confie em voc\u00ea e quando n\u00e3o souber os caminhos, pergunte para a sua crian\u00e7a e surpreenda-se com as respostas simples e eficientes que ela tem a\u00a0 dizer.<br \/>\nBoa divers\u00e3o!<\/p>\n<p>*Esse artigo foi escrito originalmente por Sofia Esteves para a coluna Carreira &#8211; VOC\u00ca S\/A da revista Exame.<\/p>\n","protected":false},"excerpt":{"rendered":"<p>&#8220;Eram criaturas de um planeta imagin\u00e1rio. Herm\u00e9ticos neste mundo, todos se chamavam Speed Racer,&hellip;<\/p>\n","protected":false},"author":7,"featured_media":2729,"comment_status":"open","ping_status":"open","sticky":false,"template":"","format":"standard","meta":{"footnotes":""},"categories":[20],"tags":[48,67,152,182,98],"yoast_head":"<!-- This site is optimized with the Yoast SEO plugin v22.5 - https:\/\/yoast.com\/wordpress\/plugins\/seo\/ -->\n<title>Estas li\u00e7\u00f5es da inf\u00e2ncia podem transformar sua vida profissional - Blog Cia de Talentos<\/title>\n<meta name=\"description\" content=\"A inf\u00e2ncia pode gerar muitos aprendizados, inclusive para a sua vida profissional. Saiba quais li\u00e7\u00f5es tirar da sua.\" \/>\n<meta name=\"robots\" content=\"index, follow, max-snippet:-1, max-image-preview:large, max-video-preview:-1\" \/>\n<link rel=\"canonical\" href=\"https:\/\/www.ciadetalentos.com.br\/blog\/estas-licoes-da-infancia-podem-transformar-sua-vida-profissional\/\" \/>\n<meta property=\"og:locale\" content=\"pt_BR\" \/>\n<meta property=\"og:type\" content=\"article\" \/>\n<meta property=\"og:title\" content=\"Estas li\u00e7\u00f5es da inf\u00e2ncia podem transformar sua vida profissional - Blog Cia de Talentos\" \/>\n<meta property=\"og:description\" content=\"A inf\u00e2ncia pode gerar muitos aprendizados, inclusive para a sua vida profissional. Saiba quais li\u00e7\u00f5es tirar da sua.\" \/>\n<meta property=\"og:url\" content=\"https:\/\/www.ciadetalentos.com.br\/blog\/estas-licoes-da-infancia-podem-transformar-sua-vida-profissional\/\" \/>\n<meta property=\"og:site_name\" content=\"Blog Cia de Talentos\" \/>\n<meta property=\"article:published_time\" content=\"2019-09-27T22:17:19+00:00\" \/>\n<meta property=\"article:modified_time\" content=\"2023-08-14T19:52:21+00:00\" \/>\n<meta property=\"og:image\" content=\"https:\/\/www.ciadetalentos.com.br\/blog\/wp-content\/uploads\/sites\/7\/2019\/09\/post-infancia-blog.png\" \/>\n\t<meta property=\"og:image:width\" content=\"720\" \/>\n\t<meta property=\"og:image:height\" content=\"540\" \/>\n\t<meta property=\"og:image:type\" content=\"image\/png\" \/>\n<meta name=\"author\" content=\"giomaz\" \/>\n<meta name=\"twitter:card\" content=\"summary_large_image\" \/>\n<meta name=\"twitter:label1\" content=\"Escrito por\" \/>\n\t<meta name=\"twitter:data1\" content=\"giomaz\" \/>\n\t<meta name=\"twitter:label2\" content=\"Est. tempo de leitura\" \/>\n\t<meta name=\"twitter:data2\" content=\"5 minutos\" \/>\n<script type=\"application\/ld+json\" class=\"yoast-schema-graph\">{\"@context\":\"https:\/\/schema.org\",\"@graph\":[{\"@type\":\"WebPage\",\"@id\":\"https:\/\/www.ciadetalentos.com.br\/blog\/estas-licoes-da-infancia-podem-transformar-sua-vida-profissional\/\",\"url\":\"https:\/\/www.ciadetalentos.com.br\/blog\/estas-licoes-da-infancia-podem-transformar-sua-vida-profissional\/\",\"name\":\"Estas li\u00e7\u00f5es da inf\u00e2ncia podem transformar sua vida profissional - Blog Cia de Talentos\",\"isPartOf\":{\"@id\":\"https:\/\/www.ciadetalentos.com.br\/blog\/#website\"},\"primaryImageOfPage\":{\"@id\":\"https:\/\/www.ciadetalentos.com.br\/blog\/estas-licoes-da-infancia-podem-transformar-sua-vida-profissional\/#primaryimage\"},\"image\":{\"@id\":\"https:\/\/www.ciadetalentos.com.br\/blog\/estas-licoes-da-infancia-podem-transformar-sua-vida-profissional\/#primaryimage\"},\"thumbnailUrl\":\"https:\/\/www.ciadetalentos.com.br\/blog\/wp-content\/uploads\/sites\/7\/2019\/09\/post-infancia-blog.png\",\"datePublished\":\"2019-09-27T22:17:19+00:00\",\"dateModified\":\"2023-08-14T19:52:21+00:00\",\"author\":{\"@id\":\"https:\/\/www.ciadetalentos.com.br\/blog\/#\/schema\/person\/1f11df039f9195a4b29e0aadcf676d7f\"},\"description\":\"A inf\u00e2ncia pode gerar muitos aprendizados, inclusive para a sua vida profissional. Saiba quais li\u00e7\u00f5es tirar da sua.\",\"breadcrumb\":{\"@id\":\"https:\/\/www.ciadetalentos.com.br\/blog\/estas-licoes-da-infancia-podem-transformar-sua-vida-profissional\/#breadcrumb\"},\"inLanguage\":\"pt-BR\",\"potentialAction\":[{\"@type\":\"ReadAction\",\"target\":[\"https:\/\/www.ciadetalentos.com.br\/blog\/estas-licoes-da-infancia-podem-transformar-sua-vida-profissional\/\"]}]},{\"@type\":\"ImageObject\",\"inLanguage\":\"pt-BR\",\"@id\":\"https:\/\/www.ciadetalentos.com.br\/blog\/estas-licoes-da-infancia-podem-transformar-sua-vida-profissional\/#primaryimage\",\"url\":\"https:\/\/www.ciadetalentos.com.br\/blog\/wp-content\/uploads\/sites\/7\/2019\/09\/post-infancia-blog.png\",\"contentUrl\":\"https:\/\/www.ciadetalentos.com.br\/blog\/wp-content\/uploads\/sites\/7\/2019\/09\/post-infancia-blog.png\",\"width\":720,\"height\":540},{\"@type\":\"BreadcrumbList\",\"@id\":\"https:\/\/www.ciadetalentos.com.br\/blog\/estas-licoes-da-infancia-podem-transformar-sua-vida-profissional\/#breadcrumb\",\"itemListElement\":[{\"@type\":\"ListItem\",\"position\":1,\"name\":\"Home\",\"item\":\"https:\/\/www.ciadetalentos.com.br\/blog\/\"},{\"@type\":\"ListItem\",\"position\":2,\"name\":\"Estas li\u00e7\u00f5es da inf\u00e2ncia podem transformar sua vida profissional\"}]},{\"@type\":\"WebSite\",\"@id\":\"https:\/\/www.ciadetalentos.com.br\/blog\/#website\",\"url\":\"https:\/\/www.ciadetalentos.com.br\/blog\/\",\"name\":\"Blog Cia de Talentos\",\"description\":\"Descubra tudo o que voc\u00ea precisa para desenvolver carreiras e transformar sua vida profissional\",\"potentialAction\":[{\"@type\":\"SearchAction\",\"target\":{\"@type\":\"EntryPoint\",\"urlTemplate\":\"https:\/\/www.ciadetalentos.com.br\/blog\/?s={search_term_string}\"},\"query-input\":\"required name=search_term_string\"}],\"inLanguage\":\"pt-BR\"},{\"@type\":\"Person\",\"@id\":\"https:\/\/www.ciadetalentos.com.br\/blog\/#\/schema\/person\/1f11df039f9195a4b29e0aadcf676d7f\",\"name\":\"giomaz\",\"image\":{\"@type\":\"ImageObject\",\"inLanguage\":\"pt-BR\",\"@id\":\"https:\/\/www.ciadetalentos.com.br\/blog\/#\/schema\/person\/image\/\",\"url\":\"https:\/\/secure.gravatar.com\/avatar\/ec9131581307470688d2758db09a3f14?s=96&d=mm&r=g\",\"contentUrl\":\"https:\/\/secure.gravatar.com\/avatar\/ec9131581307470688d2758db09a3f14?s=96&d=mm&r=g\",\"caption\":\"giomaz\"},\"url\":\"https:\/\/www.ciadetalentos.com.br\/blog\/author\/giomaz\/\"}]}<\/script>\n<!-- \/ Yoast SEO plugin. -->","yoast_head_json":{"title":"Estas li\u00e7\u00f5es da inf\u00e2ncia podem transformar sua vida profissional - Blog Cia de Talentos","description":"A inf\u00e2ncia pode gerar muitos aprendizados, inclusive para a sua vida profissional. Saiba quais li\u00e7\u00f5es tirar da sua.","robots":{"index":"index","follow":"follow","max-snippet":"max-snippet:-1","max-image-preview":"max-image-preview:large","max-video-preview":"max-video-preview:-1"},"canonical":"https:\/\/www.ciadetalentos.com.br\/blog\/estas-licoes-da-infancia-podem-transformar-sua-vida-profissional\/","og_locale":"pt_BR","og_type":"article","og_title":"Estas li\u00e7\u00f5es da inf\u00e2ncia podem transformar sua vida profissional - Blog Cia de Talentos","og_description":"A inf\u00e2ncia pode gerar muitos aprendizados, inclusive para a sua vida profissional. Saiba quais li\u00e7\u00f5es tirar da sua.","og_url":"https:\/\/www.ciadetalentos.com.br\/blog\/estas-licoes-da-infancia-podem-transformar-sua-vida-profissional\/","og_site_name":"Blog Cia de Talentos","article_published_time":"2019-09-27T22:17:19+00:00","article_modified_time":"2023-08-14T19:52:21+00:00","og_image":[{"width":720,"height":540,"url":"https:\/\/www.ciadetalentos.com.br\/blog\/wp-content\/uploads\/sites\/7\/2019\/09\/post-infancia-blog.png","type":"image\/png"}],"author":"giomaz","twitter_card":"summary_large_image","twitter_misc":{"Escrito por":"giomaz","Est. tempo de leitura":"5 minutos"},"schema":{"@context":"https:\/\/schema.org","@graph":[{"@type":"WebPage","@id":"https:\/\/www.ciadetalentos.com.br\/blog\/estas-licoes-da-infancia-podem-transformar-sua-vida-profissional\/","url":"https:\/\/www.ciadetalentos.com.br\/blog\/estas-licoes-da-infancia-podem-transformar-sua-vida-profissional\/","name":"Estas li\u00e7\u00f5es da inf\u00e2ncia podem transformar sua vida profissional - Blog Cia de Talentos","isPartOf":{"@id":"https:\/\/www.ciadetalentos.com.br\/blog\/#website"},"primaryImageOfPage":{"@id":"https:\/\/www.ciadetalentos.com.br\/blog\/estas-licoes-da-infancia-podem-transformar-sua-vida-profissional\/#primaryimage"},"image":{"@id":"https:\/\/www.ciadetalentos.com.br\/blog\/estas-licoes-da-infancia-podem-transformar-sua-vida-profissional\/#primaryimage"},"thumbnailUrl":"https:\/\/www.ciadetalentos.com.br\/blog\/wp-content\/uploads\/sites\/7\/2019\/09\/post-infancia-blog.png","datePublished":"2019-09-27T22:17:19+00:00","dateModified":"2023-08-14T19:52:21+00:00","author":{"@id":"https:\/\/www.ciadetalentos.com.br\/blog\/#\/schema\/person\/1f11df039f9195a4b29e0aadcf676d7f"},"description":"A inf\u00e2ncia pode gerar muitos aprendizados, inclusive para a sua vida profissional. Saiba quais li\u00e7\u00f5es tirar da sua.","breadcrumb":{"@id":"https:\/\/www.ciadetalentos.com.br\/blog\/estas-licoes-da-infancia-podem-transformar-sua-vida-profissional\/#breadcrumb"},"inLanguage":"pt-BR","potentialAction":[{"@type":"ReadAction","target":["https:\/\/www.ciadetalentos.com.br\/blog\/estas-licoes-da-infancia-podem-transformar-sua-vida-profissional\/"]}]},{"@type":"ImageObject","inLanguage":"pt-BR","@id":"https:\/\/www.ciadetalentos.com.br\/blog\/estas-licoes-da-infancia-podem-transformar-sua-vida-profissional\/#primaryimage","url":"https:\/\/www.ciadetalentos.com.br\/blog\/wp-content\/uploads\/sites\/7\/2019\/09\/post-infancia-blog.png","contentUrl":"https:\/\/www.ciadetalentos.com.br\/blog\/wp-content\/uploads\/sites\/7\/2019\/09\/post-infancia-blog.png","width":720,"height":540},{"@type":"BreadcrumbList","@id":"https:\/\/www.ciadetalentos.com.br\/blog\/estas-licoes-da-infancia-podem-transformar-sua-vida-profissional\/#breadcrumb","itemListElement":[{"@type":"ListItem","position":1,"name":"Home","item":"https:\/\/www.ciadetalentos.com.br\/blog\/"},{"@type":"ListItem","position":2,"name":"Estas li\u00e7\u00f5es da inf\u00e2ncia podem transformar sua vida profissional"}]},{"@type":"WebSite","@id":"https:\/\/www.ciadetalentos.com.br\/blog\/#website","url":"https:\/\/www.ciadetalentos.com.br\/blog\/","name":"Blog Cia de Talentos","description":"Descubra tudo o que voc\u00ea precisa para desenvolver carreiras e transformar sua vida profissional","potentialAction":[{"@type":"SearchAction","target":{"@type":"EntryPoint","urlTemplate":"https:\/\/www.ciadetalentos.com.br\/blog\/?s={search_term_string}"},"query-input":"required name=search_term_string"}],"inLanguage":"pt-BR"},{"@type":"Person","@id":"https:\/\/www.ciadetalentos.com.br\/blog\/#\/schema\/person\/1f11df039f9195a4b29e0aadcf676d7f","name":"giomaz","image":{"@type":"ImageObject","inLanguage":"pt-BR","@id":"https:\/\/www.ciadetalentos.com.br\/blog\/#\/schema\/person\/image\/","url":"https:\/\/secure.gravatar.com\/avatar\/ec9131581307470688d2758db09a3f14?s=96&d=mm&r=g","contentUrl":"https:\/\/secure.gravatar.com\/avatar\/ec9131581307470688d2758db09a3f14?s=96&d=mm&r=g","caption":"giomaz"},"url":"https:\/\/www.ciadetalentos.com.br\/blog\/author\/giomaz\/"}]}},"_links":{"self":[{"href":"https:\/\/www.ciadetalentos.com.br\/blog\/wp-json\/wp\/v2\/posts\/2728"}],"collection":[{"href":"https:\/\/www.ciadetalentos.com.br\/blog\/wp-json\/wp\/v2\/posts"}],"about":[{"href":"https:\/\/www.ciadetalentos.com.br\/blog\/wp-json\/wp\/v2\/types\/post"}],"author":[{"embeddable":true,"href":"https:\/\/www.ciadetalentos.com.br\/blog\/wp-json\/wp\/v2\/users\/7"}],"replies":[{"embeddable":true,"href":"https:\/\/www.ciadetalentos.com.br\/blog\/wp-json\/wp\/v2\/comments?post=2728"}],"version-history":[{"count":1,"href":"https:\/\/www.ciadetalentos.com.br\/blog\/wp-json\/wp\/v2\/posts\/2728\/revisions"}],"predecessor-version":[{"id":2730,"href":"https:\/\/www.ciadetalentos.com.br\/blog\/wp-json\/wp\/v2\/posts\/2728\/revisions\/2730"}],"wp:featuredmedia":[{"embeddable":true,"href":"https:\/\/www.ciadetalentos.com.br\/blog\/wp-json\/wp\/v2\/media\/2729"}],"wp:attachment":[{"href":"https:\/\/www.ciadetalentos.com.br\/blog\/wp-json\/wp\/v2\/media?parent=2728"}],"wp:term":[{"taxonomy":"category","embeddable":true,"href":"https:\/\/www.ciadetalentos.com.br\/blog\/wp-json\/wp\/v2\/categories?post=2728"},{"taxonomy":"post_tag","embeddable":true,"href":"https:\/\/www.ciadetalentos.com.br\/blog\/wp-json\/wp\/v2\/tags?post=2728"}],"curies":[{"name":"wp","href":"https:\/\/api.w.org\/{rel}","templated":true}]}}