{"id":2938,"date":"2020-01-14T13:44:32","date_gmt":"2020-01-14T16:44:32","guid":{"rendered":"https:\/\/www.ciadetalentos.com.br\/blog\/?p=2938"},"modified":"2023-08-15T18:41:59","modified_gmt":"2023-08-15T21:41:59","slug":"quer-mudar-sua-carreira-em-2020-comece-a-fazer-estas-perguntas","status":"publish","type":"post","link":"https:\/\/www.ciadetalentos.com.br\/blog\/quer-mudar-sua-carreira-em-2020-comece-a-fazer-estas-perguntas\/","title":{"rendered":"Quer mudar sua carreira em 2020? Comece a fazer estas perguntas"},"content":{"rendered":"<p>Por que o c\u00e9u \u00e9 azul? Por que preciso dormir? Por que eu tenho que comer? Por que existe dia e noite? Certamente quem tem filhos ou convive com crian\u00e7as j\u00e1 foi pego de surpresa por alguma dessas perguntas.<\/p>\n<p>\u00c9 natural. O questionamento \u00e9 a base para aquisi\u00e7\u00e3o de qualquer conhecimento e tudo come\u00e7a pela curiosidade, pelo desejo em descobrir novas informa\u00e7\u00f5es e termina em ouvidos bem atentos para absorver o conte\u00fado aprendido, quer dizer\u2026 Ser\u00e1 que a curiosidade deve ter um ponto final?<\/p>\n<p>Nosso comportamento, enquanto sociedade, est\u00e1 atravessando r\u00e1pidas mudan\u00e7as e as solu\u00e7\u00f5es de antes j\u00e1 n\u00e3o servir\u00e3o mais. O futuro precisa de novas respostas que s\u00f3 ser\u00e3o descobertas por quem ousar duvidar dos modelos atuais, atrav\u00e9s das perguntas certas.<\/p>\n<p>Sendo assim, o pensamento cr\u00edtico se tornou uma das habilidades mais importantes para o resgate da inova\u00e7\u00e3o no mercado do trabalho.<\/p>\n<h3 style=\"text-align: center\">Seu desenvolvimento profissional come\u00e7a com o seu desenvolvimento pessoal<\/h3>\n<p>Por que voc\u00ea escolheu trabalhar com o que faz? Por que voc\u00ea escolheu se relacionar com as pessoas que voc\u00ea mais convive? Por que voc\u00ea confia em determinada pessoa e em outra n\u00e3o? Por que voc\u00ea continua adiando os seus sonhos? Quais s\u00e3o os seus valores que voc\u00ea n\u00e3o abre m\u00e3o e por que? Al\u00e9m de ideias, sonhos e projetos, quem \u00e9 voc\u00ea al\u00e9m dos seus desejos, quem voc\u00ea quer ser? Por que?<\/p>\n<p>O quanto perguntas te incomodam? Crescemos em um sistema educacional que permitiu muito pouco o ato de questionar \u2013 ou seja, de pensar realmente -, no m\u00e1ximo pod\u00edamos perguntar sobre o conte\u00fado, mas nunca o porqu\u00ea de se aprender algo, ou pior ainda, trazer alguma quest\u00e3o existencial a cerca de um aprendizado.<\/p>\n<p>Desaprendemos a pensar e nos deparar com provoca\u00e7\u00f5es cr\u00edticas costuma incomodar. Precisamos refazer o caminho que as crian\u00e7as t\u00eam na ponta da l\u00edngua de olhar para tudo como uma grande interroga\u00e7\u00e3o ansiosa por ser desvendada.<\/p>\n<p>O quanto voc\u00ea questiona seus atos diariamente? O piloto autom\u00e1tico \u00e9 o inimigo n\u00famero um do desenvolvimento do racioc\u00ednio cr\u00edtico. Se voc\u00ea n\u00e3o se questiona e n\u00e3o se permite rever sua forma de agir no mundo, dificilmente voc\u00ea levar\u00e1 essa qualidade para a sua vida profissional. N\u00e3o tenha medo de refletir e sempre que necess\u00e1rio mudar de ideia e come\u00e7ar de novo.<\/p>\n<p>Acreditar que j\u00e1 sabe o suficiente \u00e9 o segundo vil\u00e3o dessa habilidade, j\u00e1 que a curiosidade cont\u00ednua \u00e9 quem te torna um profissional inquieto e inovador, mas \u00e9 o medo de mostrar que n\u00e3o sabe algo que te faz permanecer na ignor\u00e2ncia e \u00e9 quem mais te afasta de alcan\u00e7ar o prazer de pensar e desenvolver novas ideias. Se afaste das armadilhas da vergonha e da vaidade!<\/p>\n<p>Desde a Gr\u00e9cia Antiga, a Filosofia nos mostra que a arte de saber questionar \u00e9 o ponto central para enxergar novos caminhos e que saber perguntar \u00e9 muitas vezes mais importante at\u00e9 do que a resposta, pois \u00e9 ela quem move o pensamento cr\u00edtico, que por sua vez, sempre chega em novas respostas.<\/p>\n<p>Para 2020 eu te desejo d\u00favidas e coragem para encontrar as respostas. Analise o seu modelo de trabalho, por que ele \u00e9 feito assim? Como ele pode melhorar? Quais s\u00e3o os maiores desafios da sua empresa e por que eles, ainda, est\u00e3o l\u00e1? Desfrute desse caminho com alegria e divers\u00e3o, isso te trar\u00e1 \u00e2nimo para insistir diante \u00e0s resist\u00eancias no ambiente corporativo, j\u00e1 que alguns profissionais persistem em permanecer na era jur\u00e1ssica e t\u00eam pavor de serem questionados.<\/p>\n<p>E, lembre-se: se o seu pensamento cr\u00edtico sozinho j\u00e1 cria revolu\u00e7\u00f5es, imagine a pot\u00eancia que pode surgir se voc\u00ea levar essa proposta para reuni\u00f5es em equipe?\u00a0 Afinal, a nova era do mercado de trabalho tamb\u00e9m chama por descentraliza\u00e7\u00e3o de poder e compartilhamento de conhecimentos, de foma que a diversidade componha a\u00e7\u00f5es mais assertivas e inclusivas.<\/p>\n<p>Boa jornada e bons questionamentos!<\/p>\n<p><em>Sofia Esteves, para a coluna sobre Carreira da Revista Exame.<\/em><\/p>\n","protected":false},"excerpt":{"rendered":"<p>Por que o c\u00e9u \u00e9 azul? Por que preciso dormir? Por que eu tenho&hellip;<\/p>\n","protected":false},"author":7,"featured_media":2947,"comment_status":"open","ping_status":"open","sticky":false,"template":"","format":"standard","meta":{"footnotes":""},"categories":[20,23,24],"tags":[28,615,599],"yoast_head":"<!-- This site is optimized with the Yoast SEO plugin v22.5 - https:\/\/yoast.com\/wordpress\/plugins\/seo\/ -->\n<title>Quer mudar a sua carreira? Fa\u00e7a as perguntas certas - Blog Cia de Talentos<\/title>\n<meta name=\"description\" content=\"O questionamento \u00e9 a base para adquirir conhecimento. Saiba sobre a import\u00e2ncia de fazer as perguntas certas em rela\u00e7\u00e3o \u00e0 sua carreira.\" \/>\n<meta name=\"robots\" content=\"index, follow, max-snippet:-1, max-image-preview:large, max-video-preview:-1\" \/>\n<link rel=\"canonical\" href=\"https:\/\/www.ciadetalentos.com.br\/blog\/quer-mudar-sua-carreira-em-2020-comece-a-fazer-estas-perguntas\/\" \/>\n<meta property=\"og:locale\" content=\"pt_BR\" \/>\n<meta property=\"og:type\" content=\"article\" \/>\n<meta property=\"og:title\" content=\"Quer mudar a sua carreira? Fa\u00e7a as perguntas certas - Blog Cia de Talentos\" \/>\n<meta property=\"og:description\" content=\"O questionamento \u00e9 a base para adquirir conhecimento. Saiba sobre a import\u00e2ncia de fazer as perguntas certas em rela\u00e7\u00e3o \u00e0 sua carreira.\" \/>\n<meta property=\"og:url\" content=\"https:\/\/www.ciadetalentos.com.br\/blog\/quer-mudar-sua-carreira-em-2020-comece-a-fazer-estas-perguntas\/\" \/>\n<meta property=\"og:site_name\" content=\"Blog Cia de Talentos\" \/>\n<meta property=\"article:published_time\" content=\"2020-01-14T16:44:32+00:00\" \/>\n<meta property=\"article:modified_time\" content=\"2023-08-15T21:41:59+00:00\" \/>\n<meta property=\"og:image\" content=\"https:\/\/www.ciadetalentos.com.br\/blog\/wp-content\/uploads\/sites\/7\/2020\/01\/CIA-BLOGsofia-esteves-2-correto-1.jpg\" \/>\n\t<meta property=\"og:image:width\" content=\"720\" \/>\n\t<meta property=\"og:image:height\" content=\"542\" \/>\n\t<meta property=\"og:image:type\" content=\"image\/jpeg\" \/>\n<meta name=\"author\" content=\"giomaz\" \/>\n<meta name=\"twitter:card\" content=\"summary_large_image\" \/>\n<meta name=\"twitter:label1\" content=\"Escrito por\" \/>\n\t<meta name=\"twitter:data1\" content=\"giomaz\" \/>\n\t<meta name=\"twitter:label2\" content=\"Est. tempo de leitura\" \/>\n\t<meta name=\"twitter:data2\" content=\"4 minutos\" \/>\n<script type=\"application\/ld+json\" class=\"yoast-schema-graph\">{\"@context\":\"https:\/\/schema.org\",\"@graph\":[{\"@type\":\"WebPage\",\"@id\":\"https:\/\/www.ciadetalentos.com.br\/blog\/quer-mudar-sua-carreira-em-2020-comece-a-fazer-estas-perguntas\/\",\"url\":\"https:\/\/www.ciadetalentos.com.br\/blog\/quer-mudar-sua-carreira-em-2020-comece-a-fazer-estas-perguntas\/\",\"name\":\"Quer mudar a sua carreira? Fa\u00e7a as perguntas certas - Blog Cia de Talentos\",\"isPartOf\":{\"@id\":\"https:\/\/www.ciadetalentos.com.br\/blog\/#website\"},\"primaryImageOfPage\":{\"@id\":\"https:\/\/www.ciadetalentos.com.br\/blog\/quer-mudar-sua-carreira-em-2020-comece-a-fazer-estas-perguntas\/#primaryimage\"},\"image\":{\"@id\":\"https:\/\/www.ciadetalentos.com.br\/blog\/quer-mudar-sua-carreira-em-2020-comece-a-fazer-estas-perguntas\/#primaryimage\"},\"thumbnailUrl\":\"https:\/\/www.ciadetalentos.com.br\/blog\/wp-content\/uploads\/sites\/7\/2020\/01\/CIA-BLOGsofia-esteves-2-correto-1.jpg\",\"datePublished\":\"2020-01-14T16:44:32+00:00\",\"dateModified\":\"2023-08-15T21:41:59+00:00\",\"author\":{\"@id\":\"https:\/\/www.ciadetalentos.com.br\/blog\/#\/schema\/person\/1f11df039f9195a4b29e0aadcf676d7f\"},\"description\":\"O questionamento \u00e9 a base para adquirir conhecimento. Saiba sobre a import\u00e2ncia de fazer as perguntas certas em rela\u00e7\u00e3o \u00e0 sua carreira.\",\"breadcrumb\":{\"@id\":\"https:\/\/www.ciadetalentos.com.br\/blog\/quer-mudar-sua-carreira-em-2020-comece-a-fazer-estas-perguntas\/#breadcrumb\"},\"inLanguage\":\"pt-BR\",\"potentialAction\":[{\"@type\":\"ReadAction\",\"target\":[\"https:\/\/www.ciadetalentos.com.br\/blog\/quer-mudar-sua-carreira-em-2020-comece-a-fazer-estas-perguntas\/\"]}]},{\"@type\":\"ImageObject\",\"inLanguage\":\"pt-BR\",\"@id\":\"https:\/\/www.ciadetalentos.com.br\/blog\/quer-mudar-sua-carreira-em-2020-comece-a-fazer-estas-perguntas\/#primaryimage\",\"url\":\"https:\/\/www.ciadetalentos.com.br\/blog\/wp-content\/uploads\/sites\/7\/2020\/01\/CIA-BLOGsofia-esteves-2-correto-1.jpg\",\"contentUrl\":\"https:\/\/www.ciadetalentos.com.br\/blog\/wp-content\/uploads\/sites\/7\/2020\/01\/CIA-BLOGsofia-esteves-2-correto-1.jpg\",\"width\":720,\"height\":542},{\"@type\":\"BreadcrumbList\",\"@id\":\"https:\/\/www.ciadetalentos.com.br\/blog\/quer-mudar-sua-carreira-em-2020-comece-a-fazer-estas-perguntas\/#breadcrumb\",\"itemListElement\":[{\"@type\":\"ListItem\",\"position\":1,\"name\":\"Home\",\"item\":\"https:\/\/www.ciadetalentos.com.br\/blog\/\"},{\"@type\":\"ListItem\",\"position\":2,\"name\":\"Quer mudar sua carreira em 2020? Comece a fazer estas perguntas\"}]},{\"@type\":\"WebSite\",\"@id\":\"https:\/\/www.ciadetalentos.com.br\/blog\/#website\",\"url\":\"https:\/\/www.ciadetalentos.com.br\/blog\/\",\"name\":\"Blog Cia de Talentos\",\"description\":\"Descubra tudo o que voc\u00ea precisa para desenvolver carreiras e transformar sua vida profissional\",\"potentialAction\":[{\"@type\":\"SearchAction\",\"target\":{\"@type\":\"EntryPoint\",\"urlTemplate\":\"https:\/\/www.ciadetalentos.com.br\/blog\/?s={search_term_string}\"},\"query-input\":\"required name=search_term_string\"}],\"inLanguage\":\"pt-BR\"},{\"@type\":\"Person\",\"@id\":\"https:\/\/www.ciadetalentos.com.br\/blog\/#\/schema\/person\/1f11df039f9195a4b29e0aadcf676d7f\",\"name\":\"giomaz\",\"image\":{\"@type\":\"ImageObject\",\"inLanguage\":\"pt-BR\",\"@id\":\"https:\/\/www.ciadetalentos.com.br\/blog\/#\/schema\/person\/image\/\",\"url\":\"https:\/\/secure.gravatar.com\/avatar\/ec9131581307470688d2758db09a3f14?s=96&d=mm&r=g\",\"contentUrl\":\"https:\/\/secure.gravatar.com\/avatar\/ec9131581307470688d2758db09a3f14?s=96&d=mm&r=g\",\"caption\":\"giomaz\"},\"url\":\"https:\/\/www.ciadetalentos.com.br\/blog\/author\/giomaz\/\"}]}<\/script>\n<!-- \/ Yoast SEO plugin. -->","yoast_head_json":{"title":"Quer mudar a sua carreira? Fa\u00e7a as perguntas certas - Blog Cia de Talentos","description":"O questionamento \u00e9 a base para adquirir conhecimento. Saiba sobre a import\u00e2ncia de fazer as perguntas certas em rela\u00e7\u00e3o \u00e0 sua carreira.","robots":{"index":"index","follow":"follow","max-snippet":"max-snippet:-1","max-image-preview":"max-image-preview:large","max-video-preview":"max-video-preview:-1"},"canonical":"https:\/\/www.ciadetalentos.com.br\/blog\/quer-mudar-sua-carreira-em-2020-comece-a-fazer-estas-perguntas\/","og_locale":"pt_BR","og_type":"article","og_title":"Quer mudar a sua carreira? Fa\u00e7a as perguntas certas - Blog Cia de Talentos","og_description":"O questionamento \u00e9 a base para adquirir conhecimento. Saiba sobre a import\u00e2ncia de fazer as perguntas certas em rela\u00e7\u00e3o \u00e0 sua carreira.","og_url":"https:\/\/www.ciadetalentos.com.br\/blog\/quer-mudar-sua-carreira-em-2020-comece-a-fazer-estas-perguntas\/","og_site_name":"Blog Cia de Talentos","article_published_time":"2020-01-14T16:44:32+00:00","article_modified_time":"2023-08-15T21:41:59+00:00","og_image":[{"width":720,"height":542,"url":"https:\/\/www.ciadetalentos.com.br\/blog\/wp-content\/uploads\/sites\/7\/2020\/01\/CIA-BLOGsofia-esteves-2-correto-1.jpg","type":"image\/jpeg"}],"author":"giomaz","twitter_card":"summary_large_image","twitter_misc":{"Escrito por":"giomaz","Est. tempo de leitura":"4 minutos"},"schema":{"@context":"https:\/\/schema.org","@graph":[{"@type":"WebPage","@id":"https:\/\/www.ciadetalentos.com.br\/blog\/quer-mudar-sua-carreira-em-2020-comece-a-fazer-estas-perguntas\/","url":"https:\/\/www.ciadetalentos.com.br\/blog\/quer-mudar-sua-carreira-em-2020-comece-a-fazer-estas-perguntas\/","name":"Quer mudar a sua carreira? Fa\u00e7a as perguntas certas - Blog Cia de Talentos","isPartOf":{"@id":"https:\/\/www.ciadetalentos.com.br\/blog\/#website"},"primaryImageOfPage":{"@id":"https:\/\/www.ciadetalentos.com.br\/blog\/quer-mudar-sua-carreira-em-2020-comece-a-fazer-estas-perguntas\/#primaryimage"},"image":{"@id":"https:\/\/www.ciadetalentos.com.br\/blog\/quer-mudar-sua-carreira-em-2020-comece-a-fazer-estas-perguntas\/#primaryimage"},"thumbnailUrl":"https:\/\/www.ciadetalentos.com.br\/blog\/wp-content\/uploads\/sites\/7\/2020\/01\/CIA-BLOGsofia-esteves-2-correto-1.jpg","datePublished":"2020-01-14T16:44:32+00:00","dateModified":"2023-08-15T21:41:59+00:00","author":{"@id":"https:\/\/www.ciadetalentos.com.br\/blog\/#\/schema\/person\/1f11df039f9195a4b29e0aadcf676d7f"},"description":"O questionamento \u00e9 a base para adquirir conhecimento. Saiba sobre a import\u00e2ncia de fazer as perguntas certas em rela\u00e7\u00e3o \u00e0 sua carreira.","breadcrumb":{"@id":"https:\/\/www.ciadetalentos.com.br\/blog\/quer-mudar-sua-carreira-em-2020-comece-a-fazer-estas-perguntas\/#breadcrumb"},"inLanguage":"pt-BR","potentialAction":[{"@type":"ReadAction","target":["https:\/\/www.ciadetalentos.com.br\/blog\/quer-mudar-sua-carreira-em-2020-comece-a-fazer-estas-perguntas\/"]}]},{"@type":"ImageObject","inLanguage":"pt-BR","@id":"https:\/\/www.ciadetalentos.com.br\/blog\/quer-mudar-sua-carreira-em-2020-comece-a-fazer-estas-perguntas\/#primaryimage","url":"https:\/\/www.ciadetalentos.com.br\/blog\/wp-content\/uploads\/sites\/7\/2020\/01\/CIA-BLOGsofia-esteves-2-correto-1.jpg","contentUrl":"https:\/\/www.ciadetalentos.com.br\/blog\/wp-content\/uploads\/sites\/7\/2020\/01\/CIA-BLOGsofia-esteves-2-correto-1.jpg","width":720,"height":542},{"@type":"BreadcrumbList","@id":"https:\/\/www.ciadetalentos.com.br\/blog\/quer-mudar-sua-carreira-em-2020-comece-a-fazer-estas-perguntas\/#breadcrumb","itemListElement":[{"@type":"ListItem","position":1,"name":"Home","item":"https:\/\/www.ciadetalentos.com.br\/blog\/"},{"@type":"ListItem","position":2,"name":"Quer mudar sua carreira em 2020? Comece a fazer estas perguntas"}]},{"@type":"WebSite","@id":"https:\/\/www.ciadetalentos.com.br\/blog\/#website","url":"https:\/\/www.ciadetalentos.com.br\/blog\/","name":"Blog Cia de Talentos","description":"Descubra tudo o que voc\u00ea precisa para desenvolver carreiras e transformar sua vida profissional","potentialAction":[{"@type":"SearchAction","target":{"@type":"EntryPoint","urlTemplate":"https:\/\/www.ciadetalentos.com.br\/blog\/?s={search_term_string}"},"query-input":"required name=search_term_string"}],"inLanguage":"pt-BR"},{"@type":"Person","@id":"https:\/\/www.ciadetalentos.com.br\/blog\/#\/schema\/person\/1f11df039f9195a4b29e0aadcf676d7f","name":"giomaz","image":{"@type":"ImageObject","inLanguage":"pt-BR","@id":"https:\/\/www.ciadetalentos.com.br\/blog\/#\/schema\/person\/image\/","url":"https:\/\/secure.gravatar.com\/avatar\/ec9131581307470688d2758db09a3f14?s=96&d=mm&r=g","contentUrl":"https:\/\/secure.gravatar.com\/avatar\/ec9131581307470688d2758db09a3f14?s=96&d=mm&r=g","caption":"giomaz"},"url":"https:\/\/www.ciadetalentos.com.br\/blog\/author\/giomaz\/"}]}},"_links":{"self":[{"href":"https:\/\/www.ciadetalentos.com.br\/blog\/wp-json\/wp\/v2\/posts\/2938"}],"collection":[{"href":"https:\/\/www.ciadetalentos.com.br\/blog\/wp-json\/wp\/v2\/posts"}],"about":[{"href":"https:\/\/www.ciadetalentos.com.br\/blog\/wp-json\/wp\/v2\/types\/post"}],"author":[{"embeddable":true,"href":"https:\/\/www.ciadetalentos.com.br\/blog\/wp-json\/wp\/v2\/users\/7"}],"replies":[{"embeddable":true,"href":"https:\/\/www.ciadetalentos.com.br\/blog\/wp-json\/wp\/v2\/comments?post=2938"}],"version-history":[{"count":8,"href":"https:\/\/www.ciadetalentos.com.br\/blog\/wp-json\/wp\/v2\/posts\/2938\/revisions"}],"predecessor-version":[{"id":5197,"href":"https:\/\/www.ciadetalentos.com.br\/blog\/wp-json\/wp\/v2\/posts\/2938\/revisions\/5197"}],"wp:featuredmedia":[{"embeddable":true,"href":"https:\/\/www.ciadetalentos.com.br\/blog\/wp-json\/wp\/v2\/media\/2947"}],"wp:attachment":[{"href":"https:\/\/www.ciadetalentos.com.br\/blog\/wp-json\/wp\/v2\/media?parent=2938"}],"wp:term":[{"taxonomy":"category","embeddable":true,"href":"https:\/\/www.ciadetalentos.com.br\/blog\/wp-json\/wp\/v2\/categories?post=2938"},{"taxonomy":"post_tag","embeddable":true,"href":"https:\/\/www.ciadetalentos.com.br\/blog\/wp-json\/wp\/v2\/tags?post=2938"}],"curies":[{"name":"wp","href":"https:\/\/api.w.org\/{rel}","templated":true}]}}