{"id":3337,"date":"2020-06-12T18:40:26","date_gmt":"2020-06-12T21:40:26","guid":{"rendered":"https:\/\/www.ciadetalentos.com.br\/blog\/?p=3337"},"modified":"2023-08-15T19:02:14","modified_gmt":"2023-08-15T22:02:14","slug":"intervencao-em-saude-mental-em-tempos-de-instabilidade","status":"publish","type":"post","link":"https:\/\/www.ciadetalentos.com.br\/blog\/intervencao-em-saude-mental-em-tempos-de-instabilidade\/","title":{"rendered":"Interven\u00e7\u00e3o em sa\u00fade mental em tempos de instabilidade"},"content":{"rendered":"<p>Voc\u00ea sabe como as mudan\u00e7as e incertezas no ambiente corporativo podem interferir na sa\u00fade mental dos colaboradores da sua empresa? Entenda como esse processo acontece e conhe\u00e7a o projeto que pode apoiar sua equipe nesse per\u00edodo de incertezas.<\/p>\n<p>Estamos vivenciando a experi\u00eancia da quarentena e com ela o <a href=\"https:\/\/www.ciadetalentos.com.br\/blog\/como-trabalhar-de-casa\/\" target=\"_blank\" rel=\"noopener noreferrer\">Home Office<\/a>. Subitamente, houve uma profunda altera\u00e7\u00e3o na forma de relacionamento entre os colaboradores com a organiza\u00e7\u00e3o. Tudo isso aconteceu sem que houvesse a possibilidade de um <a href=\"https:\/\/www.ciadetalentos.com.br\/blog\/14-ferramentas-de-gestao-remota-para-liderar-equipes-em-home-office\/\" target=\"_blank\" rel=\"noopener noreferrer\">planejamento<\/a> ou prepara\u00e7\u00e3o para essa nova din\u00e2mica, trazendo complexidade para esse processo de transi\u00e7\u00e3o.<\/p>\n<p>Esse contexto, aliado \u00e0 forte instabilidade na sociedade tem gerado impactos importantes na sa\u00fade emocional de muitos indiv\u00edduos. \u00c9 fato que momentos como este s\u00e3o gatilhos para o surgimento ou agravamento de algumas doen\u00e7as psiqui\u00e1tricas como Depress\u00e3o, Transtornos de Ansiedade, Transtorno de Estresse P\u00f3s-Traum\u00e1tico e S\u00edndrome de Burnout, dist\u00farbio que, antes mesmo da Pandemia, j\u00e1 estava muito presente no ambiente organizacional.<\/p>\n<h2><strong>Como a sa\u00fade emocional pode impactar no trabalho?<\/strong><\/h2>\n<p>Quando essas quest\u00f5es s\u00e3o levadas para o ambiente de trabalho, mesmo sendo no sistema de Home Office, podem ser agravadas por fatores externos. Por exemplo:<\/p>\n<ul>\n<li>Medo de perder o emprego<\/li>\n<li>Dificuldade em colocar limites no tempo dedicado \u00e0s atividades relacionadas ao trabalho<\/li>\n<li>Relacionamento com familiares em casa<\/li>\n<\/ul>\n<p>Al\u00e9m disso, podem ocorrer outras interfer\u00eancias frequentes no contexto social atual, que est\u00e1 altamente imprevis\u00edvel e inst\u00e1vel.<\/p>\n<p>Para as empresas, um dos efeitos mais impactantes sobre o adoecimento de um colaborador \u00e9 a diminui\u00e7\u00e3o da <a href=\"https:\/\/www.ciadetalentos.com.br\/blog\/gestao-de-tempo\/\" target=\"_blank\" rel=\"noopener noreferrer\">produtividade<\/a>. Este \u00e9 um risco relevante tanto para as empresas, quanto para os indiv\u00edduos, pois \u00e9 justamente no momento de incertezas que a alta performance \u00e9 mais requerida e necess\u00e1ria.<\/p>\n<h2><strong>Como apoiar a sa\u00fade mental dos colaboradores?<\/strong><\/h2>\n<p>O projeto <strong><em>Interven\u00e7\u00e3o em sa\u00fade mental em tempos de instabilidade<\/em>\u00a0<\/strong>foi desenvolvido com o objetivo de oferecer acolhimento psicol\u00f3gico para os colaboradores de organiza\u00e7\u00f5es que est\u00e3o vivenciando esse est\u00e1gio de instabilidade.<\/p>\n<p>Adicionalmente, por tratar-se de um projeto com foco em sa\u00fade mental em momentos de instabilidade, a proposta de atua\u00e7\u00e3o contempla tamb\u00e9m a transi\u00e7\u00e3o para quando os colaboradores forem se readaptar \u00e0s condi\u00e7\u00f5es de trabalho no modo presencial. Afinal, isso certamente ir\u00e1 requerer habilidades para o enfrentamento de novos desafios, press\u00f5es, medos e ansiedades.<\/p>\n<p>Por fim, cabe enfatizar que acreditamos na relev\u00e2ncia e efic\u00e1cia de espa\u00e7os de fala e escuta, e de uma media\u00e7\u00e3o para pensamentos negativos e sabotadores que levam ao sofrimento psicol\u00f3gico. Assim, ao endere\u00e7ar esse tema de forma profissional e estruturada, certamente os colaboradores apresentar\u00e3o melhores condi\u00e7\u00f5es de sa\u00fade mental, e as empresas identificar\u00e3o melhores resultados.<\/p>\n<p><strong><a href=\"https:\/\/www.instagram.com\/sobreopesodopeso\/?hl=pt-br\" target=\"_blank\" rel=\"noopener noreferrer\">Sobre o peso do peso:<\/a><\/strong><br \/>\n<a href=\"https:\/\/www.instagram.com\/voufalarnaterapia\/?hl=pt-br\" target=\"_blank\" rel=\"noopener noreferrer\"><strong>Amanda Menezes Gallo<\/strong><\/a><br \/>\nPsic\u00f3loga<\/p>\n<p><a href=\"https:\/\/www.instagram.com\/psicologa_valeskabassan\/?hl=pt-br\" target=\"_blank\" rel=\"noopener noreferrer\"><strong>Valeska Bassan Magaldi<\/strong><\/a><br \/>\nPsic\u00f3loga<\/p>\n","protected":false},"excerpt":{"rendered":"<p>Voc\u00ea sabe como as mudan\u00e7as e incertezas no ambiente corporativo podem interferir na sa\u00fade&hellip;<\/p>\n","protected":false},"author":21,"featured_media":3346,"comment_status":"open","ping_status":"open","sticky":false,"template":"","format":"standard","meta":{"footnotes":""},"categories":[21],"tags":[62,72,638],"yoast_head":"<!-- This site is optimized with the Yoast SEO plugin v22.5 - https:\/\/yoast.com\/wordpress\/plugins\/seo\/ -->\n<title>Interven\u00e7\u00e3o em sa\u00fade mental em tempos de instabilidade - Blog Cia de Talentos<\/title>\n<meta name=\"description\" content=\"Entenda quais os reflexos do isolamento social na sa\u00fade mental dos seus colaboradores e como oferecer apoio emocional nesse momento.\" \/>\n<meta name=\"robots\" content=\"index, follow, max-snippet:-1, max-image-preview:large, max-video-preview:-1\" \/>\n<link rel=\"canonical\" href=\"https:\/\/www.ciadetalentos.com.br\/blog\/intervencao-em-saude-mental-em-tempos-de-instabilidade\/\" \/>\n<meta property=\"og:locale\" content=\"pt_BR\" \/>\n<meta property=\"og:type\" content=\"article\" \/>\n<meta property=\"og:title\" content=\"Interven\u00e7\u00e3o em sa\u00fade mental em tempos de instabilidade - Blog Cia de Talentos\" \/>\n<meta property=\"og:description\" content=\"Entenda quais os reflexos do isolamento social na sa\u00fade mental dos seus colaboradores e como oferecer apoio emocional nesse momento.\" \/>\n<meta property=\"og:url\" content=\"https:\/\/www.ciadetalentos.com.br\/blog\/intervencao-em-saude-mental-em-tempos-de-instabilidade\/\" \/>\n<meta property=\"og:site_name\" content=\"Blog Cia de Talentos\" \/>\n<meta property=\"article:published_time\" content=\"2020-06-12T21:40:26+00:00\" \/>\n<meta property=\"article:modified_time\" content=\"2023-08-15T22:02:14+00:00\" \/>\n<meta property=\"og:image\" content=\"https:\/\/www.ciadetalentos.com.br\/blog\/wp-content\/uploads\/sites\/7\/2020\/06\/Capa-Artigo-Sau\u0301de-Mental.png\" \/>\n\t<meta property=\"og:image:width\" content=\"750\" \/>\n\t<meta property=\"og:image:height\" content=\"542\" \/>\n\t<meta property=\"og:image:type\" content=\"image\/png\" \/>\n<meta name=\"author\" content=\"alanis\" \/>\n<meta name=\"twitter:card\" content=\"summary_large_image\" \/>\n<meta name=\"twitter:label1\" content=\"Escrito por\" \/>\n\t<meta name=\"twitter:data1\" content=\"alanis\" \/>\n\t<meta name=\"twitter:label2\" content=\"Est. tempo de leitura\" \/>\n\t<meta name=\"twitter:data2\" content=\"3 minutos\" \/>\n<script type=\"application\/ld+json\" class=\"yoast-schema-graph\">{\"@context\":\"https:\/\/schema.org\",\"@graph\":[{\"@type\":\"WebPage\",\"@id\":\"https:\/\/www.ciadetalentos.com.br\/blog\/intervencao-em-saude-mental-em-tempos-de-instabilidade\/\",\"url\":\"https:\/\/www.ciadetalentos.com.br\/blog\/intervencao-em-saude-mental-em-tempos-de-instabilidade\/\",\"name\":\"Interven\u00e7\u00e3o em sa\u00fade mental em tempos de instabilidade - Blog Cia de Talentos\",\"isPartOf\":{\"@id\":\"https:\/\/www.ciadetalentos.com.br\/blog\/#website\"},\"primaryImageOfPage\":{\"@id\":\"https:\/\/www.ciadetalentos.com.br\/blog\/intervencao-em-saude-mental-em-tempos-de-instabilidade\/#primaryimage\"},\"image\":{\"@id\":\"https:\/\/www.ciadetalentos.com.br\/blog\/intervencao-em-saude-mental-em-tempos-de-instabilidade\/#primaryimage\"},\"thumbnailUrl\":\"https:\/\/www.ciadetalentos.com.br\/blog\/wp-content\/uploads\/sites\/7\/2020\/06\/Capa-Artigo-Sau\u0301de-Mental.png\",\"datePublished\":\"2020-06-12T21:40:26+00:00\",\"dateModified\":\"2023-08-15T22:02:14+00:00\",\"author\":{\"@id\":\"https:\/\/www.ciadetalentos.com.br\/blog\/#\/schema\/person\/a24087cbd994882fe9266e6e6cc4ceae\"},\"description\":\"Entenda quais os reflexos do isolamento social na sa\u00fade mental dos seus colaboradores e como oferecer apoio emocional nesse momento.\",\"breadcrumb\":{\"@id\":\"https:\/\/www.ciadetalentos.com.br\/blog\/intervencao-em-saude-mental-em-tempos-de-instabilidade\/#breadcrumb\"},\"inLanguage\":\"pt-BR\",\"potentialAction\":[{\"@type\":\"ReadAction\",\"target\":[\"https:\/\/www.ciadetalentos.com.br\/blog\/intervencao-em-saude-mental-em-tempos-de-instabilidade\/\"]}]},{\"@type\":\"ImageObject\",\"inLanguage\":\"pt-BR\",\"@id\":\"https:\/\/www.ciadetalentos.com.br\/blog\/intervencao-em-saude-mental-em-tempos-de-instabilidade\/#primaryimage\",\"url\":\"https:\/\/www.ciadetalentos.com.br\/blog\/wp-content\/uploads\/sites\/7\/2020\/06\/Capa-Artigo-Sau\u0301de-Mental.png\",\"contentUrl\":\"https:\/\/www.ciadetalentos.com.br\/blog\/wp-content\/uploads\/sites\/7\/2020\/06\/Capa-Artigo-Sau\u0301de-Mental.png\",\"width\":750,\"height\":542,\"caption\":\"Interven\u00e7\u00e3o em sa\u00fade mental em tempos de instabilidade\"},{\"@type\":\"BreadcrumbList\",\"@id\":\"https:\/\/www.ciadetalentos.com.br\/blog\/intervencao-em-saude-mental-em-tempos-de-instabilidade\/#breadcrumb\",\"itemListElement\":[{\"@type\":\"ListItem\",\"position\":1,\"name\":\"Home\",\"item\":\"https:\/\/www.ciadetalentos.com.br\/blog\/\"},{\"@type\":\"ListItem\",\"position\":2,\"name\":\"Interven\u00e7\u00e3o em sa\u00fade mental em tempos de instabilidade\"}]},{\"@type\":\"WebSite\",\"@id\":\"https:\/\/www.ciadetalentos.com.br\/blog\/#website\",\"url\":\"https:\/\/www.ciadetalentos.com.br\/blog\/\",\"name\":\"Blog Cia de Talentos\",\"description\":\"Descubra tudo o que voc\u00ea precisa para desenvolver carreiras e transformar sua vida profissional\",\"potentialAction\":[{\"@type\":\"SearchAction\",\"target\":{\"@type\":\"EntryPoint\",\"urlTemplate\":\"https:\/\/www.ciadetalentos.com.br\/blog\/?s={search_term_string}\"},\"query-input\":\"required name=search_term_string\"}],\"inLanguage\":\"pt-BR\"},{\"@type\":\"Person\",\"@id\":\"https:\/\/www.ciadetalentos.com.br\/blog\/#\/schema\/person\/a24087cbd994882fe9266e6e6cc4ceae\",\"name\":\"alanis\",\"image\":{\"@type\":\"ImageObject\",\"inLanguage\":\"pt-BR\",\"@id\":\"https:\/\/www.ciadetalentos.com.br\/blog\/#\/schema\/person\/image\/\",\"url\":\"https:\/\/secure.gravatar.com\/avatar\/5d264cc4297008b1056fad824d86f6bb?s=96&d=mm&r=g\",\"contentUrl\":\"https:\/\/secure.gravatar.com\/avatar\/5d264cc4297008b1056fad824d86f6bb?s=96&d=mm&r=g\",\"caption\":\"alanis\"},\"url\":\"https:\/\/www.ciadetalentos.com.br\/blog\/author\/alanis\/\"}]}<\/script>\n<!-- \/ Yoast SEO plugin. -->","yoast_head_json":{"title":"Interven\u00e7\u00e3o em sa\u00fade mental em tempos de instabilidade - Blog Cia de Talentos","description":"Entenda quais os reflexos do isolamento social na sa\u00fade mental dos seus colaboradores e como oferecer apoio emocional nesse momento.","robots":{"index":"index","follow":"follow","max-snippet":"max-snippet:-1","max-image-preview":"max-image-preview:large","max-video-preview":"max-video-preview:-1"},"canonical":"https:\/\/www.ciadetalentos.com.br\/blog\/intervencao-em-saude-mental-em-tempos-de-instabilidade\/","og_locale":"pt_BR","og_type":"article","og_title":"Interven\u00e7\u00e3o em sa\u00fade mental em tempos de instabilidade - Blog Cia de Talentos","og_description":"Entenda quais os reflexos do isolamento social na sa\u00fade mental dos seus colaboradores e como oferecer apoio emocional nesse momento.","og_url":"https:\/\/www.ciadetalentos.com.br\/blog\/intervencao-em-saude-mental-em-tempos-de-instabilidade\/","og_site_name":"Blog Cia de Talentos","article_published_time":"2020-06-12T21:40:26+00:00","article_modified_time":"2023-08-15T22:02:14+00:00","og_image":[{"width":750,"height":542,"url":"https:\/\/www.ciadetalentos.com.br\/blog\/wp-content\/uploads\/sites\/7\/2020\/06\/Capa-Artigo-Sau\u0301de-Mental.png","type":"image\/png"}],"author":"alanis","twitter_card":"summary_large_image","twitter_misc":{"Escrito por":"alanis","Est. tempo de leitura":"3 minutos"},"schema":{"@context":"https:\/\/schema.org","@graph":[{"@type":"WebPage","@id":"https:\/\/www.ciadetalentos.com.br\/blog\/intervencao-em-saude-mental-em-tempos-de-instabilidade\/","url":"https:\/\/www.ciadetalentos.com.br\/blog\/intervencao-em-saude-mental-em-tempos-de-instabilidade\/","name":"Interven\u00e7\u00e3o em sa\u00fade mental em tempos de instabilidade - Blog Cia de Talentos","isPartOf":{"@id":"https:\/\/www.ciadetalentos.com.br\/blog\/#website"},"primaryImageOfPage":{"@id":"https:\/\/www.ciadetalentos.com.br\/blog\/intervencao-em-saude-mental-em-tempos-de-instabilidade\/#primaryimage"},"image":{"@id":"https:\/\/www.ciadetalentos.com.br\/blog\/intervencao-em-saude-mental-em-tempos-de-instabilidade\/#primaryimage"},"thumbnailUrl":"https:\/\/www.ciadetalentos.com.br\/blog\/wp-content\/uploads\/sites\/7\/2020\/06\/Capa-Artigo-Sau\u0301de-Mental.png","datePublished":"2020-06-12T21:40:26+00:00","dateModified":"2023-08-15T22:02:14+00:00","author":{"@id":"https:\/\/www.ciadetalentos.com.br\/blog\/#\/schema\/person\/a24087cbd994882fe9266e6e6cc4ceae"},"description":"Entenda quais os reflexos do isolamento social na sa\u00fade mental dos seus colaboradores e como oferecer apoio emocional nesse momento.","breadcrumb":{"@id":"https:\/\/www.ciadetalentos.com.br\/blog\/intervencao-em-saude-mental-em-tempos-de-instabilidade\/#breadcrumb"},"inLanguage":"pt-BR","potentialAction":[{"@type":"ReadAction","target":["https:\/\/www.ciadetalentos.com.br\/blog\/intervencao-em-saude-mental-em-tempos-de-instabilidade\/"]}]},{"@type":"ImageObject","inLanguage":"pt-BR","@id":"https:\/\/www.ciadetalentos.com.br\/blog\/intervencao-em-saude-mental-em-tempos-de-instabilidade\/#primaryimage","url":"https:\/\/www.ciadetalentos.com.br\/blog\/wp-content\/uploads\/sites\/7\/2020\/06\/Capa-Artigo-Sau\u0301de-Mental.png","contentUrl":"https:\/\/www.ciadetalentos.com.br\/blog\/wp-content\/uploads\/sites\/7\/2020\/06\/Capa-Artigo-Sau\u0301de-Mental.png","width":750,"height":542,"caption":"Interven\u00e7\u00e3o em sa\u00fade mental em tempos de instabilidade"},{"@type":"BreadcrumbList","@id":"https:\/\/www.ciadetalentos.com.br\/blog\/intervencao-em-saude-mental-em-tempos-de-instabilidade\/#breadcrumb","itemListElement":[{"@type":"ListItem","position":1,"name":"Home","item":"https:\/\/www.ciadetalentos.com.br\/blog\/"},{"@type":"ListItem","position":2,"name":"Interven\u00e7\u00e3o em sa\u00fade mental em tempos de instabilidade"}]},{"@type":"WebSite","@id":"https:\/\/www.ciadetalentos.com.br\/blog\/#website","url":"https:\/\/www.ciadetalentos.com.br\/blog\/","name":"Blog Cia de Talentos","description":"Descubra tudo o que voc\u00ea precisa para desenvolver carreiras e transformar sua vida profissional","potentialAction":[{"@type":"SearchAction","target":{"@type":"EntryPoint","urlTemplate":"https:\/\/www.ciadetalentos.com.br\/blog\/?s={search_term_string}"},"query-input":"required name=search_term_string"}],"inLanguage":"pt-BR"},{"@type":"Person","@id":"https:\/\/www.ciadetalentos.com.br\/blog\/#\/schema\/person\/a24087cbd994882fe9266e6e6cc4ceae","name":"alanis","image":{"@type":"ImageObject","inLanguage":"pt-BR","@id":"https:\/\/www.ciadetalentos.com.br\/blog\/#\/schema\/person\/image\/","url":"https:\/\/secure.gravatar.com\/avatar\/5d264cc4297008b1056fad824d86f6bb?s=96&d=mm&r=g","contentUrl":"https:\/\/secure.gravatar.com\/avatar\/5d264cc4297008b1056fad824d86f6bb?s=96&d=mm&r=g","caption":"alanis"},"url":"https:\/\/www.ciadetalentos.com.br\/blog\/author\/alanis\/"}]}},"_links":{"self":[{"href":"https:\/\/www.ciadetalentos.com.br\/blog\/wp-json\/wp\/v2\/posts\/3337"}],"collection":[{"href":"https:\/\/www.ciadetalentos.com.br\/blog\/wp-json\/wp\/v2\/posts"}],"about":[{"href":"https:\/\/www.ciadetalentos.com.br\/blog\/wp-json\/wp\/v2\/types\/post"}],"author":[{"embeddable":true,"href":"https:\/\/www.ciadetalentos.com.br\/blog\/wp-json\/wp\/v2\/users\/21"}],"replies":[{"embeddable":true,"href":"https:\/\/www.ciadetalentos.com.br\/blog\/wp-json\/wp\/v2\/comments?post=3337"}],"version-history":[{"count":3,"href":"https:\/\/www.ciadetalentos.com.br\/blog\/wp-json\/wp\/v2\/posts\/3337\/revisions"}],"predecessor-version":[{"id":3347,"href":"https:\/\/www.ciadetalentos.com.br\/blog\/wp-json\/wp\/v2\/posts\/3337\/revisions\/3347"}],"wp:featuredmedia":[{"embeddable":true,"href":"https:\/\/www.ciadetalentos.com.br\/blog\/wp-json\/wp\/v2\/media\/3346"}],"wp:attachment":[{"href":"https:\/\/www.ciadetalentos.com.br\/blog\/wp-json\/wp\/v2\/media?parent=3337"}],"wp:term":[{"taxonomy":"category","embeddable":true,"href":"https:\/\/www.ciadetalentos.com.br\/blog\/wp-json\/wp\/v2\/categories?post=3337"},{"taxonomy":"post_tag","embeddable":true,"href":"https:\/\/www.ciadetalentos.com.br\/blog\/wp-json\/wp\/v2\/tags?post=3337"}],"curies":[{"name":"wp","href":"https:\/\/api.w.org\/{rel}","templated":true}]}}