{"id":3412,"date":"2020-08-11T16:40:34","date_gmt":"2020-08-11T19:40:34","guid":{"rendered":"https:\/\/www.ciadetalentos.com.br\/blog\/?p=3412"},"modified":"2020-08-11T17:26:22","modified_gmt":"2020-08-11T20:26:22","slug":"voce-sabia-que-a-basf-e-uma-das-maiores-empresas-quimicas-do-mundo","status":"publish","type":"post","link":"https:\/\/www.ciadetalentos.com.br\/blog\/voce-sabia-que-a-basf-e-uma-das-maiores-empresas-quimicas-do-mundo\/","title":{"rendered":"Voc\u00ea sabia que a BASF \u00e9 uma das maiores empresas qu\u00edmicas do mundo?"},"content":{"rendered":"<p><span style=\"color: #01499d;\">\u00c9 por isso que mantemos o compromisso com a \u00e9tica e a transpar\u00eancia. Agora, junto com a Cia de Talentos, estamos trazendo uma novidade incr\u00edvel: <strong><a href=\"https:\/\/bit.ly\/2CMHzMU\" target=\"_blank\" rel=\"noopener noreferrer\">O Programa de Est\u00e1gio BASF 2020<\/a>!<\/strong>\u202f <\/span><\/p>\n<p><span data-contrast=\"auto\">No est\u00e1gio, as oportunidades se transformam em inova\u00e7\u00e3o, prote\u00e7\u00e3o ambiental e responsabilidade social. O programa \u00e9 feito para que a empresa aprenda com a diversidade de estagi\u00e1rios, enquanto os jovens s\u00e3o preparados para o mercado de trabalho. Voc\u00ea n\u00e3o vai perder essa oportunidade, vai?\u202f<\/span><span data-ccp-props=\"{&quot;335559740&quot;:276}\">\u00a0<\/span><\/p>\n<p><b><span data-contrast=\"auto\">Estamos procurando pessoas que se identifiquem com os nossos valores, que busquem crescimento,<\/span><\/b><span data-contrast=\"auto\">\u00a0<\/span><b><span data-contrast=\"auto\">sejam criativas, respons\u00e1veis, abertas ao novo, e tenham a mente empreendedora.\u00a0<\/span><\/b><span data-contrast=\"auto\">Voc\u00ea gosta de pensar fora da caixa? Gosta de ter ideias para mudar as coisas? Aqui, os estagi\u00e1rios est\u00e3o constantemente sendo desafiados a pensar fora da caixa e a evoluir profissionalmente. Olha s\u00f3 o que eles t\u00eam a dizer! ;)\u202f<\/span><span data-ccp-props=\"{&quot;335559740&quot;:276}\">\u00a0<\/span><\/p>\n<p><span data-contrast=\"auto\">A Giovanna e a Raissa, de 20 e 28 anos, contam que assim que entraram na BASF tiveram o aux\u00edlio de um padrinho, que estimulou o desenvolvimento da din\u00e2mica de trabalho.\u00a0<span style=\"color: #47af00;\"><b>\u201cAl\u00e9m de aprender, voc\u00ea consegue contribuir na empresa, houve sempre um cuidado, e acompanhamento para fazer da maneira certa, mostrar da maneira que funciona, saber que est\u00e1 ajudando de fato a equipe.\u201d<\/b>\u202f\u00a0<\/span><\/span><\/p>\n<h4 style=\"text-align: center;\"><span style=\"color: #ff9000;\"><b>O Programa de Est\u00e1gio BASF 2020 tem o compromisso de treinar e desenvolver jovens talentos, proporcionando a viv\u00eancia do mundo corporativo!<\/b>\u00a0<\/span><\/h4>\n<p><span data-contrast=\"auto\">O Rafael, de 22 anos, conta que se sente protagonista em sua \u00e1rea, e que logo no in\u00edcio chegou a participar de uma auditoria<\/span><b><span data-contrast=\"none\">. <span style=\"color: #47af00;\">\u201cTenho contato com pessoas de diferentes \u00e1reas e diferentes pa\u00edses, estou envolvido em um processo de digitaliza\u00e7\u00e3o que est\u00e1 sendo expandido para a Am\u00e9rica Latina.\u201d<\/span>\u00a0<\/span><\/b><span data-contrast=\"auto\">E o Lu\u00eds, de 25 anos, conta que tudo \u00e9 muito aberto dentro da empresa.\u00a0<\/span><span style=\"color: #47af00;\"><b>\u201cJ\u00e1 almocei com o vice-presidente, \u00e9 muito aberto! A equipe \u00e9 bastante s\u00eanior e voc\u00ea sente que est\u00e1 sempre evoluindo muito, todos t\u00eam paci\u00eancia para ensinar e mostrar o caminho.\u201d<\/b>\u00a0<\/span><\/p>\n<p><span style=\"color: #3f8fcc;\"><b>Al\u00e9m de todo o apoio durante o est\u00e1gio, voc\u00ea tamb\u00e9m poder\u00e1 trabalhar em diferentes \u00e1reas de atua\u00e7\u00e3o!\u00a0<\/b>\u00a0<\/span><\/p>\n<ul>\n<li data-leveltext=\"\u2022\" data-font=\"Arial\" data-listid=\"1\" aria-setsize=\"-1\" data-aria-posinset=\"1\" data-aria-level=\"1\"><span data-contrast=\"auto\">Como no setor agr\u00edcola, que oferece a possibilidade de vivenciar os desafios da profiss\u00e3o na pr\u00e1tica. J\u00e1 se imaginou trabalhando no campo?<\/span><span data-ccp-props=\"{&quot;335559740&quot;:276}\">\u00a0<\/span><\/li>\n<li data-leveltext=\"\u2022\" data-font=\"Arial\" data-listid=\"1\" aria-setsize=\"-1\" data-aria-posinset=\"2\" data-aria-level=\"1\"><span data-contrast=\"auto\">No setor automotivo, ajudando no desenvolvimento de materiais e solu\u00e7\u00f5es funcionais.\u00a0<\/span><span data-ccp-props=\"{&quot;335559740&quot;:276}\">\u00a0<\/span><\/li>\n<li data-leveltext=\"\u2022\" data-font=\"Arial\" data-listid=\"1\" aria-setsize=\"-1\" data-aria-posinset=\"3\" data-aria-level=\"1\"><span data-contrast=\"auto\">No setor qu\u00edmico, contribuindo com o crescimento org\u00e2nico das principais cadeias de valor da empresa.\u00a0<\/span><span data-ccp-props=\"{&quot;335559740&quot;:276}\">\u00a0<\/span><\/li>\n<li data-leveltext=\"\u2022\" data-font=\"Arial\" data-listid=\"1\" aria-setsize=\"-1\" data-aria-posinset=\"4\" data-aria-level=\"1\"><span data-contrast=\"auto\">Na Suvinil, auxiliando com as atividades de manter e atualizar o banco de dados, e tamb\u00e9m na aprova\u00e7\u00e3o e organiza\u00e7\u00e3o de novas mat\u00e9rias-primas! <\/span><span data-ccp-props=\"{&quot;335559740&quot;:276}\">\u00a0<\/span><\/li>\n<li data-leveltext=\"\u2022\" data-font=\"Arial\" data-listid=\"1\" aria-setsize=\"-1\" data-aria-posinset=\"5\" data-aria-level=\"1\"><span data-contrast=\"auto\">E na \u00e1rea corporativa, estando atento \u00e0s necessidades das \u00e1reas e dos colaboradores, pr\u00e1ticas e solu\u00e7\u00f5es que ajudem a proporcionar um melhor funcionamento de toda a BASF! \ud83d\ude42<\/span><span data-ccp-props=\"{&quot;335559740&quot;:276}\">\u00a0<\/span><\/li>\n<\/ul>\n<p><em>Veja s\u00f3 as etapas do processo:\u00a0\u00a0<\/em><\/p>\n<p><span data-ccp-props=\"{&quot;335559740&quot;:276}\">1 &#8211; Inscri\u00e7\u00f5es e <a href=\"https:\/\/www.ciadetalentos.com.br\/blog\/skyrise-e-owiwi-saiba-como-os-nossos-testes-te-avaliam\/\" target=\"_blank\" rel=\"noopener noreferrer\">Assessments Online<\/a>: a partir de 23\/07\/2020<\/span><\/p>\n<p>2 &#8211; Avalia\u00e7\u00e3o da Cia de Talentos<\/p>\n<p>3- Avalia\u00e7\u00e3o da BASF<\/p>\n<p>4 &#8211; A\u00ed, pronto. Inicio do Est\u00e1gio: Imediato!<\/p>\n<h3 style=\"text-align: center;\"><span style=\"color: #c10a28;\"><a href=\"https:\/\/bit.ly\/2CMHzMU\" target=\"_blank\" rel=\"noopener noreferrer\"><b>Inscreva-se<\/b><\/a><b>\u00a0no Programa de Est\u00e1gio BASF 2020,<\/b>\u00a0<\/span><br \/>\n<span style=\"color: #c10a28;\"><b>e nos ajude a construir um amanh\u00e3 melhor!<\/b>\u00a0<\/span><\/h3>\n<p>*Artigo escrito por BASF<\/p>\n","protected":false},"excerpt":{"rendered":"<p>\u00c9 por isso que mantemos o compromisso com a \u00e9tica e a transpar\u00eancia. Agora,&hellip;<\/p>\n","protected":false},"author":10,"featured_media":3413,"comment_status":"open","ping_status":"open","sticky":false,"template":"","format":"standard","meta":{"footnotes":""},"categories":[20],"tags":[709,58,98,132,711,241],"yoast_head":"<!-- This site is optimized with the Yoast SEO plugin v22.5 - https:\/\/yoast.com\/wordpress\/plugins\/seo\/ -->\n<title>BASF \u00e9 uma das maiores empresas qu\u00edmicas do mundo?<\/title>\n<meta name=\"description\" content=\"A BASF sabe disso e por isso mesmo mant\u00e9m o compromisso com a \u00e9tica e a transpar\u00eancia. Agora, junto com a Cia de Talentos est\u00e1 trazendo uma novidade incr\u00edvel: O Programa de Est\u00e1gio BASF 2020!\u202f\" \/>\n<meta name=\"robots\" content=\"index, follow, max-snippet:-1, max-image-preview:large, max-video-preview:-1\" \/>\n<link rel=\"canonical\" href=\"https:\/\/www.ciadetalentos.com.br\/blog\/voce-sabia-que-a-basf-e-uma-das-maiores-empresas-quimicas-do-mundo\/\" \/>\n<meta property=\"og:locale\" content=\"pt_BR\" \/>\n<meta property=\"og:type\" content=\"article\" \/>\n<meta property=\"og:title\" content=\"BASF \u00e9 uma das maiores empresas qu\u00edmicas do mundo?\" \/>\n<meta property=\"og:description\" content=\"A BASF sabe disso e por isso mesmo mant\u00e9m o compromisso com a \u00e9tica e a transpar\u00eancia. Agora, junto com a Cia de Talentos est\u00e1 trazendo uma novidade incr\u00edvel: O Programa de Est\u00e1gio BASF 2020!\u202f\" \/>\n<meta property=\"og:url\" content=\"https:\/\/www.ciadetalentos.com.br\/blog\/voce-sabia-que-a-basf-e-uma-das-maiores-empresas-quimicas-do-mundo\/\" \/>\n<meta property=\"og:site_name\" content=\"Blog Cia de Talentos\" \/>\n<meta property=\"article:published_time\" content=\"2020-08-11T19:40:34+00:00\" \/>\n<meta property=\"article:modified_time\" content=\"2020-08-11T20:26:22+00:00\" \/>\n<meta property=\"og:image\" content=\"https:\/\/www.ciadetalentos.com.br\/blog\/wp-content\/uploads\/sites\/7\/2020\/08\/BannerBlog_720x542px.jpg\" \/>\n\t<meta property=\"og:image:width\" content=\"720\" \/>\n\t<meta property=\"og:image:height\" content=\"542\" \/>\n\t<meta property=\"og:image:type\" content=\"image\/jpeg\" \/>\n<meta name=\"author\" content=\"Cia de Talentos\" \/>\n<meta name=\"twitter:card\" content=\"summary_large_image\" \/>\n<meta name=\"twitter:label1\" content=\"Escrito por\" \/>\n\t<meta name=\"twitter:data1\" content=\"Cia de Talentos\" \/>\n\t<meta name=\"twitter:label2\" content=\"Est. tempo de leitura\" \/>\n\t<meta name=\"twitter:data2\" content=\"3 minutos\" \/>\n<script type=\"application\/ld+json\" class=\"yoast-schema-graph\">{\"@context\":\"https:\/\/schema.org\",\"@graph\":[{\"@type\":\"WebPage\",\"@id\":\"https:\/\/www.ciadetalentos.com.br\/blog\/voce-sabia-que-a-basf-e-uma-das-maiores-empresas-quimicas-do-mundo\/\",\"url\":\"https:\/\/www.ciadetalentos.com.br\/blog\/voce-sabia-que-a-basf-e-uma-das-maiores-empresas-quimicas-do-mundo\/\",\"name\":\"BASF \u00e9 uma das maiores empresas qu\u00edmicas do mundo?\",\"isPartOf\":{\"@id\":\"https:\/\/www.ciadetalentos.com.br\/blog\/#website\"},\"primaryImageOfPage\":{\"@id\":\"https:\/\/www.ciadetalentos.com.br\/blog\/voce-sabia-que-a-basf-e-uma-das-maiores-empresas-quimicas-do-mundo\/#primaryimage\"},\"image\":{\"@id\":\"https:\/\/www.ciadetalentos.com.br\/blog\/voce-sabia-que-a-basf-e-uma-das-maiores-empresas-quimicas-do-mundo\/#primaryimage\"},\"thumbnailUrl\":\"https:\/\/www.ciadetalentos.com.br\/blog\/wp-content\/uploads\/sites\/7\/2020\/08\/BannerBlog_720x542px.jpg\",\"datePublished\":\"2020-08-11T19:40:34+00:00\",\"dateModified\":\"2020-08-11T20:26:22+00:00\",\"author\":{\"@id\":\"https:\/\/www.ciadetalentos.com.br\/blog\/#\/schema\/person\/a6024f5d6725da8fca36c440770b47c1\"},\"description\":\"A BASF sabe disso e por isso mesmo mant\u00e9m o compromisso com a \u00e9tica e a transpar\u00eancia. Agora, junto com a Cia de Talentos est\u00e1 trazendo uma novidade incr\u00edvel: O Programa de Est\u00e1gio BASF 2020!\u202f\",\"breadcrumb\":{\"@id\":\"https:\/\/www.ciadetalentos.com.br\/blog\/voce-sabia-que-a-basf-e-uma-das-maiores-empresas-quimicas-do-mundo\/#breadcrumb\"},\"inLanguage\":\"pt-BR\",\"potentialAction\":[{\"@type\":\"ReadAction\",\"target\":[\"https:\/\/www.ciadetalentos.com.br\/blog\/voce-sabia-que-a-basf-e-uma-das-maiores-empresas-quimicas-do-mundo\/\"]}]},{\"@type\":\"ImageObject\",\"inLanguage\":\"pt-BR\",\"@id\":\"https:\/\/www.ciadetalentos.com.br\/blog\/voce-sabia-que-a-basf-e-uma-das-maiores-empresas-quimicas-do-mundo\/#primaryimage\",\"url\":\"https:\/\/www.ciadetalentos.com.br\/blog\/wp-content\/uploads\/sites\/7\/2020\/08\/BannerBlog_720x542px.jpg\",\"contentUrl\":\"https:\/\/www.ciadetalentos.com.br\/blog\/wp-content\/uploads\/sites\/7\/2020\/08\/BannerBlog_720x542px.jpg\",\"width\":720,\"height\":542},{\"@type\":\"BreadcrumbList\",\"@id\":\"https:\/\/www.ciadetalentos.com.br\/blog\/voce-sabia-que-a-basf-e-uma-das-maiores-empresas-quimicas-do-mundo\/#breadcrumb\",\"itemListElement\":[{\"@type\":\"ListItem\",\"position\":1,\"name\":\"Home\",\"item\":\"https:\/\/www.ciadetalentos.com.br\/blog\/\"},{\"@type\":\"ListItem\",\"position\":2,\"name\":\"Voc\u00ea sabia que a BASF \u00e9 uma das maiores empresas qu\u00edmicas do mundo?\"}]},{\"@type\":\"WebSite\",\"@id\":\"https:\/\/www.ciadetalentos.com.br\/blog\/#website\",\"url\":\"https:\/\/www.ciadetalentos.com.br\/blog\/\",\"name\":\"Blog Cia de Talentos\",\"description\":\"Descubra tudo o que voc\u00ea precisa para desenvolver carreiras e transformar sua vida profissional\",\"potentialAction\":[{\"@type\":\"SearchAction\",\"target\":{\"@type\":\"EntryPoint\",\"urlTemplate\":\"https:\/\/www.ciadetalentos.com.br\/blog\/?s={search_term_string}\"},\"query-input\":\"required name=search_term_string\"}],\"inLanguage\":\"pt-BR\"},{\"@type\":\"Person\",\"@id\":\"https:\/\/www.ciadetalentos.com.br\/blog\/#\/schema\/person\/a6024f5d6725da8fca36c440770b47c1\",\"name\":\"Cia de Talentos\",\"image\":{\"@type\":\"ImageObject\",\"inLanguage\":\"pt-BR\",\"@id\":\"https:\/\/www.ciadetalentos.com.br\/blog\/#\/schema\/person\/image\/\",\"url\":\"https:\/\/secure.gravatar.com\/avatar\/47d3a2e8966d0dfc126be01c65bd12a8?s=96&d=mm&r=g\",\"contentUrl\":\"https:\/\/secure.gravatar.com\/avatar\/47d3a2e8966d0dfc126be01c65bd12a8?s=96&d=mm&r=g\",\"caption\":\"Cia de Talentos\"},\"url\":\"https:\/\/www.ciadetalentos.com.br\/blog\/author\/amazetto\/\"}]}<\/script>\n<!-- \/ Yoast SEO plugin. -->","yoast_head_json":{"title":"BASF \u00e9 uma das maiores empresas qu\u00edmicas do mundo?","description":"A BASF sabe disso e por isso mesmo mant\u00e9m o compromisso com a \u00e9tica e a transpar\u00eancia. Agora, junto com a Cia de Talentos est\u00e1 trazendo uma novidade incr\u00edvel: O Programa de Est\u00e1gio BASF 2020!\u202f","robots":{"index":"index","follow":"follow","max-snippet":"max-snippet:-1","max-image-preview":"max-image-preview:large","max-video-preview":"max-video-preview:-1"},"canonical":"https:\/\/www.ciadetalentos.com.br\/blog\/voce-sabia-que-a-basf-e-uma-das-maiores-empresas-quimicas-do-mundo\/","og_locale":"pt_BR","og_type":"article","og_title":"BASF \u00e9 uma das maiores empresas qu\u00edmicas do mundo?","og_description":"A BASF sabe disso e por isso mesmo mant\u00e9m o compromisso com a \u00e9tica e a transpar\u00eancia. Agora, junto com a Cia de Talentos est\u00e1 trazendo uma novidade incr\u00edvel: O Programa de Est\u00e1gio BASF 2020!\u202f","og_url":"https:\/\/www.ciadetalentos.com.br\/blog\/voce-sabia-que-a-basf-e-uma-das-maiores-empresas-quimicas-do-mundo\/","og_site_name":"Blog Cia de Talentos","article_published_time":"2020-08-11T19:40:34+00:00","article_modified_time":"2020-08-11T20:26:22+00:00","og_image":[{"width":720,"height":542,"url":"https:\/\/www.ciadetalentos.com.br\/blog\/wp-content\/uploads\/sites\/7\/2020\/08\/BannerBlog_720x542px.jpg","type":"image\/jpeg"}],"author":"Cia de Talentos","twitter_card":"summary_large_image","twitter_misc":{"Escrito por":"Cia de Talentos","Est. tempo de leitura":"3 minutos"},"schema":{"@context":"https:\/\/schema.org","@graph":[{"@type":"WebPage","@id":"https:\/\/www.ciadetalentos.com.br\/blog\/voce-sabia-que-a-basf-e-uma-das-maiores-empresas-quimicas-do-mundo\/","url":"https:\/\/www.ciadetalentos.com.br\/blog\/voce-sabia-que-a-basf-e-uma-das-maiores-empresas-quimicas-do-mundo\/","name":"BASF \u00e9 uma das maiores empresas qu\u00edmicas do mundo?","isPartOf":{"@id":"https:\/\/www.ciadetalentos.com.br\/blog\/#website"},"primaryImageOfPage":{"@id":"https:\/\/www.ciadetalentos.com.br\/blog\/voce-sabia-que-a-basf-e-uma-das-maiores-empresas-quimicas-do-mundo\/#primaryimage"},"image":{"@id":"https:\/\/www.ciadetalentos.com.br\/blog\/voce-sabia-que-a-basf-e-uma-das-maiores-empresas-quimicas-do-mundo\/#primaryimage"},"thumbnailUrl":"https:\/\/www.ciadetalentos.com.br\/blog\/wp-content\/uploads\/sites\/7\/2020\/08\/BannerBlog_720x542px.jpg","datePublished":"2020-08-11T19:40:34+00:00","dateModified":"2020-08-11T20:26:22+00:00","author":{"@id":"https:\/\/www.ciadetalentos.com.br\/blog\/#\/schema\/person\/a6024f5d6725da8fca36c440770b47c1"},"description":"A BASF sabe disso e por isso mesmo mant\u00e9m o compromisso com a \u00e9tica e a transpar\u00eancia. Agora, junto com a Cia de Talentos est\u00e1 trazendo uma novidade incr\u00edvel: O Programa de Est\u00e1gio BASF 2020!\u202f","breadcrumb":{"@id":"https:\/\/www.ciadetalentos.com.br\/blog\/voce-sabia-que-a-basf-e-uma-das-maiores-empresas-quimicas-do-mundo\/#breadcrumb"},"inLanguage":"pt-BR","potentialAction":[{"@type":"ReadAction","target":["https:\/\/www.ciadetalentos.com.br\/blog\/voce-sabia-que-a-basf-e-uma-das-maiores-empresas-quimicas-do-mundo\/"]}]},{"@type":"ImageObject","inLanguage":"pt-BR","@id":"https:\/\/www.ciadetalentos.com.br\/blog\/voce-sabia-que-a-basf-e-uma-das-maiores-empresas-quimicas-do-mundo\/#primaryimage","url":"https:\/\/www.ciadetalentos.com.br\/blog\/wp-content\/uploads\/sites\/7\/2020\/08\/BannerBlog_720x542px.jpg","contentUrl":"https:\/\/www.ciadetalentos.com.br\/blog\/wp-content\/uploads\/sites\/7\/2020\/08\/BannerBlog_720x542px.jpg","width":720,"height":542},{"@type":"BreadcrumbList","@id":"https:\/\/www.ciadetalentos.com.br\/blog\/voce-sabia-que-a-basf-e-uma-das-maiores-empresas-quimicas-do-mundo\/#breadcrumb","itemListElement":[{"@type":"ListItem","position":1,"name":"Home","item":"https:\/\/www.ciadetalentos.com.br\/blog\/"},{"@type":"ListItem","position":2,"name":"Voc\u00ea sabia que a BASF \u00e9 uma das maiores empresas qu\u00edmicas do mundo?"}]},{"@type":"WebSite","@id":"https:\/\/www.ciadetalentos.com.br\/blog\/#website","url":"https:\/\/www.ciadetalentos.com.br\/blog\/","name":"Blog Cia de Talentos","description":"Descubra tudo o que voc\u00ea precisa para desenvolver carreiras e transformar sua vida profissional","potentialAction":[{"@type":"SearchAction","target":{"@type":"EntryPoint","urlTemplate":"https:\/\/www.ciadetalentos.com.br\/blog\/?s={search_term_string}"},"query-input":"required name=search_term_string"}],"inLanguage":"pt-BR"},{"@type":"Person","@id":"https:\/\/www.ciadetalentos.com.br\/blog\/#\/schema\/person\/a6024f5d6725da8fca36c440770b47c1","name":"Cia de Talentos","image":{"@type":"ImageObject","inLanguage":"pt-BR","@id":"https:\/\/www.ciadetalentos.com.br\/blog\/#\/schema\/person\/image\/","url":"https:\/\/secure.gravatar.com\/avatar\/47d3a2e8966d0dfc126be01c65bd12a8?s=96&d=mm&r=g","contentUrl":"https:\/\/secure.gravatar.com\/avatar\/47d3a2e8966d0dfc126be01c65bd12a8?s=96&d=mm&r=g","caption":"Cia de Talentos"},"url":"https:\/\/www.ciadetalentos.com.br\/blog\/author\/amazetto\/"}]}},"_links":{"self":[{"href":"https:\/\/www.ciadetalentos.com.br\/blog\/wp-json\/wp\/v2\/posts\/3412"}],"collection":[{"href":"https:\/\/www.ciadetalentos.com.br\/blog\/wp-json\/wp\/v2\/posts"}],"about":[{"href":"https:\/\/www.ciadetalentos.com.br\/blog\/wp-json\/wp\/v2\/types\/post"}],"author":[{"embeddable":true,"href":"https:\/\/www.ciadetalentos.com.br\/blog\/wp-json\/wp\/v2\/users\/10"}],"replies":[{"embeddable":true,"href":"https:\/\/www.ciadetalentos.com.br\/blog\/wp-json\/wp\/v2\/comments?post=3412"}],"version-history":[{"count":5,"href":"https:\/\/www.ciadetalentos.com.br\/blog\/wp-json\/wp\/v2\/posts\/3412\/revisions"}],"predecessor-version":[{"id":3421,"href":"https:\/\/www.ciadetalentos.com.br\/blog\/wp-json\/wp\/v2\/posts\/3412\/revisions\/3421"}],"wp:featuredmedia":[{"embeddable":true,"href":"https:\/\/www.ciadetalentos.com.br\/blog\/wp-json\/wp\/v2\/media\/3413"}],"wp:attachment":[{"href":"https:\/\/www.ciadetalentos.com.br\/blog\/wp-json\/wp\/v2\/media?parent=3412"}],"wp:term":[{"taxonomy":"category","embeddable":true,"href":"https:\/\/www.ciadetalentos.com.br\/blog\/wp-json\/wp\/v2\/categories?post=3412"},{"taxonomy":"post_tag","embeddable":true,"href":"https:\/\/www.ciadetalentos.com.br\/blog\/wp-json\/wp\/v2\/tags?post=3412"}],"curies":[{"name":"wp","href":"https:\/\/api.w.org\/{rel}","templated":true}]}}