{"id":3804,"date":"2020-12-17T14:06:58","date_gmt":"2020-12-17T17:06:58","guid":{"rendered":"https:\/\/www.ciadetalentos.com.br\/blog\/?p=3804"},"modified":"2023-08-17T17:25:14","modified_gmt":"2023-08-17T20:25:14","slug":"autoavaliacao-descubra-o-que-voce-realmente-precisa-levar-de-2020","status":"publish","type":"post","link":"https:\/\/www.ciadetalentos.com.br\/blog\/autoavaliacao-descubra-o-que-voce-realmente-precisa-levar-de-2020\/","title":{"rendered":"Autoavalia\u00e7\u00e3o: descubra o que voc\u00ea realmente precisa levar de 2020"},"content":{"rendered":"<p>Voc\u00ea sabe por que fazer uma autoavalia\u00e7\u00e3o \u00e9 t\u00e3o importante nos finais de ano? Esse processo pode at\u00e9 parecer clich\u00ea, mas faz toda a diferen\u00e7a na hora de avaliar a sua evolu\u00e7\u00e3o pessoal e profissional ao longo dos \u00faltimos 12 meses.<\/p>\n<p>Por isso, nesse artigo, vamos te ajudar a refletir sobre o quanto as adversidades de 2020 te tornaram uma pessoa mais preparada para novos desafios em 2021.<\/p>\n<p>Ali\u00e1s, que 2020 foi um ano desafiador, ningu\u00e9m tem d\u00favidas, n\u00e9?<\/p>\n<p>Nesse per\u00edodo, superar as in\u00fameras incertezas foi um dos nossos maiores desafios. Mas, al\u00e9m disso, ainda tivemos que lidar com os diversos planos deixados de lado ou reinventados. E nada disso \u00e9 f\u00e1cil!<\/p>\n<p>Agora, prestes a fechar esse ciclo, \u00e9 fundamental revisitarmos todos os acontecimentos com o olhar da autoavalia\u00e7\u00e3o. Assim, ser\u00e1 poss\u00edvel perceber tudo aquilo que queremos que permane\u00e7a e o que precisamos que mude ou se ajuste para o pr\u00f3ximo ano que est\u00e1 chegando.<\/p>\n<h2><strong>Comece sua autoavalia\u00e7\u00e3o com relembrando seus primeiros planos<\/strong><\/h2>\n<p>Para come\u00e7ar essa retrospectiva reflexiva, voc\u00ea vai precisar lembrar dos seus planos para 2020.<\/p>\n<p>L\u00e1 no in\u00edcio, qual era a sua maior motiva\u00e7\u00e3o? Em seguida, como foi para voc\u00ea entrar em contato com as primeiras not\u00edcias sobre a pandemia? E com a possibilidade de um lockdown?<\/p>\n<p>Algumas pessoas se ajustaram rapidamente com a necessidade de <a href=\"https:\/\/www.ciadetalentos.com.br\/blog\/como-trabalhar-de-casa\/\" target=\"_blank\" rel=\"noopener\">trabalhar e\/ou estudar remotamente<\/a>. Ainda assim, muitas outras ainda est\u00e3o no processo de adapta\u00e7\u00e3o.<\/p>\n<p>Ent\u00e3o, tente analisar qual foi o seu tempo para sintonizar uma mudan\u00e7a t\u00e3o grande como essa. Mais curto? Mais longo? Precisou de algum tipo de ajuda ou acolhimento? Tudo isso diz muito sobre a sua maturidade para lidar com desafios e a sua capacidade de adapta\u00e7\u00e3o.<\/p>\n<p>Mas a sua autoavalia\u00e7\u00e3o precisa ir ainda mais al\u00e9m!<\/p>\n<h2><strong>Relembre suas rea\u00e7\u00f5es em meio \u00e0 crise<\/strong><\/h2>\n<p>No decorrer do ano, por exemplo, todos n\u00f3s recebemos novas informa\u00e7\u00f5es sobre a Covid-19 a todo momento. Tamb\u00e9m fomos bombardeados de not\u00edcias sobre o que acontecia em outros pa\u00edses e as diretrizes dos governos.<\/p>\n<p>Processar e analisar essa quantidade de dados, estat\u00edsticas e previs\u00f5es demanda muito do nosso senso cr\u00edtico e da nossa intelig\u00eancia emocional. Por isso, \u00e9 importante que voc\u00ea reflita sobre qual foi a sua rea\u00e7\u00e3o frente a tudo isso.<\/p>\n<ul>\n<li>Voc\u00ea conseguiu absorver, digerir e selecionar o que era, de fato, relevante?<\/li>\n<li>Precisou muito de bate-papos online entre amigos?<\/li>\n<li>Caiu em alguma \u201cfake news\u201d?<\/li>\n<\/ul>\n<h2><strong>Reconhe\u00e7a o quanto voc\u00ea se adaptou aos novos cen\u00e1rios<\/strong><\/h2>\n<p>Houve um momento em j\u00e1 t\u00ednhamos no piloto autom\u00e1tico todo o protocolo de usar m\u00e1scaras e limpar as m\u00e3os com \u00e1lcool em gel. Tamb\u00e9m j\u00e1 sab\u00edamos que era preciso evitar aglomera\u00e7\u00f5es. Mas, mesmo sem uma solu\u00e7\u00e3o imediata, come\u00e7amos a \u201caceitar\u201d o novo.<\/p>\n<p>Levando isso em considera\u00e7\u00e3o, reflita sobre a sua contribui\u00e7\u00e3o em casa, com a sua fam\u00edlia, para que a rotina fosse menos dif\u00edcil por conta das mudan\u00e7as. No trabalho, por exemplo, voc\u00ea fez alguma contribui\u00e7\u00e3o? Ajudou, de alguma forma, sua empresa a encontrar meios de manter um servi\u00e7o na ativa?<\/p>\n<p>Tudo isso demonstra sua habilidade de apresentar solu\u00e7\u00f5es.<\/p>\n<p>Ali\u00e1s, fazendo um paralelo com o que vivemos dentro do mercado de trabalho, resili\u00eancia, adaptabilidade, an\u00e1lise de dados e informa\u00e7\u00f5es, colabora\u00e7\u00e3o e vis\u00e3o do todo s\u00e3o comportamentos altamente valorizados.<\/p>\n<p>Portanto, pense em todas as experi\u00eancias que voc\u00ea viveu ao longo deste ano e reflita sobre como essas compet\u00eancias foram desenvolvidas por voc\u00ea!<\/p>\n<p>Por fim, n\u00f3s desejamos que 2021 traga novas possibilidades de evolu\u00e7\u00e3o e desenvolvimento. Al\u00e9m disso, ficamos na torcida para que suas reflex\u00f5es sejam um impulso para te levar mais perto dos seus objetivos.<\/p>\n<p>Boa sorte nessa jornada!<\/p>\n<p><strong>Gabriela Cruvinel<br \/>\n<\/strong><strong>Consultora \u2013 Cia de Talentos<\/strong><\/p>\n","protected":false},"excerpt":{"rendered":"<p>Voc\u00ea sabe por que fazer uma autoavalia\u00e7\u00e3o \u00e9 t\u00e3o importante nos finais de ano?&hellip;<\/p>\n","protected":false},"author":21,"featured_media":3808,"comment_status":"open","ping_status":"open","sticky":false,"template":"","format":"standard","meta":{"footnotes":""},"categories":[23,24],"tags":[48,67,81,57],"yoast_head":"<!-- This site is optimized with the Yoast SEO plugin v22.5 - https:\/\/yoast.com\/wordpress\/plugins\/seo\/ -->\n<title>Descubra o que voc\u00ea realmente precisa levar de 2020 - Blog Cia de Talentos<\/title>\n<meta name=\"description\" content=\"Fazer uma autoavalia\u00e7\u00e3o \u00e9 um processo fundamental para estruturar seu plano de desenvolvimento para o pr\u00f3ximo ano. Descubra como fazer a sua.\" \/>\n<meta name=\"robots\" content=\"index, follow, max-snippet:-1, max-image-preview:large, max-video-preview:-1\" \/>\n<link rel=\"canonical\" href=\"https:\/\/www.ciadetalentos.com.br\/blog\/autoavaliacao-descubra-o-que-voce-realmente-precisa-levar-de-2020\/\" \/>\n<meta property=\"og:locale\" content=\"pt_BR\" \/>\n<meta property=\"og:type\" content=\"article\" \/>\n<meta property=\"og:title\" content=\"Descubra o que voc\u00ea realmente precisa levar de 2020 - Blog Cia de Talentos\" \/>\n<meta property=\"og:description\" content=\"Fazer uma autoavalia\u00e7\u00e3o \u00e9 um processo fundamental para estruturar seu plano de desenvolvimento para o pr\u00f3ximo ano. Descubra como fazer a sua.\" \/>\n<meta property=\"og:url\" content=\"https:\/\/www.ciadetalentos.com.br\/blog\/autoavaliacao-descubra-o-que-voce-realmente-precisa-levar-de-2020\/\" \/>\n<meta property=\"og:site_name\" content=\"Blog Cia de Talentos\" \/>\n<meta property=\"article:published_time\" content=\"2020-12-17T17:06:58+00:00\" \/>\n<meta property=\"article:modified_time\" content=\"2023-08-17T20:25:14+00:00\" \/>\n<meta property=\"og:image\" content=\"https:\/\/www.ciadetalentos.com.br\/blog\/wp-content\/uploads\/sites\/7\/2020\/12\/Feed_Artigo.png\" \/>\n\t<meta property=\"og:image:width\" content=\"720\" \/>\n\t<meta property=\"og:image:height\" content=\"542\" \/>\n\t<meta property=\"og:image:type\" content=\"image\/png\" \/>\n<meta name=\"author\" content=\"alanis\" \/>\n<meta name=\"twitter:card\" content=\"summary_large_image\" \/>\n<meta name=\"twitter:label1\" content=\"Escrito por\" \/>\n\t<meta name=\"twitter:data1\" content=\"alanis\" \/>\n\t<meta name=\"twitter:label2\" content=\"Est. tempo de leitura\" \/>\n\t<meta name=\"twitter:data2\" content=\"4 minutos\" \/>\n<script type=\"application\/ld+json\" class=\"yoast-schema-graph\">{\"@context\":\"https:\/\/schema.org\",\"@graph\":[{\"@type\":\"WebPage\",\"@id\":\"https:\/\/www.ciadetalentos.com.br\/blog\/autoavaliacao-descubra-o-que-voce-realmente-precisa-levar-de-2020\/\",\"url\":\"https:\/\/www.ciadetalentos.com.br\/blog\/autoavaliacao-descubra-o-que-voce-realmente-precisa-levar-de-2020\/\",\"name\":\"Descubra o que voc\u00ea realmente precisa levar de 2020 - Blog Cia de Talentos\",\"isPartOf\":{\"@id\":\"https:\/\/www.ciadetalentos.com.br\/blog\/#website\"},\"primaryImageOfPage\":{\"@id\":\"https:\/\/www.ciadetalentos.com.br\/blog\/autoavaliacao-descubra-o-que-voce-realmente-precisa-levar-de-2020\/#primaryimage\"},\"image\":{\"@id\":\"https:\/\/www.ciadetalentos.com.br\/blog\/autoavaliacao-descubra-o-que-voce-realmente-precisa-levar-de-2020\/#primaryimage\"},\"thumbnailUrl\":\"https:\/\/www.ciadetalentos.com.br\/blog\/wp-content\/uploads\/sites\/7\/2020\/12\/Feed_Artigo.png\",\"datePublished\":\"2020-12-17T17:06:58+00:00\",\"dateModified\":\"2023-08-17T20:25:14+00:00\",\"author\":{\"@id\":\"https:\/\/www.ciadetalentos.com.br\/blog\/#\/schema\/person\/a24087cbd994882fe9266e6e6cc4ceae\"},\"description\":\"Fazer uma autoavalia\u00e7\u00e3o \u00e9 um processo fundamental para estruturar seu plano de desenvolvimento para o pr\u00f3ximo ano. Descubra como fazer a sua.\",\"breadcrumb\":{\"@id\":\"https:\/\/www.ciadetalentos.com.br\/blog\/autoavaliacao-descubra-o-que-voce-realmente-precisa-levar-de-2020\/#breadcrumb\"},\"inLanguage\":\"pt-BR\",\"potentialAction\":[{\"@type\":\"ReadAction\",\"target\":[\"https:\/\/www.ciadetalentos.com.br\/blog\/autoavaliacao-descubra-o-que-voce-realmente-precisa-levar-de-2020\/\"]}]},{\"@type\":\"ImageObject\",\"inLanguage\":\"pt-BR\",\"@id\":\"https:\/\/www.ciadetalentos.com.br\/blog\/autoavaliacao-descubra-o-que-voce-realmente-precisa-levar-de-2020\/#primaryimage\",\"url\":\"https:\/\/www.ciadetalentos.com.br\/blog\/wp-content\/uploads\/sites\/7\/2020\/12\/Feed_Artigo.png\",\"contentUrl\":\"https:\/\/www.ciadetalentos.com.br\/blog\/wp-content\/uploads\/sites\/7\/2020\/12\/Feed_Artigo.png\",\"width\":720,\"height\":542,\"caption\":\"autoavalia\u00e7\u00e3o\"},{\"@type\":\"BreadcrumbList\",\"@id\":\"https:\/\/www.ciadetalentos.com.br\/blog\/autoavaliacao-descubra-o-que-voce-realmente-precisa-levar-de-2020\/#breadcrumb\",\"itemListElement\":[{\"@type\":\"ListItem\",\"position\":1,\"name\":\"Home\",\"item\":\"https:\/\/www.ciadetalentos.com.br\/blog\/\"},{\"@type\":\"ListItem\",\"position\":2,\"name\":\"Autoavalia\u00e7\u00e3o: descubra o que voc\u00ea realmente precisa levar de 2020\"}]},{\"@type\":\"WebSite\",\"@id\":\"https:\/\/www.ciadetalentos.com.br\/blog\/#website\",\"url\":\"https:\/\/www.ciadetalentos.com.br\/blog\/\",\"name\":\"Blog Cia de Talentos\",\"description\":\"Descubra tudo o que voc\u00ea precisa para desenvolver carreiras e transformar sua vida profissional\",\"potentialAction\":[{\"@type\":\"SearchAction\",\"target\":{\"@type\":\"EntryPoint\",\"urlTemplate\":\"https:\/\/www.ciadetalentos.com.br\/blog\/?s={search_term_string}\"},\"query-input\":\"required name=search_term_string\"}],\"inLanguage\":\"pt-BR\"},{\"@type\":\"Person\",\"@id\":\"https:\/\/www.ciadetalentos.com.br\/blog\/#\/schema\/person\/a24087cbd994882fe9266e6e6cc4ceae\",\"name\":\"alanis\",\"image\":{\"@type\":\"ImageObject\",\"inLanguage\":\"pt-BR\",\"@id\":\"https:\/\/www.ciadetalentos.com.br\/blog\/#\/schema\/person\/image\/\",\"url\":\"https:\/\/secure.gravatar.com\/avatar\/5d264cc4297008b1056fad824d86f6bb?s=96&d=mm&r=g\",\"contentUrl\":\"https:\/\/secure.gravatar.com\/avatar\/5d264cc4297008b1056fad824d86f6bb?s=96&d=mm&r=g\",\"caption\":\"alanis\"},\"url\":\"https:\/\/www.ciadetalentos.com.br\/blog\/author\/alanis\/\"}]}<\/script>\n<!-- \/ Yoast SEO plugin. -->","yoast_head_json":{"title":"Descubra o que voc\u00ea realmente precisa levar de 2020 - Blog Cia de Talentos","description":"Fazer uma autoavalia\u00e7\u00e3o \u00e9 um processo fundamental para estruturar seu plano de desenvolvimento para o pr\u00f3ximo ano. Descubra como fazer a sua.","robots":{"index":"index","follow":"follow","max-snippet":"max-snippet:-1","max-image-preview":"max-image-preview:large","max-video-preview":"max-video-preview:-1"},"canonical":"https:\/\/www.ciadetalentos.com.br\/blog\/autoavaliacao-descubra-o-que-voce-realmente-precisa-levar-de-2020\/","og_locale":"pt_BR","og_type":"article","og_title":"Descubra o que voc\u00ea realmente precisa levar de 2020 - Blog Cia de Talentos","og_description":"Fazer uma autoavalia\u00e7\u00e3o \u00e9 um processo fundamental para estruturar seu plano de desenvolvimento para o pr\u00f3ximo ano. Descubra como fazer a sua.","og_url":"https:\/\/www.ciadetalentos.com.br\/blog\/autoavaliacao-descubra-o-que-voce-realmente-precisa-levar-de-2020\/","og_site_name":"Blog Cia de Talentos","article_published_time":"2020-12-17T17:06:58+00:00","article_modified_time":"2023-08-17T20:25:14+00:00","og_image":[{"width":720,"height":542,"url":"https:\/\/www.ciadetalentos.com.br\/blog\/wp-content\/uploads\/sites\/7\/2020\/12\/Feed_Artigo.png","type":"image\/png"}],"author":"alanis","twitter_card":"summary_large_image","twitter_misc":{"Escrito por":"alanis","Est. tempo de leitura":"4 minutos"},"schema":{"@context":"https:\/\/schema.org","@graph":[{"@type":"WebPage","@id":"https:\/\/www.ciadetalentos.com.br\/blog\/autoavaliacao-descubra-o-que-voce-realmente-precisa-levar-de-2020\/","url":"https:\/\/www.ciadetalentos.com.br\/blog\/autoavaliacao-descubra-o-que-voce-realmente-precisa-levar-de-2020\/","name":"Descubra o que voc\u00ea realmente precisa levar de 2020 - Blog Cia de Talentos","isPartOf":{"@id":"https:\/\/www.ciadetalentos.com.br\/blog\/#website"},"primaryImageOfPage":{"@id":"https:\/\/www.ciadetalentos.com.br\/blog\/autoavaliacao-descubra-o-que-voce-realmente-precisa-levar-de-2020\/#primaryimage"},"image":{"@id":"https:\/\/www.ciadetalentos.com.br\/blog\/autoavaliacao-descubra-o-que-voce-realmente-precisa-levar-de-2020\/#primaryimage"},"thumbnailUrl":"https:\/\/www.ciadetalentos.com.br\/blog\/wp-content\/uploads\/sites\/7\/2020\/12\/Feed_Artigo.png","datePublished":"2020-12-17T17:06:58+00:00","dateModified":"2023-08-17T20:25:14+00:00","author":{"@id":"https:\/\/www.ciadetalentos.com.br\/blog\/#\/schema\/person\/a24087cbd994882fe9266e6e6cc4ceae"},"description":"Fazer uma autoavalia\u00e7\u00e3o \u00e9 um processo fundamental para estruturar seu plano de desenvolvimento para o pr\u00f3ximo ano. Descubra como fazer a sua.","breadcrumb":{"@id":"https:\/\/www.ciadetalentos.com.br\/blog\/autoavaliacao-descubra-o-que-voce-realmente-precisa-levar-de-2020\/#breadcrumb"},"inLanguage":"pt-BR","potentialAction":[{"@type":"ReadAction","target":["https:\/\/www.ciadetalentos.com.br\/blog\/autoavaliacao-descubra-o-que-voce-realmente-precisa-levar-de-2020\/"]}]},{"@type":"ImageObject","inLanguage":"pt-BR","@id":"https:\/\/www.ciadetalentos.com.br\/blog\/autoavaliacao-descubra-o-que-voce-realmente-precisa-levar-de-2020\/#primaryimage","url":"https:\/\/www.ciadetalentos.com.br\/blog\/wp-content\/uploads\/sites\/7\/2020\/12\/Feed_Artigo.png","contentUrl":"https:\/\/www.ciadetalentos.com.br\/blog\/wp-content\/uploads\/sites\/7\/2020\/12\/Feed_Artigo.png","width":720,"height":542,"caption":"autoavalia\u00e7\u00e3o"},{"@type":"BreadcrumbList","@id":"https:\/\/www.ciadetalentos.com.br\/blog\/autoavaliacao-descubra-o-que-voce-realmente-precisa-levar-de-2020\/#breadcrumb","itemListElement":[{"@type":"ListItem","position":1,"name":"Home","item":"https:\/\/www.ciadetalentos.com.br\/blog\/"},{"@type":"ListItem","position":2,"name":"Autoavalia\u00e7\u00e3o: descubra o que voc\u00ea realmente precisa levar de 2020"}]},{"@type":"WebSite","@id":"https:\/\/www.ciadetalentos.com.br\/blog\/#website","url":"https:\/\/www.ciadetalentos.com.br\/blog\/","name":"Blog Cia de Talentos","description":"Descubra tudo o que voc\u00ea precisa para desenvolver carreiras e transformar sua vida profissional","potentialAction":[{"@type":"SearchAction","target":{"@type":"EntryPoint","urlTemplate":"https:\/\/www.ciadetalentos.com.br\/blog\/?s={search_term_string}"},"query-input":"required name=search_term_string"}],"inLanguage":"pt-BR"},{"@type":"Person","@id":"https:\/\/www.ciadetalentos.com.br\/blog\/#\/schema\/person\/a24087cbd994882fe9266e6e6cc4ceae","name":"alanis","image":{"@type":"ImageObject","inLanguage":"pt-BR","@id":"https:\/\/www.ciadetalentos.com.br\/blog\/#\/schema\/person\/image\/","url":"https:\/\/secure.gravatar.com\/avatar\/5d264cc4297008b1056fad824d86f6bb?s=96&d=mm&r=g","contentUrl":"https:\/\/secure.gravatar.com\/avatar\/5d264cc4297008b1056fad824d86f6bb?s=96&d=mm&r=g","caption":"alanis"},"url":"https:\/\/www.ciadetalentos.com.br\/blog\/author\/alanis\/"}]}},"_links":{"self":[{"href":"https:\/\/www.ciadetalentos.com.br\/blog\/wp-json\/wp\/v2\/posts\/3804"}],"collection":[{"href":"https:\/\/www.ciadetalentos.com.br\/blog\/wp-json\/wp\/v2\/posts"}],"about":[{"href":"https:\/\/www.ciadetalentos.com.br\/blog\/wp-json\/wp\/v2\/types\/post"}],"author":[{"embeddable":true,"href":"https:\/\/www.ciadetalentos.com.br\/blog\/wp-json\/wp\/v2\/users\/21"}],"replies":[{"embeddable":true,"href":"https:\/\/www.ciadetalentos.com.br\/blog\/wp-json\/wp\/v2\/comments?post=3804"}],"version-history":[{"count":1,"href":"https:\/\/www.ciadetalentos.com.br\/blog\/wp-json\/wp\/v2\/posts\/3804\/revisions"}],"predecessor-version":[{"id":3805,"href":"https:\/\/www.ciadetalentos.com.br\/blog\/wp-json\/wp\/v2\/posts\/3804\/revisions\/3805"}],"wp:featuredmedia":[{"embeddable":true,"href":"https:\/\/www.ciadetalentos.com.br\/blog\/wp-json\/wp\/v2\/media\/3808"}],"wp:attachment":[{"href":"https:\/\/www.ciadetalentos.com.br\/blog\/wp-json\/wp\/v2\/media?parent=3804"}],"wp:term":[{"taxonomy":"category","embeddable":true,"href":"https:\/\/www.ciadetalentos.com.br\/blog\/wp-json\/wp\/v2\/categories?post=3804"},{"taxonomy":"post_tag","embeddable":true,"href":"https:\/\/www.ciadetalentos.com.br\/blog\/wp-json\/wp\/v2\/tags?post=3804"}],"curies":[{"name":"wp","href":"https:\/\/api.w.org\/{rel}","templated":true}]}}