{"id":3856,"date":"2021-01-29T16:18:47","date_gmt":"2021-01-29T19:18:47","guid":{"rendered":"https:\/\/www.ciadetalentos.com.br\/blog\/?p=3856"},"modified":"2021-01-29T16:19:09","modified_gmt":"2021-01-29T19:19:09","slug":"faculdade-e-ou-nao-um-passaporte-para-o-sucesso-profissional","status":"publish","type":"post","link":"https:\/\/www.ciadetalentos.com.br\/blog\/faculdade-e-ou-nao-um-passaporte-para-o-sucesso-profissional\/","title":{"rendered":"Faculdade: \u00e9 ou n\u00e3o um passaporte para o sucesso profissional?"},"content":{"rendered":"<p>Se voc\u00ea \u00e9 estudante universit\u00e1rio ou pensa em ingressar em uma universidade, com certeza j\u00e1 se perguntou se quer mesmo investir numa faculdade, n\u00e9? H\u00e1 alguns anos, diziam que a faculdade e os cursos t\u00e9cnicos eram fundamentais pro sucesso profissional. Mas ser\u00e1 que eles ainda garantem um emprego hoje em dia? \u00c9 sobre isso que vamos conversar neste artigo.<\/p>\n<h2><strong>O que a faculdade representa em nosso contexto?<\/strong><\/h2>\n<p>Antes de mais nada, uma coisa \u00e9 certa, o mercado de trabalho est\u00e1 cada vez mais competitivo.<\/p>\n<p>Logo, posso dizer que uma gradua\u00e7\u00e3o, um curso t\u00e9cnico ou mesmo uma p\u00f3s-gradua\u00e7\u00e3o s\u00e3o fundamentais no alcance dos seus objetivos profissionais. Afinal, n\u00e3o importa a dire\u00e7\u00e3o que voc\u00ea quer dar na sua trajet\u00f3ria profissional, mas ter qualifica\u00e7\u00e3o \u00e9 fundamental.<\/p>\n<p>Notamos que o mercado de trabalho exige, sim, o conhecimento do profissional. Por isso, a gradua\u00e7\u00e3o superior ou um curso t\u00e9cnico agregam valor ao seu curr\u00edculo.<\/p>\n<p>As empresas reconhecem que o conhecimento \u00e9 um fator de destaque no mundo competitivo e se manter atualizado \u00e9 um diferencial para conseguir um bom emprego.<\/p>\n<h4>Alguns dados que comprovam isso:<\/h4>\n<p>Segundo o IBGE, a gradua\u00e7\u00e3o pode ser o passaporte para o emprego.<\/p>\n<p>De acordo com o relat\u00f3rio <em>Um Olhar sobre a Educa\u00e7\u00e3o<\/em> e a <em>S\u00edntese de Indicadores Sociais<\/em> divulgada em 2018 pelo IBGE, o Brasil \u00e9 o pa\u00eds onde uma faculdade aumenta mais as chances de empregabilidade. Al\u00e9m disso, o estudo tamb\u00e9m indica que quem tem diploma pode ganhar mais que o dobro dos profissionais com apenas ensino m\u00e9dio.<\/p>\n<p>Ent\u00e3o, se voc\u00ea tem um diploma, a chance de ficar fora do mercado de trabalho \u00e9 menor em compara\u00e7\u00e3o ao profissional que n\u00e3o tem. Por\u00e9m, \u00e9 importante voc\u00ea lembrar que o diploma <strong>n\u00e3o garante<\/strong> o emprego.<\/p>\n<p>Al\u00e9m da forma\u00e7\u00e3o t\u00e9cnica, voc\u00ea precisa reunir as <a href=\"https:\/\/www.ciadetalentos.com.br\/blog\/habilidades-profissionais-quais-sao-as-mais-procuradas-pelo-mercado\/\" target=\"_blank\" rel=\"noopener\">compet\u00eancias comportamentais<\/a> que o mercado procura. Entre elas, podemos citar: <a href=\"https:\/\/www.ciadetalentos.com.br\/blog\/conexoes-pessoais-entenda-porque-a-amizade-corporativa-e-importante-para-as-empresas\/\" target=\"_blank\" rel=\"noopener\">trabalho em grupo<\/a>, foco em resultado, flexibilidade entre outras.<\/p>\n<p>Candidatos que j\u00e1 fizeram algum est\u00e1gio est\u00e3o a um passo na frente para conseguir um bom emprego. Afinal, isso demonstra interesse no desenvolvimento profissional.<\/p>\n<p>Portanto, aproveite o tempo em que est\u00e1 na Universidade e procure por:<\/p>\n<ul>\n<li>Est\u00e1gios<\/li>\n<li><a href=\"https:\/\/www.ciadetalentos.com.br\/blog\/trabalho-voluntario-como-citar-no-curriculo\/\" target=\"_blank\" rel=\"noopener\">Trabalhos volunt\u00e1rios<\/a><\/li>\n<li>Empresa J\u00fanior<\/li>\n<li>Atividades de inicia\u00e7\u00e3o cient\u00edfica e muito mais.<\/li>\n<\/ul>\n<p>Coloque em pr\u00e1tica os conhecimentos adquiridos no ambiente acad\u00eamico.<\/p>\n<p>Outra dica: tenha um <a href=\"https:\/\/www.ciadetalentos.com.br\/blog\/como-fazer-amigos-e-conquistar-uma-rede-de-contatos-eficiente\/\" target=\"_blank\" rel=\"noopener\">networking<\/a> fortalecido. Participe de palestras, congressos e semin\u00e1rios de sua \u00e1rea para trocar informa\u00e7\u00f5es e descobrir oportunidades profissionais. Fortale\u00e7a sua rede de contatos e amplie suas possibilidades.<\/p>\n<p>Boa sorte nessa miss\u00e3o!<\/p>\n<p><strong>por Ana Carolina Gomm<\/strong><br \/>\n<strong>Consultora de Processos Seletivos da Cia de Talentos<\/strong><\/p>\n","protected":false},"excerpt":{"rendered":"<p>Se voc\u00ea \u00e9 estudante universit\u00e1rio ou pensa em ingressar em uma universidade, com certeza&hellip;<\/p>\n","protected":false},"author":21,"featured_media":3858,"comment_status":"open","ping_status":"open","sticky":false,"template":"","format":"standard","meta":{"footnotes":""},"categories":[20,23],"tags":[48,204,775,57],"yoast_head":"<!-- This site is optimized with the Yoast SEO plugin v22.5 - https:\/\/yoast.com\/wordpress\/plugins\/seo\/ -->\n<title>Faculdade: \u00e9 ou n\u00e3o um passaporte para o sucesso profissional?<\/title>\n<meta name=\"description\" content=\"Voc\u00ea sabe quanto vale o seu diploma para o mercado de trabalho? Descubra se fazer uma faculdade ainda \u00e9 sinonimo de sucesso profissional.\" \/>\n<meta name=\"robots\" content=\"index, follow, max-snippet:-1, max-image-preview:large, max-video-preview:-1\" \/>\n<link rel=\"canonical\" href=\"https:\/\/www.ciadetalentos.com.br\/blog\/faculdade-e-ou-nao-um-passaporte-para-o-sucesso-profissional\/\" \/>\n<meta property=\"og:locale\" content=\"pt_BR\" \/>\n<meta property=\"og:type\" content=\"article\" \/>\n<meta property=\"og:title\" content=\"Faculdade: \u00e9 ou n\u00e3o um passaporte para o sucesso profissional?\" \/>\n<meta property=\"og:description\" content=\"Voc\u00ea sabe quanto vale o seu diploma para o mercado de trabalho? Descubra se fazer uma faculdade ainda \u00e9 sinonimo de sucesso profissional.\" \/>\n<meta property=\"og:url\" content=\"https:\/\/www.ciadetalentos.com.br\/blog\/faculdade-e-ou-nao-um-passaporte-para-o-sucesso-profissional\/\" \/>\n<meta property=\"og:site_name\" content=\"Blog Cia de Talentos\" \/>\n<meta property=\"article:published_time\" content=\"2021-01-29T19:18:47+00:00\" \/>\n<meta property=\"article:modified_time\" content=\"2021-01-29T19:19:09+00:00\" \/>\n<meta property=\"og:image\" content=\"https:\/\/www.ciadetalentos.com.br\/blog\/wp-content\/uploads\/sites\/7\/2021\/01\/capa-4.png\" \/>\n\t<meta property=\"og:image:width\" content=\"720\" \/>\n\t<meta property=\"og:image:height\" content=\"542\" \/>\n\t<meta property=\"og:image:type\" content=\"image\/png\" \/>\n<meta name=\"author\" content=\"alanis\" \/>\n<meta name=\"twitter:card\" content=\"summary_large_image\" \/>\n<meta name=\"twitter:label1\" content=\"Escrito por\" \/>\n\t<meta name=\"twitter:data1\" content=\"alanis\" \/>\n\t<meta name=\"twitter:label2\" content=\"Est. tempo de leitura\" \/>\n\t<meta name=\"twitter:data2\" content=\"2 minutos\" \/>\n<script type=\"application\/ld+json\" class=\"yoast-schema-graph\">{\"@context\":\"https:\/\/schema.org\",\"@graph\":[{\"@type\":\"WebPage\",\"@id\":\"https:\/\/www.ciadetalentos.com.br\/blog\/faculdade-e-ou-nao-um-passaporte-para-o-sucesso-profissional\/\",\"url\":\"https:\/\/www.ciadetalentos.com.br\/blog\/faculdade-e-ou-nao-um-passaporte-para-o-sucesso-profissional\/\",\"name\":\"Faculdade: \u00e9 ou n\u00e3o um passaporte para o sucesso profissional?\",\"isPartOf\":{\"@id\":\"https:\/\/www.ciadetalentos.com.br\/blog\/#website\"},\"primaryImageOfPage\":{\"@id\":\"https:\/\/www.ciadetalentos.com.br\/blog\/faculdade-e-ou-nao-um-passaporte-para-o-sucesso-profissional\/#primaryimage\"},\"image\":{\"@id\":\"https:\/\/www.ciadetalentos.com.br\/blog\/faculdade-e-ou-nao-um-passaporte-para-o-sucesso-profissional\/#primaryimage\"},\"thumbnailUrl\":\"https:\/\/www.ciadetalentos.com.br\/blog\/wp-content\/uploads\/sites\/7\/2021\/01\/capa-4.png\",\"datePublished\":\"2021-01-29T19:18:47+00:00\",\"dateModified\":\"2021-01-29T19:19:09+00:00\",\"author\":{\"@id\":\"https:\/\/www.ciadetalentos.com.br\/blog\/#\/schema\/person\/a24087cbd994882fe9266e6e6cc4ceae\"},\"description\":\"Voc\u00ea sabe quanto vale o seu diploma para o mercado de trabalho? Descubra se fazer uma faculdade ainda \u00e9 sinonimo de sucesso profissional.\",\"breadcrumb\":{\"@id\":\"https:\/\/www.ciadetalentos.com.br\/blog\/faculdade-e-ou-nao-um-passaporte-para-o-sucesso-profissional\/#breadcrumb\"},\"inLanguage\":\"pt-BR\",\"potentialAction\":[{\"@type\":\"ReadAction\",\"target\":[\"https:\/\/www.ciadetalentos.com.br\/blog\/faculdade-e-ou-nao-um-passaporte-para-o-sucesso-profissional\/\"]}]},{\"@type\":\"ImageObject\",\"inLanguage\":\"pt-BR\",\"@id\":\"https:\/\/www.ciadetalentos.com.br\/blog\/faculdade-e-ou-nao-um-passaporte-para-o-sucesso-profissional\/#primaryimage\",\"url\":\"https:\/\/www.ciadetalentos.com.br\/blog\/wp-content\/uploads\/sites\/7\/2021\/01\/capa-4.png\",\"contentUrl\":\"https:\/\/www.ciadetalentos.com.br\/blog\/wp-content\/uploads\/sites\/7\/2021\/01\/capa-4.png\",\"width\":720,\"height\":542,\"caption\":\"Faculdade: \u00e9 ou n\u00e3o um passaporte para o sucesso profissional?\"},{\"@type\":\"BreadcrumbList\",\"@id\":\"https:\/\/www.ciadetalentos.com.br\/blog\/faculdade-e-ou-nao-um-passaporte-para-o-sucesso-profissional\/#breadcrumb\",\"itemListElement\":[{\"@type\":\"ListItem\",\"position\":1,\"name\":\"Home\",\"item\":\"https:\/\/www.ciadetalentos.com.br\/blog\/\"},{\"@type\":\"ListItem\",\"position\":2,\"name\":\"Faculdade: \u00e9 ou n\u00e3o um passaporte para o sucesso profissional?\"}]},{\"@type\":\"WebSite\",\"@id\":\"https:\/\/www.ciadetalentos.com.br\/blog\/#website\",\"url\":\"https:\/\/www.ciadetalentos.com.br\/blog\/\",\"name\":\"Blog Cia de Talentos\",\"description\":\"Descubra tudo o que voc\u00ea precisa para desenvolver carreiras e transformar sua vida profissional\",\"potentialAction\":[{\"@type\":\"SearchAction\",\"target\":{\"@type\":\"EntryPoint\",\"urlTemplate\":\"https:\/\/www.ciadetalentos.com.br\/blog\/?s={search_term_string}\"},\"query-input\":\"required name=search_term_string\"}],\"inLanguage\":\"pt-BR\"},{\"@type\":\"Person\",\"@id\":\"https:\/\/www.ciadetalentos.com.br\/blog\/#\/schema\/person\/a24087cbd994882fe9266e6e6cc4ceae\",\"name\":\"alanis\",\"image\":{\"@type\":\"ImageObject\",\"inLanguage\":\"pt-BR\",\"@id\":\"https:\/\/www.ciadetalentos.com.br\/blog\/#\/schema\/person\/image\/\",\"url\":\"https:\/\/secure.gravatar.com\/avatar\/5d264cc4297008b1056fad824d86f6bb?s=96&d=mm&r=g\",\"contentUrl\":\"https:\/\/secure.gravatar.com\/avatar\/5d264cc4297008b1056fad824d86f6bb?s=96&d=mm&r=g\",\"caption\":\"alanis\"},\"url\":\"https:\/\/www.ciadetalentos.com.br\/blog\/author\/alanis\/\"}]}<\/script>\n<!-- \/ Yoast SEO plugin. -->","yoast_head_json":{"title":"Faculdade: \u00e9 ou n\u00e3o um passaporte para o sucesso profissional?","description":"Voc\u00ea sabe quanto vale o seu diploma para o mercado de trabalho? Descubra se fazer uma faculdade ainda \u00e9 sinonimo de sucesso profissional.","robots":{"index":"index","follow":"follow","max-snippet":"max-snippet:-1","max-image-preview":"max-image-preview:large","max-video-preview":"max-video-preview:-1"},"canonical":"https:\/\/www.ciadetalentos.com.br\/blog\/faculdade-e-ou-nao-um-passaporte-para-o-sucesso-profissional\/","og_locale":"pt_BR","og_type":"article","og_title":"Faculdade: \u00e9 ou n\u00e3o um passaporte para o sucesso profissional?","og_description":"Voc\u00ea sabe quanto vale o seu diploma para o mercado de trabalho? Descubra se fazer uma faculdade ainda \u00e9 sinonimo de sucesso profissional.","og_url":"https:\/\/www.ciadetalentos.com.br\/blog\/faculdade-e-ou-nao-um-passaporte-para-o-sucesso-profissional\/","og_site_name":"Blog Cia de Talentos","article_published_time":"2021-01-29T19:18:47+00:00","article_modified_time":"2021-01-29T19:19:09+00:00","og_image":[{"width":720,"height":542,"url":"https:\/\/www.ciadetalentos.com.br\/blog\/wp-content\/uploads\/sites\/7\/2021\/01\/capa-4.png","type":"image\/png"}],"author":"alanis","twitter_card":"summary_large_image","twitter_misc":{"Escrito por":"alanis","Est. tempo de leitura":"2 minutos"},"schema":{"@context":"https:\/\/schema.org","@graph":[{"@type":"WebPage","@id":"https:\/\/www.ciadetalentos.com.br\/blog\/faculdade-e-ou-nao-um-passaporte-para-o-sucesso-profissional\/","url":"https:\/\/www.ciadetalentos.com.br\/blog\/faculdade-e-ou-nao-um-passaporte-para-o-sucesso-profissional\/","name":"Faculdade: \u00e9 ou n\u00e3o um passaporte para o sucesso profissional?","isPartOf":{"@id":"https:\/\/www.ciadetalentos.com.br\/blog\/#website"},"primaryImageOfPage":{"@id":"https:\/\/www.ciadetalentos.com.br\/blog\/faculdade-e-ou-nao-um-passaporte-para-o-sucesso-profissional\/#primaryimage"},"image":{"@id":"https:\/\/www.ciadetalentos.com.br\/blog\/faculdade-e-ou-nao-um-passaporte-para-o-sucesso-profissional\/#primaryimage"},"thumbnailUrl":"https:\/\/www.ciadetalentos.com.br\/blog\/wp-content\/uploads\/sites\/7\/2021\/01\/capa-4.png","datePublished":"2021-01-29T19:18:47+00:00","dateModified":"2021-01-29T19:19:09+00:00","author":{"@id":"https:\/\/www.ciadetalentos.com.br\/blog\/#\/schema\/person\/a24087cbd994882fe9266e6e6cc4ceae"},"description":"Voc\u00ea sabe quanto vale o seu diploma para o mercado de trabalho? Descubra se fazer uma faculdade ainda \u00e9 sinonimo de sucesso profissional.","breadcrumb":{"@id":"https:\/\/www.ciadetalentos.com.br\/blog\/faculdade-e-ou-nao-um-passaporte-para-o-sucesso-profissional\/#breadcrumb"},"inLanguage":"pt-BR","potentialAction":[{"@type":"ReadAction","target":["https:\/\/www.ciadetalentos.com.br\/blog\/faculdade-e-ou-nao-um-passaporte-para-o-sucesso-profissional\/"]}]},{"@type":"ImageObject","inLanguage":"pt-BR","@id":"https:\/\/www.ciadetalentos.com.br\/blog\/faculdade-e-ou-nao-um-passaporte-para-o-sucesso-profissional\/#primaryimage","url":"https:\/\/www.ciadetalentos.com.br\/blog\/wp-content\/uploads\/sites\/7\/2021\/01\/capa-4.png","contentUrl":"https:\/\/www.ciadetalentos.com.br\/blog\/wp-content\/uploads\/sites\/7\/2021\/01\/capa-4.png","width":720,"height":542,"caption":"Faculdade: \u00e9 ou n\u00e3o um passaporte para o sucesso profissional?"},{"@type":"BreadcrumbList","@id":"https:\/\/www.ciadetalentos.com.br\/blog\/faculdade-e-ou-nao-um-passaporte-para-o-sucesso-profissional\/#breadcrumb","itemListElement":[{"@type":"ListItem","position":1,"name":"Home","item":"https:\/\/www.ciadetalentos.com.br\/blog\/"},{"@type":"ListItem","position":2,"name":"Faculdade: \u00e9 ou n\u00e3o um passaporte para o sucesso profissional?"}]},{"@type":"WebSite","@id":"https:\/\/www.ciadetalentos.com.br\/blog\/#website","url":"https:\/\/www.ciadetalentos.com.br\/blog\/","name":"Blog Cia de Talentos","description":"Descubra tudo o que voc\u00ea precisa para desenvolver carreiras e transformar sua vida profissional","potentialAction":[{"@type":"SearchAction","target":{"@type":"EntryPoint","urlTemplate":"https:\/\/www.ciadetalentos.com.br\/blog\/?s={search_term_string}"},"query-input":"required name=search_term_string"}],"inLanguage":"pt-BR"},{"@type":"Person","@id":"https:\/\/www.ciadetalentos.com.br\/blog\/#\/schema\/person\/a24087cbd994882fe9266e6e6cc4ceae","name":"alanis","image":{"@type":"ImageObject","inLanguage":"pt-BR","@id":"https:\/\/www.ciadetalentos.com.br\/blog\/#\/schema\/person\/image\/","url":"https:\/\/secure.gravatar.com\/avatar\/5d264cc4297008b1056fad824d86f6bb?s=96&d=mm&r=g","contentUrl":"https:\/\/secure.gravatar.com\/avatar\/5d264cc4297008b1056fad824d86f6bb?s=96&d=mm&r=g","caption":"alanis"},"url":"https:\/\/www.ciadetalentos.com.br\/blog\/author\/alanis\/"}]}},"_links":{"self":[{"href":"https:\/\/www.ciadetalentos.com.br\/blog\/wp-json\/wp\/v2\/posts\/3856"}],"collection":[{"href":"https:\/\/www.ciadetalentos.com.br\/blog\/wp-json\/wp\/v2\/posts"}],"about":[{"href":"https:\/\/www.ciadetalentos.com.br\/blog\/wp-json\/wp\/v2\/types\/post"}],"author":[{"embeddable":true,"href":"https:\/\/www.ciadetalentos.com.br\/blog\/wp-json\/wp\/v2\/users\/21"}],"replies":[{"embeddable":true,"href":"https:\/\/www.ciadetalentos.com.br\/blog\/wp-json\/wp\/v2\/comments?post=3856"}],"version-history":[{"count":2,"href":"https:\/\/www.ciadetalentos.com.br\/blog\/wp-json\/wp\/v2\/posts\/3856\/revisions"}],"predecessor-version":[{"id":3859,"href":"https:\/\/www.ciadetalentos.com.br\/blog\/wp-json\/wp\/v2\/posts\/3856\/revisions\/3859"}],"wp:featuredmedia":[{"embeddable":true,"href":"https:\/\/www.ciadetalentos.com.br\/blog\/wp-json\/wp\/v2\/media\/3858"}],"wp:attachment":[{"href":"https:\/\/www.ciadetalentos.com.br\/blog\/wp-json\/wp\/v2\/media?parent=3856"}],"wp:term":[{"taxonomy":"category","embeddable":true,"href":"https:\/\/www.ciadetalentos.com.br\/blog\/wp-json\/wp\/v2\/categories?post=3856"},{"taxonomy":"post_tag","embeddable":true,"href":"https:\/\/www.ciadetalentos.com.br\/blog\/wp-json\/wp\/v2\/tags?post=3856"}],"curies":[{"name":"wp","href":"https:\/\/api.w.org\/{rel}","templated":true}]}}