{"id":3889,"date":"2021-02-25T16:22:52","date_gmt":"2021-02-25T19:22:52","guid":{"rendered":"https:\/\/www.ciadetalentos.com.br\/blog\/?p=3889"},"modified":"2021-02-25T16:22:52","modified_gmt":"2021-02-25T19:22:52","slug":"5-dicas-incriveis-para-falar-bem-em-publico","status":"publish","type":"post","link":"https:\/\/www.ciadetalentos.com.br\/blog\/5-dicas-incriveis-para-falar-bem-em-publico\/","title":{"rendered":"5 dicas incr\u00edveis para falar bem em p\u00fablico"},"content":{"rendered":"<p>Todo mundo sabe que falar bem em p\u00fablico n\u00e3o \u00e9 uma tarefa f\u00e1cil. Mas ela continua sendo necess\u00e1ria pra sua vida pessoal e profissional. Ent\u00e3o, para te ajudar a melhorar essa <a href=\"https:\/\/www.ciadetalentos.com.br\/blog\/habilidades-profissionais-quais-sao-as-mais-procuradas-pelo-mercado\/\" target=\"_blank\" rel=\"noopener\">soft skill<\/a>, preparamos algumas dicas muito importantes:<\/p>\n<h4>#1 &#8211; Conhe\u00e7a bem o tema que vai tratar<\/h4>\n<p>Estude, se aprofunde e, no melhor dos mundos, prepare pessoalmente sua <a href=\"https:\/\/www.ciadetalentos.com.br\/blog\/pitch-pessoal\/\" target=\"_blank\" rel=\"noopener\">apresenta\u00e7\u00e3o<\/a>. Desta forma, voc\u00ea j\u00e1 constr\u00f3i a linha de racioc\u00ednio e sabe o que vem antes e o que vem depois na sua fala.<\/p>\n<h4>#2 &#8211; Conhe\u00e7a o p\u00fablico que vai te ouvir falar<\/h4>\n<p>O p\u00fablico para o qual voc\u00ea vai se apresentar te d\u00e1 muitas dicas sobre express\u00f5es e o tom que sua apresenta\u00e7\u00e3o deve ter. Ali\u00e1s, o tom \u00e9 superimportante para uma apresenta\u00e7\u00e3o de sucesso: ser formal para um grupo de jovens ou informal em um grupo de executivos faz sua apresenta\u00e7\u00e3o ser, no m\u00ednimo, inadequada.<\/p>\n<h4>#3 &#8211; A imposta\u00e7\u00e3o da sua voz tamb\u00e9m faz diferen\u00e7a!<\/h4>\n<p>O espa\u00e7o \u00e9 grande? Pequeno? H\u00e1 microfone?<\/p>\n<p>Falar alto em um espa\u00e7o pequeno \u00e9 como gritar. Mas falar baixo em um espa\u00e7o grande \u00e9 como ser \u201cengolido\u201d pela plateia e pelo lugar. Portanto, tenha cuidado!<\/p>\n<h4>#4 &#8211; Uma pitada de humor \u00e9 bem-vinda, mas demanda cuidado!<\/h4>\n<p>O bom humor \u00e9 sempre bem-vindo, afinal, quem n\u00e3o gosta de dar risada, n\u00e3o \u00e9 mesmo? O ponto de equil\u00edbrio do bom humor \u00e9 ser engra\u00e7ado sem fugir do tema, ou perder o foco, e sem ofender ningu\u00e9m da sua plateia.<br \/>\nConsegue fazer isso numa boa? Se sim, siga em frente \ud83d\ude42<\/p>\n<h4>#5 &#8211; Escolha a roupa certa!<\/h4>\n<p>Sua apar\u00eancia parece bobagem, mas todos v\u00e3o fazer uma imagem sua assim que voc\u00ea come\u00e7ar a falar. Sua roupa, seu cabelo, sua postura, enfim, tudo diz muito sobre voc\u00ea.<\/p>\n<p>Sabe aquela roupa que, quando voc\u00ea usa no trabalho, todo mundo elogia? Ent\u00e3o, \u00e9 ela! Uma roupa bonita, confort\u00e1vel, com \u201ccara\u201d de trabalho e que gere um impacto positivo nas pessoas.<\/p>\n<p>A \u00faltima dica \u00e9: pratique! N\u00e3o tenha medo, n\u00e3o fuja do microfone nem do palco. Falar em p\u00fablico \u00e9 um exerc\u00edcio que nem sempre conseguimos praticar. Ent\u00e3o, n\u00e3o perca as oportunidades que tiver, vai ser cada vez menos dif\u00edcil at\u00e9 o momento que ficar f\u00e1cil.<\/p>\n<p><strong>por Areta Barros<br \/>\nConsultora Head de Processos Seletivos da Cia de Talentos<\/strong><\/p>\n","protected":false},"excerpt":{"rendered":"<p>Todo mundo sabe que falar bem em p\u00fablico n\u00e3o \u00e9 uma tarefa f\u00e1cil. Mas&hellip;<\/p>\n","protected":false},"author":21,"featured_media":3890,"comment_status":"open","ping_status":"open","sticky":false,"template":"","format":"standard","meta":{"footnotes":""},"categories":[23],"tags":[81,57,679],"yoast_head":"<!-- This site is optimized with the Yoast SEO plugin v22.5 - https:\/\/yoast.com\/wordpress\/plugins\/seo\/ -->\n<title>5 dicas incr\u00edveis para falar bem em p\u00fablico - Blog Cia de Talentos<\/title>\n<meta name=\"description\" content=\"Falar bem em p\u00fablico parece um desafio quase imposs\u00edvel pra voc\u00ea? Ent\u00e3o, conhe\u00e7a 5 dicas que v\u00e3o te ajudar a arrasar nessa miss\u00e3o.\" \/>\n<meta name=\"robots\" content=\"index, follow, max-snippet:-1, max-image-preview:large, max-video-preview:-1\" \/>\n<link rel=\"canonical\" href=\"https:\/\/www.ciadetalentos.com.br\/blog\/5-dicas-incriveis-para-falar-bem-em-publico\/\" \/>\n<meta property=\"og:locale\" content=\"pt_BR\" \/>\n<meta property=\"og:type\" content=\"article\" \/>\n<meta property=\"og:title\" content=\"5 dicas incr\u00edveis para falar bem em p\u00fablico - Blog Cia de Talentos\" \/>\n<meta property=\"og:description\" content=\"Falar bem em p\u00fablico parece um desafio quase imposs\u00edvel pra voc\u00ea? Ent\u00e3o, conhe\u00e7a 5 dicas que v\u00e3o te ajudar a arrasar nessa miss\u00e3o.\" \/>\n<meta property=\"og:url\" content=\"https:\/\/www.ciadetalentos.com.br\/blog\/5-dicas-incriveis-para-falar-bem-em-publico\/\" \/>\n<meta property=\"og:site_name\" content=\"Blog Cia de Talentos\" \/>\n<meta property=\"article:published_time\" content=\"2021-02-25T19:22:52+00:00\" \/>\n<meta property=\"og:image\" content=\"https:\/\/www.ciadetalentos.com.br\/blog\/wp-content\/uploads\/sites\/7\/2021\/02\/Capa-9.png\" \/>\n\t<meta property=\"og:image:width\" content=\"720\" \/>\n\t<meta property=\"og:image:height\" content=\"542\" \/>\n\t<meta property=\"og:image:type\" content=\"image\/png\" \/>\n<meta name=\"author\" content=\"alanis\" \/>\n<meta name=\"twitter:card\" content=\"summary_large_image\" \/>\n<meta name=\"twitter:label1\" content=\"Escrito por\" \/>\n\t<meta name=\"twitter:data1\" content=\"alanis\" \/>\n\t<meta name=\"twitter:label2\" content=\"Est. tempo de leitura\" \/>\n\t<meta name=\"twitter:data2\" content=\"2 minutos\" \/>\n<script type=\"application\/ld+json\" class=\"yoast-schema-graph\">{\"@context\":\"https:\/\/schema.org\",\"@graph\":[{\"@type\":\"WebPage\",\"@id\":\"https:\/\/www.ciadetalentos.com.br\/blog\/5-dicas-incriveis-para-falar-bem-em-publico\/\",\"url\":\"https:\/\/www.ciadetalentos.com.br\/blog\/5-dicas-incriveis-para-falar-bem-em-publico\/\",\"name\":\"5 dicas incr\u00edveis para falar bem em p\u00fablico - Blog Cia de Talentos\",\"isPartOf\":{\"@id\":\"https:\/\/www.ciadetalentos.com.br\/blog\/#website\"},\"primaryImageOfPage\":{\"@id\":\"https:\/\/www.ciadetalentos.com.br\/blog\/5-dicas-incriveis-para-falar-bem-em-publico\/#primaryimage\"},\"image\":{\"@id\":\"https:\/\/www.ciadetalentos.com.br\/blog\/5-dicas-incriveis-para-falar-bem-em-publico\/#primaryimage\"},\"thumbnailUrl\":\"https:\/\/www.ciadetalentos.com.br\/blog\/wp-content\/uploads\/sites\/7\/2021\/02\/Capa-9.png\",\"datePublished\":\"2021-02-25T19:22:52+00:00\",\"dateModified\":\"2021-02-25T19:22:52+00:00\",\"author\":{\"@id\":\"https:\/\/www.ciadetalentos.com.br\/blog\/#\/schema\/person\/a24087cbd994882fe9266e6e6cc4ceae\"},\"description\":\"Falar bem em p\u00fablico parece um desafio quase imposs\u00edvel pra voc\u00ea? Ent\u00e3o, conhe\u00e7a 5 dicas que v\u00e3o te ajudar a arrasar nessa miss\u00e3o.\",\"breadcrumb\":{\"@id\":\"https:\/\/www.ciadetalentos.com.br\/blog\/5-dicas-incriveis-para-falar-bem-em-publico\/#breadcrumb\"},\"inLanguage\":\"pt-BR\",\"potentialAction\":[{\"@type\":\"ReadAction\",\"target\":[\"https:\/\/www.ciadetalentos.com.br\/blog\/5-dicas-incriveis-para-falar-bem-em-publico\/\"]}]},{\"@type\":\"ImageObject\",\"inLanguage\":\"pt-BR\",\"@id\":\"https:\/\/www.ciadetalentos.com.br\/blog\/5-dicas-incriveis-para-falar-bem-em-publico\/#primaryimage\",\"url\":\"https:\/\/www.ciadetalentos.com.br\/blog\/wp-content\/uploads\/sites\/7\/2021\/02\/Capa-9.png\",\"contentUrl\":\"https:\/\/www.ciadetalentos.com.br\/blog\/wp-content\/uploads\/sites\/7\/2021\/02\/Capa-9.png\",\"width\":720,\"height\":542,\"caption\":\"5 dicas incr\u00edveis para falar bem em p\u00fablico\"},{\"@type\":\"BreadcrumbList\",\"@id\":\"https:\/\/www.ciadetalentos.com.br\/blog\/5-dicas-incriveis-para-falar-bem-em-publico\/#breadcrumb\",\"itemListElement\":[{\"@type\":\"ListItem\",\"position\":1,\"name\":\"Home\",\"item\":\"https:\/\/www.ciadetalentos.com.br\/blog\/\"},{\"@type\":\"ListItem\",\"position\":2,\"name\":\"5 dicas incr\u00edveis para falar bem em p\u00fablico\"}]},{\"@type\":\"WebSite\",\"@id\":\"https:\/\/www.ciadetalentos.com.br\/blog\/#website\",\"url\":\"https:\/\/www.ciadetalentos.com.br\/blog\/\",\"name\":\"Blog Cia de Talentos\",\"description\":\"Descubra tudo o que voc\u00ea precisa para desenvolver carreiras e transformar sua vida profissional\",\"potentialAction\":[{\"@type\":\"SearchAction\",\"target\":{\"@type\":\"EntryPoint\",\"urlTemplate\":\"https:\/\/www.ciadetalentos.com.br\/blog\/?s={search_term_string}\"},\"query-input\":\"required name=search_term_string\"}],\"inLanguage\":\"pt-BR\"},{\"@type\":\"Person\",\"@id\":\"https:\/\/www.ciadetalentos.com.br\/blog\/#\/schema\/person\/a24087cbd994882fe9266e6e6cc4ceae\",\"name\":\"alanis\",\"image\":{\"@type\":\"ImageObject\",\"inLanguage\":\"pt-BR\",\"@id\":\"https:\/\/www.ciadetalentos.com.br\/blog\/#\/schema\/person\/image\/\",\"url\":\"https:\/\/secure.gravatar.com\/avatar\/5d264cc4297008b1056fad824d86f6bb?s=96&d=mm&r=g\",\"contentUrl\":\"https:\/\/secure.gravatar.com\/avatar\/5d264cc4297008b1056fad824d86f6bb?s=96&d=mm&r=g\",\"caption\":\"alanis\"},\"url\":\"https:\/\/www.ciadetalentos.com.br\/blog\/author\/alanis\/\"}]}<\/script>\n<!-- \/ Yoast SEO plugin. -->","yoast_head_json":{"title":"5 dicas incr\u00edveis para falar bem em p\u00fablico - Blog Cia de Talentos","description":"Falar bem em p\u00fablico parece um desafio quase imposs\u00edvel pra voc\u00ea? Ent\u00e3o, conhe\u00e7a 5 dicas que v\u00e3o te ajudar a arrasar nessa miss\u00e3o.","robots":{"index":"index","follow":"follow","max-snippet":"max-snippet:-1","max-image-preview":"max-image-preview:large","max-video-preview":"max-video-preview:-1"},"canonical":"https:\/\/www.ciadetalentos.com.br\/blog\/5-dicas-incriveis-para-falar-bem-em-publico\/","og_locale":"pt_BR","og_type":"article","og_title":"5 dicas incr\u00edveis para falar bem em p\u00fablico - Blog Cia de Talentos","og_description":"Falar bem em p\u00fablico parece um desafio quase imposs\u00edvel pra voc\u00ea? Ent\u00e3o, conhe\u00e7a 5 dicas que v\u00e3o te ajudar a arrasar nessa miss\u00e3o.","og_url":"https:\/\/www.ciadetalentos.com.br\/blog\/5-dicas-incriveis-para-falar-bem-em-publico\/","og_site_name":"Blog Cia de Talentos","article_published_time":"2021-02-25T19:22:52+00:00","og_image":[{"width":720,"height":542,"url":"https:\/\/www.ciadetalentos.com.br\/blog\/wp-content\/uploads\/sites\/7\/2021\/02\/Capa-9.png","type":"image\/png"}],"author":"alanis","twitter_card":"summary_large_image","twitter_misc":{"Escrito por":"alanis","Est. tempo de leitura":"2 minutos"},"schema":{"@context":"https:\/\/schema.org","@graph":[{"@type":"WebPage","@id":"https:\/\/www.ciadetalentos.com.br\/blog\/5-dicas-incriveis-para-falar-bem-em-publico\/","url":"https:\/\/www.ciadetalentos.com.br\/blog\/5-dicas-incriveis-para-falar-bem-em-publico\/","name":"5 dicas incr\u00edveis para falar bem em p\u00fablico - Blog Cia de Talentos","isPartOf":{"@id":"https:\/\/www.ciadetalentos.com.br\/blog\/#website"},"primaryImageOfPage":{"@id":"https:\/\/www.ciadetalentos.com.br\/blog\/5-dicas-incriveis-para-falar-bem-em-publico\/#primaryimage"},"image":{"@id":"https:\/\/www.ciadetalentos.com.br\/blog\/5-dicas-incriveis-para-falar-bem-em-publico\/#primaryimage"},"thumbnailUrl":"https:\/\/www.ciadetalentos.com.br\/blog\/wp-content\/uploads\/sites\/7\/2021\/02\/Capa-9.png","datePublished":"2021-02-25T19:22:52+00:00","dateModified":"2021-02-25T19:22:52+00:00","author":{"@id":"https:\/\/www.ciadetalentos.com.br\/blog\/#\/schema\/person\/a24087cbd994882fe9266e6e6cc4ceae"},"description":"Falar bem em p\u00fablico parece um desafio quase imposs\u00edvel pra voc\u00ea? Ent\u00e3o, conhe\u00e7a 5 dicas que v\u00e3o te ajudar a arrasar nessa miss\u00e3o.","breadcrumb":{"@id":"https:\/\/www.ciadetalentos.com.br\/blog\/5-dicas-incriveis-para-falar-bem-em-publico\/#breadcrumb"},"inLanguage":"pt-BR","potentialAction":[{"@type":"ReadAction","target":["https:\/\/www.ciadetalentos.com.br\/blog\/5-dicas-incriveis-para-falar-bem-em-publico\/"]}]},{"@type":"ImageObject","inLanguage":"pt-BR","@id":"https:\/\/www.ciadetalentos.com.br\/blog\/5-dicas-incriveis-para-falar-bem-em-publico\/#primaryimage","url":"https:\/\/www.ciadetalentos.com.br\/blog\/wp-content\/uploads\/sites\/7\/2021\/02\/Capa-9.png","contentUrl":"https:\/\/www.ciadetalentos.com.br\/blog\/wp-content\/uploads\/sites\/7\/2021\/02\/Capa-9.png","width":720,"height":542,"caption":"5 dicas incr\u00edveis para falar bem em p\u00fablico"},{"@type":"BreadcrumbList","@id":"https:\/\/www.ciadetalentos.com.br\/blog\/5-dicas-incriveis-para-falar-bem-em-publico\/#breadcrumb","itemListElement":[{"@type":"ListItem","position":1,"name":"Home","item":"https:\/\/www.ciadetalentos.com.br\/blog\/"},{"@type":"ListItem","position":2,"name":"5 dicas incr\u00edveis para falar bem em p\u00fablico"}]},{"@type":"WebSite","@id":"https:\/\/www.ciadetalentos.com.br\/blog\/#website","url":"https:\/\/www.ciadetalentos.com.br\/blog\/","name":"Blog Cia de Talentos","description":"Descubra tudo o que voc\u00ea precisa para desenvolver carreiras e transformar sua vida profissional","potentialAction":[{"@type":"SearchAction","target":{"@type":"EntryPoint","urlTemplate":"https:\/\/www.ciadetalentos.com.br\/blog\/?s={search_term_string}"},"query-input":"required name=search_term_string"}],"inLanguage":"pt-BR"},{"@type":"Person","@id":"https:\/\/www.ciadetalentos.com.br\/blog\/#\/schema\/person\/a24087cbd994882fe9266e6e6cc4ceae","name":"alanis","image":{"@type":"ImageObject","inLanguage":"pt-BR","@id":"https:\/\/www.ciadetalentos.com.br\/blog\/#\/schema\/person\/image\/","url":"https:\/\/secure.gravatar.com\/avatar\/5d264cc4297008b1056fad824d86f6bb?s=96&d=mm&r=g","contentUrl":"https:\/\/secure.gravatar.com\/avatar\/5d264cc4297008b1056fad824d86f6bb?s=96&d=mm&r=g","caption":"alanis"},"url":"https:\/\/www.ciadetalentos.com.br\/blog\/author\/alanis\/"}]}},"_links":{"self":[{"href":"https:\/\/www.ciadetalentos.com.br\/blog\/wp-json\/wp\/v2\/posts\/3889"}],"collection":[{"href":"https:\/\/www.ciadetalentos.com.br\/blog\/wp-json\/wp\/v2\/posts"}],"about":[{"href":"https:\/\/www.ciadetalentos.com.br\/blog\/wp-json\/wp\/v2\/types\/post"}],"author":[{"embeddable":true,"href":"https:\/\/www.ciadetalentos.com.br\/blog\/wp-json\/wp\/v2\/users\/21"}],"replies":[{"embeddable":true,"href":"https:\/\/www.ciadetalentos.com.br\/blog\/wp-json\/wp\/v2\/comments?post=3889"}],"version-history":[{"count":1,"href":"https:\/\/www.ciadetalentos.com.br\/blog\/wp-json\/wp\/v2\/posts\/3889\/revisions"}],"predecessor-version":[{"id":3891,"href":"https:\/\/www.ciadetalentos.com.br\/blog\/wp-json\/wp\/v2\/posts\/3889\/revisions\/3891"}],"wp:featuredmedia":[{"embeddable":true,"href":"https:\/\/www.ciadetalentos.com.br\/blog\/wp-json\/wp\/v2\/media\/3890"}],"wp:attachment":[{"href":"https:\/\/www.ciadetalentos.com.br\/blog\/wp-json\/wp\/v2\/media?parent=3889"}],"wp:term":[{"taxonomy":"category","embeddable":true,"href":"https:\/\/www.ciadetalentos.com.br\/blog\/wp-json\/wp\/v2\/categories?post=3889"},{"taxonomy":"post_tag","embeddable":true,"href":"https:\/\/www.ciadetalentos.com.br\/blog\/wp-json\/wp\/v2\/tags?post=3889"}],"curies":[{"name":"wp","href":"https:\/\/api.w.org\/{rel}","templated":true}]}}