{"id":3929,"date":"2021-03-11T17:03:07","date_gmt":"2021-03-11T20:03:07","guid":{"rendered":"https:\/\/www.ciadetalentos.com.br\/blog\/?p=3929"},"modified":"2023-08-17T17:35:01","modified_gmt":"2023-08-17T20:35:01","slug":"pesquisa-carreira-dos-sonhos-20-anos-antecipando-um-trabalho-mais-positivo-na-america-latina","status":"publish","type":"post","link":"https:\/\/www.ciadetalentos.com.br\/blog\/pesquisa-carreira-dos-sonhos-20-anos-antecipando-um-trabalho-mais-positivo-na-america-latina\/","title":{"rendered":"Pesquisa Carreira dos Sonhos: 20 anos antecipando um trabalho mais positivo na Am\u00e9rica Latina"},"content":{"rendered":"<p>Se voc\u00ea acompanha a gente nas redes sociais, com certeza j\u00e1 ouviu falar da pesquisa Carreira dos Sonhos e os aguardados rankings de empresas dos sonhos dos jovens, m\u00e9dia gest\u00e3o e alta lideran\u00e7a. Afinal, todo ano, nosso levantamento d\u00e1 voz \u00e0s experi\u00eancias e expectativas das pessoas em rela\u00e7\u00e3o ao mercado de trabalho. Isso, n\u00e3o apenas no Brasil, mas tamb\u00e9m em outros pa\u00edses da Am\u00e9rica Latina.<\/p>\n<p>Essa \u00e9 uma das formas que encontramos para ajudar as maiores empresas do pa\u00eds a adequarem suas culturas organizacionais ao que realmente importa para os colaboradores, por exemplo. Mas essa n\u00e3o \u00e9 a \u00fanica vantagem do levantamento!<\/p>\n<p>Al\u00e9m disso, a pesquisa tamb\u00e9m nos mostra quais s\u00e3o as empresas mais desejadas e o que faz com que elas sejam t\u00e3o atraentes para os mais diversos planos de carreira.<\/p>\n<p>Voc\u00ea j\u00e1 parou pra pensar sobre o que realmente quer da sua vida profissional? Ou j\u00e1 tem uma carreira dos sonhos ou uma empresa na qual gostaria muito de trabalhar? Ent\u00e3o voc\u00ea precisa descobrir por que a sua participa\u00e7\u00e3o na Carreira dos Sonhos \u00e9 t\u00e3o importante para um futuro do trabalho mais positivo e, consequentemente, para a sua carreira.<\/p>\n<p>Mais de 1 milh\u00e3o de pessoas j\u00e1 contribu\u00edram com os avan\u00e7os que voc\u00ea encontra hoje no mercado de trabalho. Agora, chegou a sua vez de fazer parte desse grande levantamento.<\/p>\n<h2>A pesquisa Carreira dos Sonhos \u00e9 mesmo importante?<\/h2>\n<p>A pesquisa Carreira dos Sonhos \u00e9 feita anualmente desde 2002.<\/p>\n<p>Na primeira edi\u00e7\u00e3o, foram 3.881 respondentes, apenas no Brasil. 18 anos depois, o levantamento j\u00e1 chegou a 13 pa\u00edses e deu voz a mais de 1 milh\u00e3o de pessoas.\u00a0Inclusive, nos \u00faltimos cinco anos, Brasil e Col\u00f4mbia foram os pa\u00edses que mais contribu\u00edram para a pesquisa, com mais de 365 mil pessoas respondendo \u00e0s perguntas.<\/p>\n<p>\u00c9 muito reconhecimento, n\u00e3o acha?<\/p>\n<p>Por isso, o resultado da pesquisa Carreira dos Sonhos \u00e9 aguardado ansiosamente por empresas e candidatos, principalmente pelos conhecidos ranking de <a href=\"https:\/\/www.ciadetalentos.com.br\/blog\/como-as-marcas-influenciam-na-escolha-das-empresas-dos-sonhos\/\" target=\"_blank\" rel=\"noopener\">empresas dos sonhos<\/a>. Afinal, eles ajudam a identificar as estrat\u00e9gias de RH que realmente trazem resultados e nos ajudam a conhecer verdadeiros cases quando o assunto \u00e9 gerenciar pessoas.<\/p>\n<h2>Quem s\u00e3o as pessoas que participam?<\/h2>\n<p>Na pesquisa Carreira dos Sonhos, n\u00f3s ouvimos tr\u00eas grandes perfis de trabalhadores:<\/p>\n<ul>\n<li>Jovens<\/li>\n<li>M\u00e9dia gest\u00e3o<\/li>\n<li>Alta lideran\u00e7a<\/li>\n<\/ul>\n<p>De 2016 a 2020, foram ouvidos mais de 275 mil jovens em in\u00edcio de carreira, mais de 46 mil profissionais de m\u00e9dia gest\u00e3o e mais de 17 mil pessoas em cargos de alta lideran\u00e7a nas empresas. Tudo isso, totalizando quase 339 mil entrevistados.<\/p>\n<p>Todas essas respostas nos d\u00e3o um excelente par\u00e2metro para propor melhorias no mercado de trabalho. Afinal, as pessoas respondem na pesquisa tudo aquilo que buscam dentro de uma empresa, definem os motivos que fazem com que uma organiza\u00e7\u00e3o seja desejada e compartilham expectativas quando o assunto \u00e9 <a href=\"https:\/\/www.ciadetalentos.com.br\/blog\/a-importancia-de-diferenciar-insatisfacoes-e-identificar-seus-propositos-de-carreira\/\" target=\"_blank\" rel=\"noopener\">trabalhar com mais prop\u00f3sito<\/a>.<\/p>\n<h2>Quais pa\u00edses fazem parte do levantamento?<\/h2>\n<p>Entre os pa\u00edses participantes da pesquisa est\u00e3o:<\/p>\n<ul>\n<li>Brasil<\/li>\n<li>Argentina<\/li>\n<li>Chile<\/li>\n<li>Uruguai<\/li>\n<li>M\u00e9xico<\/li>\n<li>Col\u00f4mbia<\/li>\n<li>Peru<\/li>\n<li>Paraguai<\/li>\n<\/ul>\n<p>Sendo que Brasil, Argentina, M\u00e9xico e Col\u00f4mbia se destacam com o maior hist\u00f3rico de participa\u00e7\u00e3o.<\/p>\n<p>Aqui, por exemplo, n\u00f3s batemos recorde de respondentes em 2020, alcan\u00e7ando 123.579 pessoas.<\/p>\n<p>Enquanto isso, a Argentina, por exemplo, ingressou em 2008 e atingiu em 2019 o maior p\u00fablico: 13.721 respondentes. No mesmo ano, alcan\u00e7amos na Col\u00f4mbia 28.770 respostas, batendo o recorde de participa\u00e7\u00f5es no pa\u00eds.<\/p>\n<p>Todas essas participa\u00e7\u00f5es nos ajudam a determinar as tend\u00eancias em rela\u00e7\u00e3o ao desenvolvimento de carreira na Am\u00e9rica Latina e Am\u00e9rica Central.<\/p>\n<p>Deu pra entender a dimens\u00e3o dessa brincadeira?<\/p>\n<h2>Participe voc\u00ea tamb\u00e9m!<\/h2>\n<p>A edi\u00e7\u00e3o 2021 da pesquisa Carreira dos Sonhos ainda est\u00e1 no ar e n\u00f3s queremos que ainda mais pessoas possam contribuir com um mercado de trabalho mais saud\u00e1vel e diverso. Por isso, contamos com a sua ajuda!<\/p>\n<p>E o melhor \u00e9 que, al\u00e9m de tudo isso, voc\u00ea concorre a mais de R$ 9 mil pra comprar o que quiser. N\u00e3o d\u00e1 pra perder essa oportunidade, n\u00e9?<\/p>\n<p>Ent\u00e3o acesse o <a href=\"https:\/\/pt.research.net\/r\/2021_CS_Hotsite\">site da pesquisa<\/a> e participe!<\/p>\n","protected":false},"excerpt":{"rendered":"<p>Se voc\u00ea acompanha a gente nas redes sociais, com certeza j\u00e1 ouviu falar da&hellip;<\/p>\n","protected":false},"author":21,"featured_media":3930,"comment_status":"open","ping_status":"open","sticky":false,"template":"","format":"standard","meta":{"footnotes":""},"categories":[20],"tags":[75,785,57,120],"yoast_head":"<!-- This site is optimized with the Yoast SEO plugin v22.5 - https:\/\/yoast.com\/wordpress\/plugins\/seo\/ -->\n<title>Carreira dos Sonhos: 20 anos de tend\u00eancias para a Am\u00e9rica Latina - Blog Cia de Talentos<\/title>\n<meta name=\"description\" content=\"Conhe\u00e7a todas as curiosidades sobre a Carreira dos Sonhos, uma das pesquisas mais relevantes sobre o mercado de trabalho na Am\u00e9rica Latina.\" \/>\n<meta name=\"robots\" content=\"index, follow, max-snippet:-1, max-image-preview:large, max-video-preview:-1\" \/>\n<link rel=\"canonical\" href=\"https:\/\/www.ciadetalentos.com.br\/blog\/pesquisa-carreira-dos-sonhos-20-anos-antecipando-um-trabalho-mais-positivo-na-america-latina\/\" \/>\n<meta property=\"og:locale\" content=\"pt_BR\" \/>\n<meta property=\"og:type\" content=\"article\" \/>\n<meta property=\"og:title\" content=\"Carreira dos Sonhos: 20 anos de tend\u00eancias para a Am\u00e9rica Latina - Blog Cia de Talentos\" \/>\n<meta property=\"og:description\" content=\"Conhe\u00e7a todas as curiosidades sobre a Carreira dos Sonhos, uma das pesquisas mais relevantes sobre o mercado de trabalho na Am\u00e9rica Latina.\" \/>\n<meta property=\"og:url\" content=\"https:\/\/www.ciadetalentos.com.br\/blog\/pesquisa-carreira-dos-sonhos-20-anos-antecipando-um-trabalho-mais-positivo-na-america-latina\/\" \/>\n<meta property=\"og:site_name\" content=\"Blog Cia de Talentos\" \/>\n<meta property=\"article:published_time\" content=\"2021-03-11T20:03:07+00:00\" \/>\n<meta property=\"article:modified_time\" content=\"2023-08-17T20:35:01+00:00\" \/>\n<meta property=\"og:image\" content=\"https:\/\/www.ciadetalentos.com.br\/blog\/wp-content\/uploads\/sites\/7\/2021\/03\/Capa-artigo.png\" \/>\n\t<meta property=\"og:image:width\" content=\"720\" \/>\n\t<meta property=\"og:image:height\" content=\"542\" \/>\n\t<meta property=\"og:image:type\" content=\"image\/png\" \/>\n<meta name=\"author\" content=\"alanis\" \/>\n<meta name=\"twitter:card\" content=\"summary_large_image\" \/>\n<meta name=\"twitter:label1\" content=\"Escrito por\" \/>\n\t<meta name=\"twitter:data1\" content=\"alanis\" \/>\n\t<meta name=\"twitter:label2\" content=\"Est. tempo de leitura\" \/>\n\t<meta name=\"twitter:data2\" content=\"4 minutos\" \/>\n<script type=\"application\/ld+json\" class=\"yoast-schema-graph\">{\"@context\":\"https:\/\/schema.org\",\"@graph\":[{\"@type\":\"WebPage\",\"@id\":\"https:\/\/www.ciadetalentos.com.br\/blog\/pesquisa-carreira-dos-sonhos-20-anos-antecipando-um-trabalho-mais-positivo-na-america-latina\/\",\"url\":\"https:\/\/www.ciadetalentos.com.br\/blog\/pesquisa-carreira-dos-sonhos-20-anos-antecipando-um-trabalho-mais-positivo-na-america-latina\/\",\"name\":\"Carreira dos Sonhos: 20 anos de tend\u00eancias para a Am\u00e9rica Latina - Blog Cia de Talentos\",\"isPartOf\":{\"@id\":\"https:\/\/www.ciadetalentos.com.br\/blog\/#website\"},\"primaryImageOfPage\":{\"@id\":\"https:\/\/www.ciadetalentos.com.br\/blog\/pesquisa-carreira-dos-sonhos-20-anos-antecipando-um-trabalho-mais-positivo-na-america-latina\/#primaryimage\"},\"image\":{\"@id\":\"https:\/\/www.ciadetalentos.com.br\/blog\/pesquisa-carreira-dos-sonhos-20-anos-antecipando-um-trabalho-mais-positivo-na-america-latina\/#primaryimage\"},\"thumbnailUrl\":\"https:\/\/www.ciadetalentos.com.br\/blog\/wp-content\/uploads\/sites\/7\/2021\/03\/Capa-artigo.png\",\"datePublished\":\"2021-03-11T20:03:07+00:00\",\"dateModified\":\"2023-08-17T20:35:01+00:00\",\"author\":{\"@id\":\"https:\/\/www.ciadetalentos.com.br\/blog\/#\/schema\/person\/a24087cbd994882fe9266e6e6cc4ceae\"},\"description\":\"Conhe\u00e7a todas as curiosidades sobre a Carreira dos Sonhos, uma das pesquisas mais relevantes sobre o mercado de trabalho na Am\u00e9rica Latina.\",\"breadcrumb\":{\"@id\":\"https:\/\/www.ciadetalentos.com.br\/blog\/pesquisa-carreira-dos-sonhos-20-anos-antecipando-um-trabalho-mais-positivo-na-america-latina\/#breadcrumb\"},\"inLanguage\":\"pt-BR\",\"potentialAction\":[{\"@type\":\"ReadAction\",\"target\":[\"https:\/\/www.ciadetalentos.com.br\/blog\/pesquisa-carreira-dos-sonhos-20-anos-antecipando-um-trabalho-mais-positivo-na-america-latina\/\"]}]},{\"@type\":\"ImageObject\",\"inLanguage\":\"pt-BR\",\"@id\":\"https:\/\/www.ciadetalentos.com.br\/blog\/pesquisa-carreira-dos-sonhos-20-anos-antecipando-um-trabalho-mais-positivo-na-america-latina\/#primaryimage\",\"url\":\"https:\/\/www.ciadetalentos.com.br\/blog\/wp-content\/uploads\/sites\/7\/2021\/03\/Capa-artigo.png\",\"contentUrl\":\"https:\/\/www.ciadetalentos.com.br\/blog\/wp-content\/uploads\/sites\/7\/2021\/03\/Capa-artigo.png\",\"width\":720,\"height\":542,\"caption\":\"Pesquisa Carreira dos Sonhos: 20 anos antecipando um trabalho mais positivo na Am\u00e9rica Latina\"},{\"@type\":\"BreadcrumbList\",\"@id\":\"https:\/\/www.ciadetalentos.com.br\/blog\/pesquisa-carreira-dos-sonhos-20-anos-antecipando-um-trabalho-mais-positivo-na-america-latina\/#breadcrumb\",\"itemListElement\":[{\"@type\":\"ListItem\",\"position\":1,\"name\":\"Home\",\"item\":\"https:\/\/www.ciadetalentos.com.br\/blog\/\"},{\"@type\":\"ListItem\",\"position\":2,\"name\":\"Pesquisa Carreira dos Sonhos: 20 anos antecipando um trabalho mais positivo na Am\u00e9rica Latina\"}]},{\"@type\":\"WebSite\",\"@id\":\"https:\/\/www.ciadetalentos.com.br\/blog\/#website\",\"url\":\"https:\/\/www.ciadetalentos.com.br\/blog\/\",\"name\":\"Blog Cia de Talentos\",\"description\":\"Descubra tudo o que voc\u00ea precisa para desenvolver carreiras e transformar sua vida profissional\",\"potentialAction\":[{\"@type\":\"SearchAction\",\"target\":{\"@type\":\"EntryPoint\",\"urlTemplate\":\"https:\/\/www.ciadetalentos.com.br\/blog\/?s={search_term_string}\"},\"query-input\":\"required name=search_term_string\"}],\"inLanguage\":\"pt-BR\"},{\"@type\":\"Person\",\"@id\":\"https:\/\/www.ciadetalentos.com.br\/blog\/#\/schema\/person\/a24087cbd994882fe9266e6e6cc4ceae\",\"name\":\"alanis\",\"image\":{\"@type\":\"ImageObject\",\"inLanguage\":\"pt-BR\",\"@id\":\"https:\/\/www.ciadetalentos.com.br\/blog\/#\/schema\/person\/image\/\",\"url\":\"https:\/\/secure.gravatar.com\/avatar\/5d264cc4297008b1056fad824d86f6bb?s=96&d=mm&r=g\",\"contentUrl\":\"https:\/\/secure.gravatar.com\/avatar\/5d264cc4297008b1056fad824d86f6bb?s=96&d=mm&r=g\",\"caption\":\"alanis\"},\"url\":\"https:\/\/www.ciadetalentos.com.br\/blog\/author\/alanis\/\"}]}<\/script>\n<!-- \/ Yoast SEO plugin. -->","yoast_head_json":{"title":"Carreira dos Sonhos: 20 anos de tend\u00eancias para a Am\u00e9rica Latina - Blog Cia de Talentos","description":"Conhe\u00e7a todas as curiosidades sobre a Carreira dos Sonhos, uma das pesquisas mais relevantes sobre o mercado de trabalho na Am\u00e9rica Latina.","robots":{"index":"index","follow":"follow","max-snippet":"max-snippet:-1","max-image-preview":"max-image-preview:large","max-video-preview":"max-video-preview:-1"},"canonical":"https:\/\/www.ciadetalentos.com.br\/blog\/pesquisa-carreira-dos-sonhos-20-anos-antecipando-um-trabalho-mais-positivo-na-america-latina\/","og_locale":"pt_BR","og_type":"article","og_title":"Carreira dos Sonhos: 20 anos de tend\u00eancias para a Am\u00e9rica Latina - Blog Cia de Talentos","og_description":"Conhe\u00e7a todas as curiosidades sobre a Carreira dos Sonhos, uma das pesquisas mais relevantes sobre o mercado de trabalho na Am\u00e9rica Latina.","og_url":"https:\/\/www.ciadetalentos.com.br\/blog\/pesquisa-carreira-dos-sonhos-20-anos-antecipando-um-trabalho-mais-positivo-na-america-latina\/","og_site_name":"Blog Cia de Talentos","article_published_time":"2021-03-11T20:03:07+00:00","article_modified_time":"2023-08-17T20:35:01+00:00","og_image":[{"width":720,"height":542,"url":"https:\/\/www.ciadetalentos.com.br\/blog\/wp-content\/uploads\/sites\/7\/2021\/03\/Capa-artigo.png","type":"image\/png"}],"author":"alanis","twitter_card":"summary_large_image","twitter_misc":{"Escrito por":"alanis","Est. tempo de leitura":"4 minutos"},"schema":{"@context":"https:\/\/schema.org","@graph":[{"@type":"WebPage","@id":"https:\/\/www.ciadetalentos.com.br\/blog\/pesquisa-carreira-dos-sonhos-20-anos-antecipando-um-trabalho-mais-positivo-na-america-latina\/","url":"https:\/\/www.ciadetalentos.com.br\/blog\/pesquisa-carreira-dos-sonhos-20-anos-antecipando-um-trabalho-mais-positivo-na-america-latina\/","name":"Carreira dos Sonhos: 20 anos de tend\u00eancias para a Am\u00e9rica Latina - Blog Cia de Talentos","isPartOf":{"@id":"https:\/\/www.ciadetalentos.com.br\/blog\/#website"},"primaryImageOfPage":{"@id":"https:\/\/www.ciadetalentos.com.br\/blog\/pesquisa-carreira-dos-sonhos-20-anos-antecipando-um-trabalho-mais-positivo-na-america-latina\/#primaryimage"},"image":{"@id":"https:\/\/www.ciadetalentos.com.br\/blog\/pesquisa-carreira-dos-sonhos-20-anos-antecipando-um-trabalho-mais-positivo-na-america-latina\/#primaryimage"},"thumbnailUrl":"https:\/\/www.ciadetalentos.com.br\/blog\/wp-content\/uploads\/sites\/7\/2021\/03\/Capa-artigo.png","datePublished":"2021-03-11T20:03:07+00:00","dateModified":"2023-08-17T20:35:01+00:00","author":{"@id":"https:\/\/www.ciadetalentos.com.br\/blog\/#\/schema\/person\/a24087cbd994882fe9266e6e6cc4ceae"},"description":"Conhe\u00e7a todas as curiosidades sobre a Carreira dos Sonhos, uma das pesquisas mais relevantes sobre o mercado de trabalho na Am\u00e9rica Latina.","breadcrumb":{"@id":"https:\/\/www.ciadetalentos.com.br\/blog\/pesquisa-carreira-dos-sonhos-20-anos-antecipando-um-trabalho-mais-positivo-na-america-latina\/#breadcrumb"},"inLanguage":"pt-BR","potentialAction":[{"@type":"ReadAction","target":["https:\/\/www.ciadetalentos.com.br\/blog\/pesquisa-carreira-dos-sonhos-20-anos-antecipando-um-trabalho-mais-positivo-na-america-latina\/"]}]},{"@type":"ImageObject","inLanguage":"pt-BR","@id":"https:\/\/www.ciadetalentos.com.br\/blog\/pesquisa-carreira-dos-sonhos-20-anos-antecipando-um-trabalho-mais-positivo-na-america-latina\/#primaryimage","url":"https:\/\/www.ciadetalentos.com.br\/blog\/wp-content\/uploads\/sites\/7\/2021\/03\/Capa-artigo.png","contentUrl":"https:\/\/www.ciadetalentos.com.br\/blog\/wp-content\/uploads\/sites\/7\/2021\/03\/Capa-artigo.png","width":720,"height":542,"caption":"Pesquisa Carreira dos Sonhos: 20 anos antecipando um trabalho mais positivo na Am\u00e9rica Latina"},{"@type":"BreadcrumbList","@id":"https:\/\/www.ciadetalentos.com.br\/blog\/pesquisa-carreira-dos-sonhos-20-anos-antecipando-um-trabalho-mais-positivo-na-america-latina\/#breadcrumb","itemListElement":[{"@type":"ListItem","position":1,"name":"Home","item":"https:\/\/www.ciadetalentos.com.br\/blog\/"},{"@type":"ListItem","position":2,"name":"Pesquisa Carreira dos Sonhos: 20 anos antecipando um trabalho mais positivo na Am\u00e9rica Latina"}]},{"@type":"WebSite","@id":"https:\/\/www.ciadetalentos.com.br\/blog\/#website","url":"https:\/\/www.ciadetalentos.com.br\/blog\/","name":"Blog Cia de Talentos","description":"Descubra tudo o que voc\u00ea precisa para desenvolver carreiras e transformar sua vida profissional","potentialAction":[{"@type":"SearchAction","target":{"@type":"EntryPoint","urlTemplate":"https:\/\/www.ciadetalentos.com.br\/blog\/?s={search_term_string}"},"query-input":"required name=search_term_string"}],"inLanguage":"pt-BR"},{"@type":"Person","@id":"https:\/\/www.ciadetalentos.com.br\/blog\/#\/schema\/person\/a24087cbd994882fe9266e6e6cc4ceae","name":"alanis","image":{"@type":"ImageObject","inLanguage":"pt-BR","@id":"https:\/\/www.ciadetalentos.com.br\/blog\/#\/schema\/person\/image\/","url":"https:\/\/secure.gravatar.com\/avatar\/5d264cc4297008b1056fad824d86f6bb?s=96&d=mm&r=g","contentUrl":"https:\/\/secure.gravatar.com\/avatar\/5d264cc4297008b1056fad824d86f6bb?s=96&d=mm&r=g","caption":"alanis"},"url":"https:\/\/www.ciadetalentos.com.br\/blog\/author\/alanis\/"}]}},"_links":{"self":[{"href":"https:\/\/www.ciadetalentos.com.br\/blog\/wp-json\/wp\/v2\/posts\/3929"}],"collection":[{"href":"https:\/\/www.ciadetalentos.com.br\/blog\/wp-json\/wp\/v2\/posts"}],"about":[{"href":"https:\/\/www.ciadetalentos.com.br\/blog\/wp-json\/wp\/v2\/types\/post"}],"author":[{"embeddable":true,"href":"https:\/\/www.ciadetalentos.com.br\/blog\/wp-json\/wp\/v2\/users\/21"}],"replies":[{"embeddable":true,"href":"https:\/\/www.ciadetalentos.com.br\/blog\/wp-json\/wp\/v2\/comments?post=3929"}],"version-history":[{"count":1,"href":"https:\/\/www.ciadetalentos.com.br\/blog\/wp-json\/wp\/v2\/posts\/3929\/revisions"}],"predecessor-version":[{"id":3931,"href":"https:\/\/www.ciadetalentos.com.br\/blog\/wp-json\/wp\/v2\/posts\/3929\/revisions\/3931"}],"wp:featuredmedia":[{"embeddable":true,"href":"https:\/\/www.ciadetalentos.com.br\/blog\/wp-json\/wp\/v2\/media\/3930"}],"wp:attachment":[{"href":"https:\/\/www.ciadetalentos.com.br\/blog\/wp-json\/wp\/v2\/media?parent=3929"}],"wp:term":[{"taxonomy":"category","embeddable":true,"href":"https:\/\/www.ciadetalentos.com.br\/blog\/wp-json\/wp\/v2\/categories?post=3929"},{"taxonomy":"post_tag","embeddable":true,"href":"https:\/\/www.ciadetalentos.com.br\/blog\/wp-json\/wp\/v2\/tags?post=3929"}],"curies":[{"name":"wp","href":"https:\/\/api.w.org\/{rel}","templated":true}]}}