{"id":4006,"date":"2021-05-17T16:43:22","date_gmt":"2021-05-17T19:43:22","guid":{"rendered":"https:\/\/www.ciadetalentos.com.br\/blog\/?p=4006"},"modified":"2021-05-17T16:50:28","modified_gmt":"2021-05-17T19:50:28","slug":"o-que-nao-fazer-durante-um-processo-seletivo","status":"publish","type":"post","link":"https:\/\/www.ciadetalentos.com.br\/blog\/o-que-nao-fazer-durante-um-processo-seletivo\/","title":{"rendered":"Voc\u00ea sabe o que n\u00e3o fazer durante um processo seletivo?"},"content":{"rendered":"<p>Voc\u00ea sabe qual \u00e9 o primeiro item da lista do que n\u00e3o fazer durante um processo seletivo?<\/p>\n<p>Quando jovens ingressam em um processo seletivo, n\u00e3o querem apenas um emprego, est\u00e3o buscando uma carreira cheia de desafios e possibilidades, n\u00e3o \u00e9 mesmo? Afinal, <a href=\"https:\/\/www.ciadetalentos.com.br\/blog\/empresa-dos-sonhos-crescer-em-uma-empresa-virou-coisa-do-passado\/\" target=\"_blank\" rel=\"noopener\">74% dos jovens\u00a0possuem uma empresa dos sonhos<\/a> onde gostariam de trabalhar. N\u00e3o \u00e9 por menos que a busca do termo \u201crealiza\u00e7\u00e3o profissional\u201d no Google <a href=\"https:\/\/trends.google.com\/trends\/explore?date=today%205-y&amp;q=realiza%C3%A7%C3%A3o%20profissional\" target=\"_blank\" rel=\"noopener\">cresce consideravelmente nos \u00faltimos 5 anos.<\/a><\/p>\n<p>Assim, fica f\u00e1cil entender o quanto pode ser dif\u00edcil para os jovens candidatos decidirem se ir\u00e3o ou n\u00e3o continuar dentro de um processo seletivo quando chegam suas etapas finais.<\/p>\n<p>Quem j\u00e1 passou por essa situa\u00e7\u00e3o sabe como \u00e9 ficar imaginando se aquela empresa ser\u00e1 uma boa op\u00e7\u00e3o de trabalho, certo?<\/p>\n<p>A d\u00favida pode nos fazer confirmar a presen\u00e7a na din\u00e2mica ou entrevista e depois, na \u00faltima hora, escolhermos que \u00e9 melhor n\u00e3o comparecer. O n\u00edvel de interesse na vaga, a reputa\u00e7\u00e3o da empresa, a experi\u00eancia durante as etapas anteriores, compromissos conflitantes ou mesmo imprevistos, podem impactar nessa escolha.<\/p>\n<p>O que muitos jovens n\u00e3o sabem, por\u00e9m, \u00e9 como faltar em uma entrevista ou din\u00e2mica confirmada pode impactar a sua carreira e a de outros jovens.<\/p>\n<h2>Por que faltar \u00e9 um um exemplo do que n\u00e3o fazer durante um processo seletivo?<\/h2>\n<p>Os processos seletivos de maior sucesso, e que todas as empresas buscam, s\u00e3o aqueles onde o candidato se identifica com a empresa, seus valores e perfil.<\/p>\n<p>A empresa, por sua vez, seleciona esse jovem por acreditar que ele realmente tem o potencial que est\u00e3o procurando. Por isso, quando voc\u00ea confirma sua participa\u00e7\u00e3o em uma etapa da sele\u00e7\u00e3o, est\u00e1 na verdade confirmando seu interesse na empresa.<\/p>\n<p>Por outro lado, quando n\u00e3o desmarca o compromisso e falta na entrevista ou din\u00e2mica marcada, voc\u00ea demonstra falta de planejamento e compromisso, al\u00e9m de uma desconsidera\u00e7\u00e3o com os outros participantes. Afinal, al\u00e9m de perder a oportunidade, voc\u00ea tira a chance de outro candidato participar do processo seletivo.<\/p>\n<p>Uma tremenda falta de considera\u00e7\u00e3o, concorda? \u00a0Pois o entrevistador\u00a0 investe tempo e dinheiro apenas para conhec\u00ea-lo e ficar\u00e1 esperando.<\/p>\n<h2>Essa falta impacta em alguma coisa na sua carreira?<\/h2>\n<p>Querendo ou n\u00e3o, isso far\u00e1 parte da sua reputa\u00e7\u00e3o profissional, j\u00e1 que voc\u00ea pode querer trabalhar nessa empresa mais tarde em sua carreira ou porque os profissionais que est\u00e3o te avaliando hoje, podem, amanh\u00e3, trabalhar na empresa dos seus sonhos.<\/p>\n<p>Sabe quando temos a impress\u00e3o que o mundo \u00e9 muito pequeno? Isso vai acontecer muito ao longo de sua carreira!<\/p>\n<p>Entendemos que faltar no processo pode ser \u00a0devido a um problema pessoal ou mesmo devido a um outro compromisso conflitante. Neste caso, al\u00e9m de avisar que n\u00e3o ir\u00e1 comparecer, podemos tentar remarcar a entrevista ou din\u00e2mica, para que ningu\u00e9m perca uma boa oportunidade.<\/p>\n<h2>O que fazer se precisar faltar a uma entrevista ou din\u00e2mica?<\/h2>\n<p>N\u00e3o importa qual seja o motivo para n\u00e3o ir a uma din\u00e2mica ou entrevista, o\u00a0 melhor caminho \u00e9 sempre informar a sua decis\u00e3o \u00e0 equipe de sele\u00e7\u00e3o. \u00c9 simples, em cinco minutos voc\u00ea fala com a gente!<\/p>\n<p>Isso demonstra maturidade, responsabilidade, compromisso com os outros e com a pr\u00f3pria carreira, e imagem pessoal.\u00a0 Al\u00e9m disso,\u00a0 sabendo o motivo da desist\u00eancia, podemos continuar a mapear processos mais alinhados com os jovens.<\/p>\n<p>Aqui na Cia de Talentos, n\u00f3s somos respons\u00e1veis por processos seletivos de muitas das empresas mais conceituadas no Brasil e estamos acostumados a apoiar jovens talentos na busca pela realiza\u00e7\u00e3o profissional. Por isso, caso tenha alguma d\u00favida sobre o seu processo seletivo ou problema em comparecer na etapa agendada, <a href=\"https:\/\/www.ciadetalentos.com.br\/pt\/\" target=\"_blank\" rel=\"noopener\">entre em contato com a gente<\/a>. Ser\u00e1 um prazer te ajudar a resolver essa situa\u00e7\u00e3o!<\/p>\n","protected":false},"excerpt":{"rendered":"<p>Voc\u00ea sabe qual \u00e9 o primeiro item da lista do que n\u00e3o fazer durante&hellip;<\/p>\n","protected":false},"author":21,"featured_media":4007,"comment_status":"open","ping_status":"open","sticky":false,"template":"","format":"standard","meta":{"footnotes":""},"categories":[22],"tags":[81,153,57,132],"yoast_head":"<!-- This site is optimized with the Yoast SEO plugin v22.5 - https:\/\/yoast.com\/wordpress\/plugins\/seo\/ -->\n<title>Voc\u00ea sabe o que n\u00e3o fazer durante um processo seletivo?<\/title>\n<meta name=\"description\" content=\"As dicas para conquistar uma vaga no mercado de trabalho s\u00e3o in\u00fameras! Mas voc\u00ea sabe o que n\u00e3o fazer em um processo seletivo? Confira!\" \/>\n<meta name=\"robots\" content=\"index, follow, max-snippet:-1, max-image-preview:large, max-video-preview:-1\" \/>\n<link rel=\"canonical\" href=\"https:\/\/www.ciadetalentos.com.br\/blog\/o-que-nao-fazer-durante-um-processo-seletivo\/\" \/>\n<meta property=\"og:locale\" content=\"pt_BR\" \/>\n<meta property=\"og:type\" content=\"article\" \/>\n<meta property=\"og:title\" content=\"Voc\u00ea sabe o que n\u00e3o fazer durante um processo seletivo?\" \/>\n<meta property=\"og:description\" content=\"As dicas para conquistar uma vaga no mercado de trabalho s\u00e3o in\u00fameras! Mas voc\u00ea sabe o que n\u00e3o fazer em um processo seletivo? Confira!\" \/>\n<meta property=\"og:url\" content=\"https:\/\/www.ciadetalentos.com.br\/blog\/o-que-nao-fazer-durante-um-processo-seletivo\/\" \/>\n<meta property=\"og:site_name\" content=\"Blog Cia de Talentos\" \/>\n<meta property=\"article:published_time\" content=\"2021-05-17T19:43:22+00:00\" \/>\n<meta property=\"article:modified_time\" content=\"2021-05-17T19:50:28+00:00\" \/>\n<meta property=\"og:image\" content=\"https:\/\/www.ciadetalentos.com.br\/blog\/wp-content\/uploads\/sites\/7\/2021\/05\/Capa-44.png\" \/>\n\t<meta property=\"og:image:width\" content=\"720\" \/>\n\t<meta property=\"og:image:height\" content=\"542\" \/>\n\t<meta property=\"og:image:type\" content=\"image\/png\" \/>\n<meta name=\"author\" content=\"alanis\" \/>\n<meta name=\"twitter:card\" content=\"summary_large_image\" \/>\n<meta name=\"twitter:label1\" content=\"Escrito por\" \/>\n\t<meta name=\"twitter:data1\" content=\"alanis\" \/>\n\t<meta name=\"twitter:label2\" content=\"Est. tempo de leitura\" \/>\n\t<meta name=\"twitter:data2\" content=\"3 minutos\" \/>\n<script type=\"application\/ld+json\" class=\"yoast-schema-graph\">{\"@context\":\"https:\/\/schema.org\",\"@graph\":[{\"@type\":\"WebPage\",\"@id\":\"https:\/\/www.ciadetalentos.com.br\/blog\/o-que-nao-fazer-durante-um-processo-seletivo\/\",\"url\":\"https:\/\/www.ciadetalentos.com.br\/blog\/o-que-nao-fazer-durante-um-processo-seletivo\/\",\"name\":\"Voc\u00ea sabe o que n\u00e3o fazer durante um processo seletivo?\",\"isPartOf\":{\"@id\":\"https:\/\/www.ciadetalentos.com.br\/blog\/#website\"},\"primaryImageOfPage\":{\"@id\":\"https:\/\/www.ciadetalentos.com.br\/blog\/o-que-nao-fazer-durante-um-processo-seletivo\/#primaryimage\"},\"image\":{\"@id\":\"https:\/\/www.ciadetalentos.com.br\/blog\/o-que-nao-fazer-durante-um-processo-seletivo\/#primaryimage\"},\"thumbnailUrl\":\"https:\/\/www.ciadetalentos.com.br\/blog\/wp-content\/uploads\/sites\/7\/2021\/05\/Capa-44.png\",\"datePublished\":\"2021-05-17T19:43:22+00:00\",\"dateModified\":\"2021-05-17T19:50:28+00:00\",\"author\":{\"@id\":\"https:\/\/www.ciadetalentos.com.br\/blog\/#\/schema\/person\/a24087cbd994882fe9266e6e6cc4ceae\"},\"description\":\"As dicas para conquistar uma vaga no mercado de trabalho s\u00e3o in\u00fameras! Mas voc\u00ea sabe o que n\u00e3o fazer em um processo seletivo? Confira!\",\"breadcrumb\":{\"@id\":\"https:\/\/www.ciadetalentos.com.br\/blog\/o-que-nao-fazer-durante-um-processo-seletivo\/#breadcrumb\"},\"inLanguage\":\"pt-BR\",\"potentialAction\":[{\"@type\":\"ReadAction\",\"target\":[\"https:\/\/www.ciadetalentos.com.br\/blog\/o-que-nao-fazer-durante-um-processo-seletivo\/\"]}]},{\"@type\":\"ImageObject\",\"inLanguage\":\"pt-BR\",\"@id\":\"https:\/\/www.ciadetalentos.com.br\/blog\/o-que-nao-fazer-durante-um-processo-seletivo\/#primaryimage\",\"url\":\"https:\/\/www.ciadetalentos.com.br\/blog\/wp-content\/uploads\/sites\/7\/2021\/05\/Capa-44.png\",\"contentUrl\":\"https:\/\/www.ciadetalentos.com.br\/blog\/wp-content\/uploads\/sites\/7\/2021\/05\/Capa-44.png\",\"width\":720,\"height\":542,\"caption\":\"Voc\u00ea sabe o que n\u00e3o fazer em um processo seletivo?\"},{\"@type\":\"BreadcrumbList\",\"@id\":\"https:\/\/www.ciadetalentos.com.br\/blog\/o-que-nao-fazer-durante-um-processo-seletivo\/#breadcrumb\",\"itemListElement\":[{\"@type\":\"ListItem\",\"position\":1,\"name\":\"Home\",\"item\":\"https:\/\/www.ciadetalentos.com.br\/blog\/\"},{\"@type\":\"ListItem\",\"position\":2,\"name\":\"Voc\u00ea sabe o que n\u00e3o fazer durante um processo seletivo?\"}]},{\"@type\":\"WebSite\",\"@id\":\"https:\/\/www.ciadetalentos.com.br\/blog\/#website\",\"url\":\"https:\/\/www.ciadetalentos.com.br\/blog\/\",\"name\":\"Blog Cia de Talentos\",\"description\":\"Descubra tudo o que voc\u00ea precisa para desenvolver carreiras e transformar sua vida profissional\",\"potentialAction\":[{\"@type\":\"SearchAction\",\"target\":{\"@type\":\"EntryPoint\",\"urlTemplate\":\"https:\/\/www.ciadetalentos.com.br\/blog\/?s={search_term_string}\"},\"query-input\":\"required name=search_term_string\"}],\"inLanguage\":\"pt-BR\"},{\"@type\":\"Person\",\"@id\":\"https:\/\/www.ciadetalentos.com.br\/blog\/#\/schema\/person\/a24087cbd994882fe9266e6e6cc4ceae\",\"name\":\"alanis\",\"image\":{\"@type\":\"ImageObject\",\"inLanguage\":\"pt-BR\",\"@id\":\"https:\/\/www.ciadetalentos.com.br\/blog\/#\/schema\/person\/image\/\",\"url\":\"https:\/\/secure.gravatar.com\/avatar\/5d264cc4297008b1056fad824d86f6bb?s=96&d=mm&r=g\",\"contentUrl\":\"https:\/\/secure.gravatar.com\/avatar\/5d264cc4297008b1056fad824d86f6bb?s=96&d=mm&r=g\",\"caption\":\"alanis\"},\"url\":\"https:\/\/www.ciadetalentos.com.br\/blog\/author\/alanis\/\"}]}<\/script>\n<!-- \/ Yoast SEO plugin. -->","yoast_head_json":{"title":"Voc\u00ea sabe o que n\u00e3o fazer durante um processo seletivo?","description":"As dicas para conquistar uma vaga no mercado de trabalho s\u00e3o in\u00fameras! Mas voc\u00ea sabe o que n\u00e3o fazer em um processo seletivo? Confira!","robots":{"index":"index","follow":"follow","max-snippet":"max-snippet:-1","max-image-preview":"max-image-preview:large","max-video-preview":"max-video-preview:-1"},"canonical":"https:\/\/www.ciadetalentos.com.br\/blog\/o-que-nao-fazer-durante-um-processo-seletivo\/","og_locale":"pt_BR","og_type":"article","og_title":"Voc\u00ea sabe o que n\u00e3o fazer durante um processo seletivo?","og_description":"As dicas para conquistar uma vaga no mercado de trabalho s\u00e3o in\u00fameras! Mas voc\u00ea sabe o que n\u00e3o fazer em um processo seletivo? Confira!","og_url":"https:\/\/www.ciadetalentos.com.br\/blog\/o-que-nao-fazer-durante-um-processo-seletivo\/","og_site_name":"Blog Cia de Talentos","article_published_time":"2021-05-17T19:43:22+00:00","article_modified_time":"2021-05-17T19:50:28+00:00","og_image":[{"width":720,"height":542,"url":"https:\/\/www.ciadetalentos.com.br\/blog\/wp-content\/uploads\/sites\/7\/2021\/05\/Capa-44.png","type":"image\/png"}],"author":"alanis","twitter_card":"summary_large_image","twitter_misc":{"Escrito por":"alanis","Est. tempo de leitura":"3 minutos"},"schema":{"@context":"https:\/\/schema.org","@graph":[{"@type":"WebPage","@id":"https:\/\/www.ciadetalentos.com.br\/blog\/o-que-nao-fazer-durante-um-processo-seletivo\/","url":"https:\/\/www.ciadetalentos.com.br\/blog\/o-que-nao-fazer-durante-um-processo-seletivo\/","name":"Voc\u00ea sabe o que n\u00e3o fazer durante um processo seletivo?","isPartOf":{"@id":"https:\/\/www.ciadetalentos.com.br\/blog\/#website"},"primaryImageOfPage":{"@id":"https:\/\/www.ciadetalentos.com.br\/blog\/o-que-nao-fazer-durante-um-processo-seletivo\/#primaryimage"},"image":{"@id":"https:\/\/www.ciadetalentos.com.br\/blog\/o-que-nao-fazer-durante-um-processo-seletivo\/#primaryimage"},"thumbnailUrl":"https:\/\/www.ciadetalentos.com.br\/blog\/wp-content\/uploads\/sites\/7\/2021\/05\/Capa-44.png","datePublished":"2021-05-17T19:43:22+00:00","dateModified":"2021-05-17T19:50:28+00:00","author":{"@id":"https:\/\/www.ciadetalentos.com.br\/blog\/#\/schema\/person\/a24087cbd994882fe9266e6e6cc4ceae"},"description":"As dicas para conquistar uma vaga no mercado de trabalho s\u00e3o in\u00fameras! Mas voc\u00ea sabe o que n\u00e3o fazer em um processo seletivo? Confira!","breadcrumb":{"@id":"https:\/\/www.ciadetalentos.com.br\/blog\/o-que-nao-fazer-durante-um-processo-seletivo\/#breadcrumb"},"inLanguage":"pt-BR","potentialAction":[{"@type":"ReadAction","target":["https:\/\/www.ciadetalentos.com.br\/blog\/o-que-nao-fazer-durante-um-processo-seletivo\/"]}]},{"@type":"ImageObject","inLanguage":"pt-BR","@id":"https:\/\/www.ciadetalentos.com.br\/blog\/o-que-nao-fazer-durante-um-processo-seletivo\/#primaryimage","url":"https:\/\/www.ciadetalentos.com.br\/blog\/wp-content\/uploads\/sites\/7\/2021\/05\/Capa-44.png","contentUrl":"https:\/\/www.ciadetalentos.com.br\/blog\/wp-content\/uploads\/sites\/7\/2021\/05\/Capa-44.png","width":720,"height":542,"caption":"Voc\u00ea sabe o que n\u00e3o fazer em um processo seletivo?"},{"@type":"BreadcrumbList","@id":"https:\/\/www.ciadetalentos.com.br\/blog\/o-que-nao-fazer-durante-um-processo-seletivo\/#breadcrumb","itemListElement":[{"@type":"ListItem","position":1,"name":"Home","item":"https:\/\/www.ciadetalentos.com.br\/blog\/"},{"@type":"ListItem","position":2,"name":"Voc\u00ea sabe o que n\u00e3o fazer durante um processo seletivo?"}]},{"@type":"WebSite","@id":"https:\/\/www.ciadetalentos.com.br\/blog\/#website","url":"https:\/\/www.ciadetalentos.com.br\/blog\/","name":"Blog Cia de Talentos","description":"Descubra tudo o que voc\u00ea precisa para desenvolver carreiras e transformar sua vida profissional","potentialAction":[{"@type":"SearchAction","target":{"@type":"EntryPoint","urlTemplate":"https:\/\/www.ciadetalentos.com.br\/blog\/?s={search_term_string}"},"query-input":"required name=search_term_string"}],"inLanguage":"pt-BR"},{"@type":"Person","@id":"https:\/\/www.ciadetalentos.com.br\/blog\/#\/schema\/person\/a24087cbd994882fe9266e6e6cc4ceae","name":"alanis","image":{"@type":"ImageObject","inLanguage":"pt-BR","@id":"https:\/\/www.ciadetalentos.com.br\/blog\/#\/schema\/person\/image\/","url":"https:\/\/secure.gravatar.com\/avatar\/5d264cc4297008b1056fad824d86f6bb?s=96&d=mm&r=g","contentUrl":"https:\/\/secure.gravatar.com\/avatar\/5d264cc4297008b1056fad824d86f6bb?s=96&d=mm&r=g","caption":"alanis"},"url":"https:\/\/www.ciadetalentos.com.br\/blog\/author\/alanis\/"}]}},"_links":{"self":[{"href":"https:\/\/www.ciadetalentos.com.br\/blog\/wp-json\/wp\/v2\/posts\/4006"}],"collection":[{"href":"https:\/\/www.ciadetalentos.com.br\/blog\/wp-json\/wp\/v2\/posts"}],"about":[{"href":"https:\/\/www.ciadetalentos.com.br\/blog\/wp-json\/wp\/v2\/types\/post"}],"author":[{"embeddable":true,"href":"https:\/\/www.ciadetalentos.com.br\/blog\/wp-json\/wp\/v2\/users\/21"}],"replies":[{"embeddable":true,"href":"https:\/\/www.ciadetalentos.com.br\/blog\/wp-json\/wp\/v2\/comments?post=4006"}],"version-history":[{"count":3,"href":"https:\/\/www.ciadetalentos.com.br\/blog\/wp-json\/wp\/v2\/posts\/4006\/revisions"}],"predecessor-version":[{"id":4010,"href":"https:\/\/www.ciadetalentos.com.br\/blog\/wp-json\/wp\/v2\/posts\/4006\/revisions\/4010"}],"wp:featuredmedia":[{"embeddable":true,"href":"https:\/\/www.ciadetalentos.com.br\/blog\/wp-json\/wp\/v2\/media\/4007"}],"wp:attachment":[{"href":"https:\/\/www.ciadetalentos.com.br\/blog\/wp-json\/wp\/v2\/media?parent=4006"}],"wp:term":[{"taxonomy":"category","embeddable":true,"href":"https:\/\/www.ciadetalentos.com.br\/blog\/wp-json\/wp\/v2\/categories?post=4006"},{"taxonomy":"post_tag","embeddable":true,"href":"https:\/\/www.ciadetalentos.com.br\/blog\/wp-json\/wp\/v2\/tags?post=4006"}],"curies":[{"name":"wp","href":"https:\/\/api.w.org\/{rel}","templated":true}]}}