{"id":4041,"date":"2021-06-23T16:09:08","date_gmt":"2021-06-23T19:09:08","guid":{"rendered":"https:\/\/www.ciadetalentos.com.br\/blog\/?p=4041"},"modified":"2023-08-17T17:49:37","modified_gmt":"2023-08-17T20:49:37","slug":"mes-do-orgulho-lgbt-por-que-responder-as-perguntas-sobre-diversidade","status":"publish","type":"post","link":"https:\/\/www.ciadetalentos.com.br\/blog\/mes-do-orgulho-lgbt-por-que-responder-as-perguntas-sobre-diversidade\/","title":{"rendered":"M\u00eas do orgulho LGBTQIA+: por que responder \u00e0s perguntas sobre diversidade?"},"content":{"rendered":"<p>Como voc\u00ea j\u00e1 sabe, junho foi o m\u00eas escolhido para a celebra\u00e7\u00e3o do orgulho LGBTQIA+.<\/p>\n<p>A escolha deste m\u00eas faz mem\u00f3ria \u00e0 Rebeli\u00e3o de Stonewall, uma s\u00e9rie de manifesta\u00e7\u00f5es espont\u00e2neas de membros da comunidade LGBTQIA+ contra uma invas\u00e3o da pol\u00edcia de Nova York. Isso aconteceu na manh\u00e3 do dia 28 de junho de 1969, em um bar chamado Stonewall.<\/p>\n<p>A revolta empoderou o ativismo e, hoje, \u00e9 vista como o acontecimento recente mais importante para a libera\u00e7\u00e3o do movimento gay e a luta pelos direitos LGBTQIA+ nos EUA e no mundo.<\/p>\n<p>A verdade \u00e9 que a luta pela liberdade sexual n\u00e3o come\u00e7ou ontem. Ali\u00e1s, ela \u00e9 t\u00e3o antiga quanto a pr\u00f3pria humanidade.<\/p>\n<p>Com o tempo, ela foi ganhando for\u00e7a e espa\u00e7o de discuss\u00e3o. Inclusive, no ambiente corporativo, no mercado de trabalho e nos processos seletivos.\u00a0 E \u00e9 por isso que os processos de sele\u00e7\u00e3o est\u00e3o cada vez mais inclusivos.<\/p>\n<h2><strong>Inscri\u00e7\u00e3o de uma pessoa LGBTQIA+ no processo seletivo<\/strong><\/h2>\n<p>Se voc\u00ea j\u00e1 participou de algum <a href=\"https:\/\/www.ciadetalentos.com.br\/pt\/\" target=\"_blank\" rel=\"noopener\">processo com a Cia de Talentos<\/a>, deve ter notado algumas perguntas sobre diversidade nas nossas fichas de inscri\u00e7\u00e3o, certo?\u00a0 Elas nos ajudam a conhecer melhor nossos participantes! S\u00e3o perguntas n\u00e3o obrigat\u00f3rias (afinal,\u00a0 liberdade \u00e9 tudo, n\u00e9?) de autodeclara\u00e7\u00e3o. Mas n\u00e3o as subestime!<\/p>\n<p>\u00c9 importante preencher perguntas sobre g\u00eanero e orienta\u00e7\u00e3o sexual porque apenas as pessoas que fazem parte dos grupos minorizados s\u00e3o convidadas para a\u00e7\u00f5es afirmativas.<\/p>\n<h2><strong>O que \u00e9 a autodeclara\u00e7\u00e3o?<\/strong><\/h2>\n<p>A autodeclara\u00e7\u00e3o surgiu como t\u00e9cnica de identifica\u00e7\u00e3o \u00e9tnica-racial. A partir da\u00ed, passam a englobar tamb\u00e9m, quest\u00f5es de g\u00eanero e sexualidade, como resposta \u00e0s classifica\u00e7\u00f5es heteronormativas e bin\u00e1rias.<\/p>\n<p>Este \u00e9 apenas um pequeno passo para tornar real o discurso de \u201cseja voc\u00ea mesmo\u201d que a gente tanto diz nas din\u00e2micas de grupo e entrevistas.<\/p>\n<p>Al\u00e9m disso, \u00e9 uma a\u00e7\u00e3o que abre espa\u00e7o para uma s\u00e9rie de outras. Sempre visando a equidade e a inclus\u00e3o nos processos seletivos, fomentando a ideia de que n\u00e3o \u00e9 a orienta\u00e7\u00e3o sexual ou a identidade de g\u00eanero de uma pessoa que define se ela \u00e9 apta ou n\u00e3o para uma vaga.<\/p>\n<p>Mas de volta \u00e0 pergunta inicial, uma empresa identifica as pessoas LGBTQIA+ atrav\u00e9s da escuta, da autodeclara\u00e7\u00e3o e, posteriormente, com a\u00e7\u00f5es para que a equidade seja constante na jornada de cada participante do processo.<\/p>\n<p>Para encerrar, vale lembrar que: o potencial de algu\u00e9m ultrapassa as barreiras de g\u00eanero e identidade. Portanto, a liberdade de ser voc\u00ea mesmo e dar o seu melhor em tudo continua sendo a melhor forma de demonstrar seu talento.<\/p>\n<p><strong><em>#OrgulhoLGBTQIA+<\/em><\/strong><\/p>\n<p><strong>Lu\u00eds Maur\u00edcio<br \/>\nCia de Talentos<\/strong><\/p>\n","protected":false},"excerpt":{"rendered":"<p>Como voc\u00ea j\u00e1 sabe, junho foi o m\u00eas escolhido para a celebra\u00e7\u00e3o do orgulho&hellip;<\/p>\n","protected":false},"author":21,"featured_media":4048,"comment_status":"open","ping_status":"open","sticky":false,"template":"","format":"standard","meta":{"footnotes":""},"categories":[22,24],"tags":[731,267,182,132,791],"yoast_head":"<!-- This site is optimized with the Yoast SEO plugin v22.5 - https:\/\/yoast.com\/wordpress\/plugins\/seo\/ -->\n<title>Por que responder as quest\u00f5es sobre diversidade?- Blog Cia de Talentos<\/title>\n<meta name=\"description\" content=\"Nos processos seletivos, as perguntas sobre diversidade permitem a\u00e7\u00f5es afirmativas mais assertivas, principalmente no m\u00eas do orgulho LGBT.\" \/>\n<meta name=\"robots\" content=\"index, follow, max-snippet:-1, max-image-preview:large, max-video-preview:-1\" \/>\n<link rel=\"canonical\" href=\"https:\/\/www.ciadetalentos.com.br\/blog\/mes-do-orgulho-lgbt-por-que-responder-as-perguntas-sobre-diversidade\/\" \/>\n<meta property=\"og:locale\" content=\"pt_BR\" \/>\n<meta property=\"og:type\" content=\"article\" \/>\n<meta property=\"og:title\" content=\"Por que responder as quest\u00f5es sobre diversidade?- Blog Cia de Talentos\" \/>\n<meta property=\"og:description\" content=\"Nos processos seletivos, as perguntas sobre diversidade permitem a\u00e7\u00f5es afirmativas mais assertivas, principalmente no m\u00eas do orgulho LGBT.\" \/>\n<meta property=\"og:url\" content=\"https:\/\/www.ciadetalentos.com.br\/blog\/mes-do-orgulho-lgbt-por-que-responder-as-perguntas-sobre-diversidade\/\" \/>\n<meta property=\"og:site_name\" content=\"Blog Cia de Talentos\" \/>\n<meta property=\"article:published_time\" content=\"2021-06-23T19:09:08+00:00\" \/>\n<meta property=\"article:modified_time\" content=\"2023-08-17T20:49:37+00:00\" \/>\n<meta property=\"og:image\" content=\"https:\/\/www.ciadetalentos.com.br\/blog\/wp-content\/uploads\/sites\/7\/2021\/06\/Capa-58.png\" \/>\n\t<meta property=\"og:image:width\" content=\"720\" \/>\n\t<meta property=\"og:image:height\" content=\"542\" \/>\n\t<meta property=\"og:image:type\" content=\"image\/png\" \/>\n<meta name=\"author\" content=\"alanis\" \/>\n<meta name=\"twitter:card\" content=\"summary_large_image\" \/>\n<meta name=\"twitter:label1\" content=\"Escrito por\" \/>\n\t<meta name=\"twitter:data1\" content=\"alanis\" \/>\n\t<meta name=\"twitter:label2\" content=\"Est. tempo de leitura\" \/>\n\t<meta name=\"twitter:data2\" content=\"3 minutos\" \/>\n<script type=\"application\/ld+json\" class=\"yoast-schema-graph\">{\"@context\":\"https:\/\/schema.org\",\"@graph\":[{\"@type\":\"WebPage\",\"@id\":\"https:\/\/www.ciadetalentos.com.br\/blog\/mes-do-orgulho-lgbt-por-que-responder-as-perguntas-sobre-diversidade\/\",\"url\":\"https:\/\/www.ciadetalentos.com.br\/blog\/mes-do-orgulho-lgbt-por-que-responder-as-perguntas-sobre-diversidade\/\",\"name\":\"Por que responder as quest\u00f5es sobre diversidade?- Blog Cia de Talentos\",\"isPartOf\":{\"@id\":\"https:\/\/www.ciadetalentos.com.br\/blog\/#website\"},\"primaryImageOfPage\":{\"@id\":\"https:\/\/www.ciadetalentos.com.br\/blog\/mes-do-orgulho-lgbt-por-que-responder-as-perguntas-sobre-diversidade\/#primaryimage\"},\"image\":{\"@id\":\"https:\/\/www.ciadetalentos.com.br\/blog\/mes-do-orgulho-lgbt-por-que-responder-as-perguntas-sobre-diversidade\/#primaryimage\"},\"thumbnailUrl\":\"https:\/\/www.ciadetalentos.com.br\/blog\/wp-content\/uploads\/sites\/7\/2021\/06\/Capa-58.png\",\"datePublished\":\"2021-06-23T19:09:08+00:00\",\"dateModified\":\"2023-08-17T20:49:37+00:00\",\"author\":{\"@id\":\"https:\/\/www.ciadetalentos.com.br\/blog\/#\/schema\/person\/a24087cbd994882fe9266e6e6cc4ceae\"},\"description\":\"Nos processos seletivos, as perguntas sobre diversidade permitem a\u00e7\u00f5es afirmativas mais assertivas, principalmente no m\u00eas do orgulho LGBT.\",\"breadcrumb\":{\"@id\":\"https:\/\/www.ciadetalentos.com.br\/blog\/mes-do-orgulho-lgbt-por-que-responder-as-perguntas-sobre-diversidade\/#breadcrumb\"},\"inLanguage\":\"pt-BR\",\"potentialAction\":[{\"@type\":\"ReadAction\",\"target\":[\"https:\/\/www.ciadetalentos.com.br\/blog\/mes-do-orgulho-lgbt-por-que-responder-as-perguntas-sobre-diversidade\/\"]}]},{\"@type\":\"ImageObject\",\"inLanguage\":\"pt-BR\",\"@id\":\"https:\/\/www.ciadetalentos.com.br\/blog\/mes-do-orgulho-lgbt-por-que-responder-as-perguntas-sobre-diversidade\/#primaryimage\",\"url\":\"https:\/\/www.ciadetalentos.com.br\/blog\/wp-content\/uploads\/sites\/7\/2021\/06\/Capa-58.png\",\"contentUrl\":\"https:\/\/www.ciadetalentos.com.br\/blog\/wp-content\/uploads\/sites\/7\/2021\/06\/Capa-58.png\",\"width\":720,\"height\":542,\"caption\":\"M\u00eas do orgulho LGBT: por que responder \u00e0s perguntas sobre diversidade?\"},{\"@type\":\"BreadcrumbList\",\"@id\":\"https:\/\/www.ciadetalentos.com.br\/blog\/mes-do-orgulho-lgbt-por-que-responder-as-perguntas-sobre-diversidade\/#breadcrumb\",\"itemListElement\":[{\"@type\":\"ListItem\",\"position\":1,\"name\":\"Home\",\"item\":\"https:\/\/www.ciadetalentos.com.br\/blog\/\"},{\"@type\":\"ListItem\",\"position\":2,\"name\":\"M\u00eas do orgulho LGBTQIA+: por que responder \u00e0s perguntas sobre diversidade?\"}]},{\"@type\":\"WebSite\",\"@id\":\"https:\/\/www.ciadetalentos.com.br\/blog\/#website\",\"url\":\"https:\/\/www.ciadetalentos.com.br\/blog\/\",\"name\":\"Blog Cia de Talentos\",\"description\":\"Descubra tudo o que voc\u00ea precisa para desenvolver carreiras e transformar sua vida profissional\",\"potentialAction\":[{\"@type\":\"SearchAction\",\"target\":{\"@type\":\"EntryPoint\",\"urlTemplate\":\"https:\/\/www.ciadetalentos.com.br\/blog\/?s={search_term_string}\"},\"query-input\":\"required name=search_term_string\"}],\"inLanguage\":\"pt-BR\"},{\"@type\":\"Person\",\"@id\":\"https:\/\/www.ciadetalentos.com.br\/blog\/#\/schema\/person\/a24087cbd994882fe9266e6e6cc4ceae\",\"name\":\"alanis\",\"image\":{\"@type\":\"ImageObject\",\"inLanguage\":\"pt-BR\",\"@id\":\"https:\/\/www.ciadetalentos.com.br\/blog\/#\/schema\/person\/image\/\",\"url\":\"https:\/\/secure.gravatar.com\/avatar\/5d264cc4297008b1056fad824d86f6bb?s=96&d=mm&r=g\",\"contentUrl\":\"https:\/\/secure.gravatar.com\/avatar\/5d264cc4297008b1056fad824d86f6bb?s=96&d=mm&r=g\",\"caption\":\"alanis\"},\"url\":\"https:\/\/www.ciadetalentos.com.br\/blog\/author\/alanis\/\"}]}<\/script>\n<!-- \/ Yoast SEO plugin. -->","yoast_head_json":{"title":"Por que responder as quest\u00f5es sobre diversidade?- Blog Cia de Talentos","description":"Nos processos seletivos, as perguntas sobre diversidade permitem a\u00e7\u00f5es afirmativas mais assertivas, principalmente no m\u00eas do orgulho LGBT.","robots":{"index":"index","follow":"follow","max-snippet":"max-snippet:-1","max-image-preview":"max-image-preview:large","max-video-preview":"max-video-preview:-1"},"canonical":"https:\/\/www.ciadetalentos.com.br\/blog\/mes-do-orgulho-lgbt-por-que-responder-as-perguntas-sobre-diversidade\/","og_locale":"pt_BR","og_type":"article","og_title":"Por que responder as quest\u00f5es sobre diversidade?- Blog Cia de Talentos","og_description":"Nos processos seletivos, as perguntas sobre diversidade permitem a\u00e7\u00f5es afirmativas mais assertivas, principalmente no m\u00eas do orgulho LGBT.","og_url":"https:\/\/www.ciadetalentos.com.br\/blog\/mes-do-orgulho-lgbt-por-que-responder-as-perguntas-sobre-diversidade\/","og_site_name":"Blog Cia de Talentos","article_published_time":"2021-06-23T19:09:08+00:00","article_modified_time":"2023-08-17T20:49:37+00:00","og_image":[{"width":720,"height":542,"url":"https:\/\/www.ciadetalentos.com.br\/blog\/wp-content\/uploads\/sites\/7\/2021\/06\/Capa-58.png","type":"image\/png"}],"author":"alanis","twitter_card":"summary_large_image","twitter_misc":{"Escrito por":"alanis","Est. tempo de leitura":"3 minutos"},"schema":{"@context":"https:\/\/schema.org","@graph":[{"@type":"WebPage","@id":"https:\/\/www.ciadetalentos.com.br\/blog\/mes-do-orgulho-lgbt-por-que-responder-as-perguntas-sobre-diversidade\/","url":"https:\/\/www.ciadetalentos.com.br\/blog\/mes-do-orgulho-lgbt-por-que-responder-as-perguntas-sobre-diversidade\/","name":"Por que responder as quest\u00f5es sobre diversidade?- Blog Cia de Talentos","isPartOf":{"@id":"https:\/\/www.ciadetalentos.com.br\/blog\/#website"},"primaryImageOfPage":{"@id":"https:\/\/www.ciadetalentos.com.br\/blog\/mes-do-orgulho-lgbt-por-que-responder-as-perguntas-sobre-diversidade\/#primaryimage"},"image":{"@id":"https:\/\/www.ciadetalentos.com.br\/blog\/mes-do-orgulho-lgbt-por-que-responder-as-perguntas-sobre-diversidade\/#primaryimage"},"thumbnailUrl":"https:\/\/www.ciadetalentos.com.br\/blog\/wp-content\/uploads\/sites\/7\/2021\/06\/Capa-58.png","datePublished":"2021-06-23T19:09:08+00:00","dateModified":"2023-08-17T20:49:37+00:00","author":{"@id":"https:\/\/www.ciadetalentos.com.br\/blog\/#\/schema\/person\/a24087cbd994882fe9266e6e6cc4ceae"},"description":"Nos processos seletivos, as perguntas sobre diversidade permitem a\u00e7\u00f5es afirmativas mais assertivas, principalmente no m\u00eas do orgulho LGBT.","breadcrumb":{"@id":"https:\/\/www.ciadetalentos.com.br\/blog\/mes-do-orgulho-lgbt-por-que-responder-as-perguntas-sobre-diversidade\/#breadcrumb"},"inLanguage":"pt-BR","potentialAction":[{"@type":"ReadAction","target":["https:\/\/www.ciadetalentos.com.br\/blog\/mes-do-orgulho-lgbt-por-que-responder-as-perguntas-sobre-diversidade\/"]}]},{"@type":"ImageObject","inLanguage":"pt-BR","@id":"https:\/\/www.ciadetalentos.com.br\/blog\/mes-do-orgulho-lgbt-por-que-responder-as-perguntas-sobre-diversidade\/#primaryimage","url":"https:\/\/www.ciadetalentos.com.br\/blog\/wp-content\/uploads\/sites\/7\/2021\/06\/Capa-58.png","contentUrl":"https:\/\/www.ciadetalentos.com.br\/blog\/wp-content\/uploads\/sites\/7\/2021\/06\/Capa-58.png","width":720,"height":542,"caption":"M\u00eas do orgulho LGBT: por que responder \u00e0s perguntas sobre diversidade?"},{"@type":"BreadcrumbList","@id":"https:\/\/www.ciadetalentos.com.br\/blog\/mes-do-orgulho-lgbt-por-que-responder-as-perguntas-sobre-diversidade\/#breadcrumb","itemListElement":[{"@type":"ListItem","position":1,"name":"Home","item":"https:\/\/www.ciadetalentos.com.br\/blog\/"},{"@type":"ListItem","position":2,"name":"M\u00eas do orgulho LGBTQIA+: por que responder \u00e0s perguntas sobre diversidade?"}]},{"@type":"WebSite","@id":"https:\/\/www.ciadetalentos.com.br\/blog\/#website","url":"https:\/\/www.ciadetalentos.com.br\/blog\/","name":"Blog Cia de Talentos","description":"Descubra tudo o que voc\u00ea precisa para desenvolver carreiras e transformar sua vida profissional","potentialAction":[{"@type":"SearchAction","target":{"@type":"EntryPoint","urlTemplate":"https:\/\/www.ciadetalentos.com.br\/blog\/?s={search_term_string}"},"query-input":"required name=search_term_string"}],"inLanguage":"pt-BR"},{"@type":"Person","@id":"https:\/\/www.ciadetalentos.com.br\/blog\/#\/schema\/person\/a24087cbd994882fe9266e6e6cc4ceae","name":"alanis","image":{"@type":"ImageObject","inLanguage":"pt-BR","@id":"https:\/\/www.ciadetalentos.com.br\/blog\/#\/schema\/person\/image\/","url":"https:\/\/secure.gravatar.com\/avatar\/5d264cc4297008b1056fad824d86f6bb?s=96&d=mm&r=g","contentUrl":"https:\/\/secure.gravatar.com\/avatar\/5d264cc4297008b1056fad824d86f6bb?s=96&d=mm&r=g","caption":"alanis"},"url":"https:\/\/www.ciadetalentos.com.br\/blog\/author\/alanis\/"}]}},"_links":{"self":[{"href":"https:\/\/www.ciadetalentos.com.br\/blog\/wp-json\/wp\/v2\/posts\/4041"}],"collection":[{"href":"https:\/\/www.ciadetalentos.com.br\/blog\/wp-json\/wp\/v2\/posts"}],"about":[{"href":"https:\/\/www.ciadetalentos.com.br\/blog\/wp-json\/wp\/v2\/types\/post"}],"author":[{"embeddable":true,"href":"https:\/\/www.ciadetalentos.com.br\/blog\/wp-json\/wp\/v2\/users\/21"}],"replies":[{"embeddable":true,"href":"https:\/\/www.ciadetalentos.com.br\/blog\/wp-json\/wp\/v2\/comments?post=4041"}],"version-history":[{"count":6,"href":"https:\/\/www.ciadetalentos.com.br\/blog\/wp-json\/wp\/v2\/posts\/4041\/revisions"}],"predecessor-version":[{"id":5305,"href":"https:\/\/www.ciadetalentos.com.br\/blog\/wp-json\/wp\/v2\/posts\/4041\/revisions\/5305"}],"wp:featuredmedia":[{"embeddable":true,"href":"https:\/\/www.ciadetalentos.com.br\/blog\/wp-json\/wp\/v2\/media\/4048"}],"wp:attachment":[{"href":"https:\/\/www.ciadetalentos.com.br\/blog\/wp-json\/wp\/v2\/media?parent=4041"}],"wp:term":[{"taxonomy":"category","embeddable":true,"href":"https:\/\/www.ciadetalentos.com.br\/blog\/wp-json\/wp\/v2\/categories?post=4041"},{"taxonomy":"post_tag","embeddable":true,"href":"https:\/\/www.ciadetalentos.com.br\/blog\/wp-json\/wp\/v2\/tags?post=4041"}],"curies":[{"name":"wp","href":"https:\/\/api.w.org\/{rel}","templated":true}]}}