{"id":4057,"date":"2021-07-08T18:13:11","date_gmt":"2021-07-08T21:13:11","guid":{"rendered":"https:\/\/www.ciadetalentos.com.br\/blog\/?p=4057"},"modified":"2021-07-08T18:13:11","modified_gmt":"2021-07-08T21:13:11","slug":"curriculo-oculto-por-que-ele-e-tao-importante-para-a-diversidade","status":"publish","type":"post","link":"https:\/\/www.ciadetalentos.com.br\/blog\/curriculo-oculto-por-que-ele-e-tao-importante-para-a-diversidade\/","title":{"rendered":"Curr\u00edculo oculto: por que ele \u00e9 t\u00e3o importante para a diversidade?"},"content":{"rendered":"<p>Voc\u00ea sabe o que \u00e9 um curr\u00edculo oculto? Muitas empresas t\u00eam adotado esse modelo de CV nos processos seletivos. E, se voc\u00ea tamb\u00e9m acredita em um mercado de trabalho mais inclusivo, n\u00f3s vamos mostrar neste artigo que essa \u00e9 uma excelente ferramenta para ampliar a diversidade.<\/p>\n<p>Antes de mais nada, tente puxar na sua mem\u00f3ria se voc\u00ea j\u00e1 participou de uma etapa de avalia\u00e7\u00e3o em grupo com algu\u00e9m que estudou na mesma faculdade que voc\u00ea. Ou at\u00e9 mesmo algu\u00e9m que participou da mesma <a href=\"https:\/\/www.ciadetalentos.com.br\/blog\/5-motivos-para-entrar-numa-empresa-junior\/\" target=\"_blank\" rel=\"noopener\">empresa j\u00fanior<\/a>.<\/p>\n<p>Se sim, ao descobrir isso, rolou de cara uma identifica\u00e7\u00e3o com a pessoa? Pois \u00e9! Isso tamb\u00e9m pode acontecer na contrata\u00e7\u00e3o de algu\u00e9m.<\/p>\n<p>Isso acontece por que todos n\u00f3s temos vieses inconscientes e eles impactam nas nossas percep\u00e7\u00f5es e escolhas.<\/p>\n<h2>Mas, afinal, o que s\u00e3o os vieses inconscientes?<\/h2>\n<p>Os vieses inconscientes, tamb\u00e9m chamados de vieses impl\u00edcitos, s\u00e3o prefer\u00eancias que ficam escondidas no nosso inconsciente. Elas influenciam:<\/p>\n<ul>\n<li>Atitudes<\/li>\n<li>Percep\u00e7\u00f5es<\/li>\n<li>Julgamentos<\/li>\n<li>A\u00e7\u00f5es etc.<\/li>\n<\/ul>\n<p>Tudo isso, sem que a gente perceba o quanto estamos dando vantagem para um determinado aspecto.<\/p>\n<p>Infelizmente, n\u00e3o \u00e9 poss\u00edvel eliminar completamente os vieses inconscientes da nossa realidade. Mas o conhecimento e reconhecimento deles j\u00e1 nos ajuda a tomar melhores decis\u00f5es.<\/p>\n<p>Nesse momento voc\u00ea pode estar se perguntando se rolou uma fuga do tema aqui. Mas n\u00e3o! Voc\u00ea j\u00e1 vai entender a rela\u00e7\u00e3o entre os vieses e o curr\u00edculo oculto.<\/p>\n<p>As pessoas que trabalham com recrutamento e sele\u00e7\u00e3o, assim como os(as) gestores(as) das vagas, tamb\u00e9m possuem v\u00e1rios desses vieses inconscientes.<\/p>\n<p>Ent\u00e3o, uma forma encontrada para tentarmos gerenciar esses vieses e sermos mais inclusivos foi atrav\u00e9s do curr\u00edculo oculto.<\/p>\n<h2>O que \u00e9 o curr\u00edculo oculto?<\/h2>\n<p>O curr\u00edculo oculto tamb\u00e9m pode ser chamado de <em>blind CV<\/em>, curr\u00edculo \u00e0s cegas ou <em>hidden curriculum<\/em>.<\/p>\n<p>Nele, n\u00f3s omitimos algumas informa\u00e7\u00f5es para evitar os vieses inconscientes e fazer com que as pessoas sejam contratadas pelas suas compet\u00eancias e resultados. Normalmente, as informa\u00e7\u00f5es ocultadas s\u00e3o:<\/p>\n<ul>\n<li>Endere\u00e7o<\/li>\n<li>Faculdade<\/li>\n<li>Idade<\/li>\n<li>G\u00eanero<\/li>\n<li>Ra\u00e7a ou Etnia<\/li>\n<li>Nacionalidade etc.<\/li>\n<\/ul>\n<p>Al\u00e9m disso, algumas empresas optam por ocultar at\u00e9 o nome dos candidatos.<\/p>\n<p>Assim, sem essas informa\u00e7\u00f5es, a pessoa respons\u00e1vel pela sua sele\u00e7\u00e3o vai ter em m\u00e3os somente o que diz respeito \u00e0s suas compet\u00eancias profissionais. Ou seja, \u00e9 uma boa forma de evitar que pessoas negras, LGBTQIA+ ou PcDs sejam reprovados apenas em fun\u00e7\u00e3o de serem quem e como s\u00e3o.<\/p>\n<p>Por isso, se voc\u00ea estiver participando de um processo seletivo que trabalha com curr\u00edculo oculto, n\u00e3o \u00e9 necess\u00e1rio contar na sua <a href=\"https:\/\/www.ciadetalentos.com.br\/blog\/apresentacao-pessoal-saiba-como-dizer-quem-e-voce-nos-processos-seletivos\/\" target=\"_blank\" rel=\"noopener\">apresenta\u00e7\u00e3o pessoal<\/a> todos esses pontos que est\u00e3o sendo omitidos.<\/p>\n<p>Mas como saber isso? Siga as instru\u00e7\u00f5es passadas pelo(a) avaliador(a) na pr\u00e9-tarefa ou no momento da avalia\u00e7\u00e3o. Assim, voc\u00ea vai sentir muito mais seguran\u00e7a em ser quem \u00e9 e mostrar o seu melhor potencial.<\/p>\n","protected":false},"excerpt":{"rendered":"<p>Voc\u00ea sabe o que \u00e9 um curr\u00edculo oculto? Muitas empresas t\u00eam adotado esse modelo&hellip;<\/p>\n","protected":false},"author":21,"featured_media":4063,"comment_status":"open","ping_status":"open","sticky":false,"template":"","format":"standard","meta":{"footnotes":""},"categories":[20,22],"tags":[182,132,45],"yoast_head":"<!-- This site is optimized with the Yoast SEO plugin v22.5 - https:\/\/yoast.com\/wordpress\/plugins\/seo\/ -->\n<title>Curr\u00edculo oculto: por que ele \u00e9 t\u00e3o importante para a diversidade?<\/title>\n<meta name=\"description\" content=\"O curr\u00edculo oculto \u00e9 uma estrat\u00e9gia adotada pelas empresas para evitar os vieses inconscientes nos processos seletivo. Entenda como funciona.\" \/>\n<meta name=\"robots\" content=\"index, follow, max-snippet:-1, max-image-preview:large, max-video-preview:-1\" \/>\n<link rel=\"canonical\" href=\"https:\/\/www.ciadetalentos.com.br\/blog\/curriculo-oculto-por-que-ele-e-tao-importante-para-a-diversidade\/\" \/>\n<meta property=\"og:locale\" content=\"pt_BR\" \/>\n<meta property=\"og:type\" content=\"article\" \/>\n<meta property=\"og:title\" content=\"Curr\u00edculo oculto: por que ele \u00e9 t\u00e3o importante para a diversidade?\" \/>\n<meta property=\"og:description\" content=\"O curr\u00edculo oculto \u00e9 uma estrat\u00e9gia adotada pelas empresas para evitar os vieses inconscientes nos processos seletivo. Entenda como funciona.\" \/>\n<meta property=\"og:url\" content=\"https:\/\/www.ciadetalentos.com.br\/blog\/curriculo-oculto-por-que-ele-e-tao-importante-para-a-diversidade\/\" \/>\n<meta property=\"og:site_name\" content=\"Blog Cia de Talentos\" \/>\n<meta property=\"article:published_time\" content=\"2021-07-08T21:13:11+00:00\" \/>\n<meta property=\"og:image\" content=\"https:\/\/www.ciadetalentos.com.br\/blog\/wp-content\/uploads\/sites\/7\/2021\/07\/Capa-65.png\" \/>\n\t<meta property=\"og:image:width\" content=\"720\" \/>\n\t<meta property=\"og:image:height\" content=\"542\" \/>\n\t<meta property=\"og:image:type\" content=\"image\/png\" \/>\n<meta name=\"author\" content=\"alanis\" \/>\n<meta name=\"twitter:card\" content=\"summary_large_image\" \/>\n<meta name=\"twitter:label1\" content=\"Escrito por\" \/>\n\t<meta name=\"twitter:data1\" content=\"alanis\" \/>\n\t<meta name=\"twitter:label2\" content=\"Est. tempo de leitura\" \/>\n\t<meta name=\"twitter:data2\" content=\"2 minutos\" \/>\n<script type=\"application\/ld+json\" class=\"yoast-schema-graph\">{\"@context\":\"https:\/\/schema.org\",\"@graph\":[{\"@type\":\"WebPage\",\"@id\":\"https:\/\/www.ciadetalentos.com.br\/blog\/curriculo-oculto-por-que-ele-e-tao-importante-para-a-diversidade\/\",\"url\":\"https:\/\/www.ciadetalentos.com.br\/blog\/curriculo-oculto-por-que-ele-e-tao-importante-para-a-diversidade\/\",\"name\":\"Curr\u00edculo oculto: por que ele \u00e9 t\u00e3o importante para a diversidade?\",\"isPartOf\":{\"@id\":\"https:\/\/www.ciadetalentos.com.br\/blog\/#website\"},\"primaryImageOfPage\":{\"@id\":\"https:\/\/www.ciadetalentos.com.br\/blog\/curriculo-oculto-por-que-ele-e-tao-importante-para-a-diversidade\/#primaryimage\"},\"image\":{\"@id\":\"https:\/\/www.ciadetalentos.com.br\/blog\/curriculo-oculto-por-que-ele-e-tao-importante-para-a-diversidade\/#primaryimage\"},\"thumbnailUrl\":\"https:\/\/www.ciadetalentos.com.br\/blog\/wp-content\/uploads\/sites\/7\/2021\/07\/Capa-65.png\",\"datePublished\":\"2021-07-08T21:13:11+00:00\",\"dateModified\":\"2021-07-08T21:13:11+00:00\",\"author\":{\"@id\":\"https:\/\/www.ciadetalentos.com.br\/blog\/#\/schema\/person\/a24087cbd994882fe9266e6e6cc4ceae\"},\"description\":\"O curr\u00edculo oculto \u00e9 uma estrat\u00e9gia adotada pelas empresas para evitar os vieses inconscientes nos processos seletivo. Entenda como funciona.\",\"breadcrumb\":{\"@id\":\"https:\/\/www.ciadetalentos.com.br\/blog\/curriculo-oculto-por-que-ele-e-tao-importante-para-a-diversidade\/#breadcrumb\"},\"inLanguage\":\"pt-BR\",\"potentialAction\":[{\"@type\":\"ReadAction\",\"target\":[\"https:\/\/www.ciadetalentos.com.br\/blog\/curriculo-oculto-por-que-ele-e-tao-importante-para-a-diversidade\/\"]}]},{\"@type\":\"ImageObject\",\"inLanguage\":\"pt-BR\",\"@id\":\"https:\/\/www.ciadetalentos.com.br\/blog\/curriculo-oculto-por-que-ele-e-tao-importante-para-a-diversidade\/#primaryimage\",\"url\":\"https:\/\/www.ciadetalentos.com.br\/blog\/wp-content\/uploads\/sites\/7\/2021\/07\/Capa-65.png\",\"contentUrl\":\"https:\/\/www.ciadetalentos.com.br\/blog\/wp-content\/uploads\/sites\/7\/2021\/07\/Capa-65.png\",\"width\":720,\"height\":542,\"caption\":\"Curr\u00edculo oculto: por que ele \u00e9 t\u00e3o importante para a diversidade?\"},{\"@type\":\"BreadcrumbList\",\"@id\":\"https:\/\/www.ciadetalentos.com.br\/blog\/curriculo-oculto-por-que-ele-e-tao-importante-para-a-diversidade\/#breadcrumb\",\"itemListElement\":[{\"@type\":\"ListItem\",\"position\":1,\"name\":\"Home\",\"item\":\"https:\/\/www.ciadetalentos.com.br\/blog\/\"},{\"@type\":\"ListItem\",\"position\":2,\"name\":\"Curr\u00edculo oculto: por que ele \u00e9 t\u00e3o importante para a diversidade?\"}]},{\"@type\":\"WebSite\",\"@id\":\"https:\/\/www.ciadetalentos.com.br\/blog\/#website\",\"url\":\"https:\/\/www.ciadetalentos.com.br\/blog\/\",\"name\":\"Blog Cia de Talentos\",\"description\":\"Descubra tudo o que voc\u00ea precisa para desenvolver carreiras e transformar sua vida profissional\",\"potentialAction\":[{\"@type\":\"SearchAction\",\"target\":{\"@type\":\"EntryPoint\",\"urlTemplate\":\"https:\/\/www.ciadetalentos.com.br\/blog\/?s={search_term_string}\"},\"query-input\":\"required name=search_term_string\"}],\"inLanguage\":\"pt-BR\"},{\"@type\":\"Person\",\"@id\":\"https:\/\/www.ciadetalentos.com.br\/blog\/#\/schema\/person\/a24087cbd994882fe9266e6e6cc4ceae\",\"name\":\"alanis\",\"image\":{\"@type\":\"ImageObject\",\"inLanguage\":\"pt-BR\",\"@id\":\"https:\/\/www.ciadetalentos.com.br\/blog\/#\/schema\/person\/image\/\",\"url\":\"https:\/\/secure.gravatar.com\/avatar\/5d264cc4297008b1056fad824d86f6bb?s=96&d=mm&r=g\",\"contentUrl\":\"https:\/\/secure.gravatar.com\/avatar\/5d264cc4297008b1056fad824d86f6bb?s=96&d=mm&r=g\",\"caption\":\"alanis\"},\"url\":\"https:\/\/www.ciadetalentos.com.br\/blog\/author\/alanis\/\"}]}<\/script>\n<!-- \/ Yoast SEO plugin. -->","yoast_head_json":{"title":"Curr\u00edculo oculto: por que ele \u00e9 t\u00e3o importante para a diversidade?","description":"O curr\u00edculo oculto \u00e9 uma estrat\u00e9gia adotada pelas empresas para evitar os vieses inconscientes nos processos seletivo. Entenda como funciona.","robots":{"index":"index","follow":"follow","max-snippet":"max-snippet:-1","max-image-preview":"max-image-preview:large","max-video-preview":"max-video-preview:-1"},"canonical":"https:\/\/www.ciadetalentos.com.br\/blog\/curriculo-oculto-por-que-ele-e-tao-importante-para-a-diversidade\/","og_locale":"pt_BR","og_type":"article","og_title":"Curr\u00edculo oculto: por que ele \u00e9 t\u00e3o importante para a diversidade?","og_description":"O curr\u00edculo oculto \u00e9 uma estrat\u00e9gia adotada pelas empresas para evitar os vieses inconscientes nos processos seletivo. Entenda como funciona.","og_url":"https:\/\/www.ciadetalentos.com.br\/blog\/curriculo-oculto-por-que-ele-e-tao-importante-para-a-diversidade\/","og_site_name":"Blog Cia de Talentos","article_published_time":"2021-07-08T21:13:11+00:00","og_image":[{"width":720,"height":542,"url":"https:\/\/www.ciadetalentos.com.br\/blog\/wp-content\/uploads\/sites\/7\/2021\/07\/Capa-65.png","type":"image\/png"}],"author":"alanis","twitter_card":"summary_large_image","twitter_misc":{"Escrito por":"alanis","Est. tempo de leitura":"2 minutos"},"schema":{"@context":"https:\/\/schema.org","@graph":[{"@type":"WebPage","@id":"https:\/\/www.ciadetalentos.com.br\/blog\/curriculo-oculto-por-que-ele-e-tao-importante-para-a-diversidade\/","url":"https:\/\/www.ciadetalentos.com.br\/blog\/curriculo-oculto-por-que-ele-e-tao-importante-para-a-diversidade\/","name":"Curr\u00edculo oculto: por que ele \u00e9 t\u00e3o importante para a diversidade?","isPartOf":{"@id":"https:\/\/www.ciadetalentos.com.br\/blog\/#website"},"primaryImageOfPage":{"@id":"https:\/\/www.ciadetalentos.com.br\/blog\/curriculo-oculto-por-que-ele-e-tao-importante-para-a-diversidade\/#primaryimage"},"image":{"@id":"https:\/\/www.ciadetalentos.com.br\/blog\/curriculo-oculto-por-que-ele-e-tao-importante-para-a-diversidade\/#primaryimage"},"thumbnailUrl":"https:\/\/www.ciadetalentos.com.br\/blog\/wp-content\/uploads\/sites\/7\/2021\/07\/Capa-65.png","datePublished":"2021-07-08T21:13:11+00:00","dateModified":"2021-07-08T21:13:11+00:00","author":{"@id":"https:\/\/www.ciadetalentos.com.br\/blog\/#\/schema\/person\/a24087cbd994882fe9266e6e6cc4ceae"},"description":"O curr\u00edculo oculto \u00e9 uma estrat\u00e9gia adotada pelas empresas para evitar os vieses inconscientes nos processos seletivo. Entenda como funciona.","breadcrumb":{"@id":"https:\/\/www.ciadetalentos.com.br\/blog\/curriculo-oculto-por-que-ele-e-tao-importante-para-a-diversidade\/#breadcrumb"},"inLanguage":"pt-BR","potentialAction":[{"@type":"ReadAction","target":["https:\/\/www.ciadetalentos.com.br\/blog\/curriculo-oculto-por-que-ele-e-tao-importante-para-a-diversidade\/"]}]},{"@type":"ImageObject","inLanguage":"pt-BR","@id":"https:\/\/www.ciadetalentos.com.br\/blog\/curriculo-oculto-por-que-ele-e-tao-importante-para-a-diversidade\/#primaryimage","url":"https:\/\/www.ciadetalentos.com.br\/blog\/wp-content\/uploads\/sites\/7\/2021\/07\/Capa-65.png","contentUrl":"https:\/\/www.ciadetalentos.com.br\/blog\/wp-content\/uploads\/sites\/7\/2021\/07\/Capa-65.png","width":720,"height":542,"caption":"Curr\u00edculo oculto: por que ele \u00e9 t\u00e3o importante para a diversidade?"},{"@type":"BreadcrumbList","@id":"https:\/\/www.ciadetalentos.com.br\/blog\/curriculo-oculto-por-que-ele-e-tao-importante-para-a-diversidade\/#breadcrumb","itemListElement":[{"@type":"ListItem","position":1,"name":"Home","item":"https:\/\/www.ciadetalentos.com.br\/blog\/"},{"@type":"ListItem","position":2,"name":"Curr\u00edculo oculto: por que ele \u00e9 t\u00e3o importante para a diversidade?"}]},{"@type":"WebSite","@id":"https:\/\/www.ciadetalentos.com.br\/blog\/#website","url":"https:\/\/www.ciadetalentos.com.br\/blog\/","name":"Blog Cia de Talentos","description":"Descubra tudo o que voc\u00ea precisa para desenvolver carreiras e transformar sua vida profissional","potentialAction":[{"@type":"SearchAction","target":{"@type":"EntryPoint","urlTemplate":"https:\/\/www.ciadetalentos.com.br\/blog\/?s={search_term_string}"},"query-input":"required name=search_term_string"}],"inLanguage":"pt-BR"},{"@type":"Person","@id":"https:\/\/www.ciadetalentos.com.br\/blog\/#\/schema\/person\/a24087cbd994882fe9266e6e6cc4ceae","name":"alanis","image":{"@type":"ImageObject","inLanguage":"pt-BR","@id":"https:\/\/www.ciadetalentos.com.br\/blog\/#\/schema\/person\/image\/","url":"https:\/\/secure.gravatar.com\/avatar\/5d264cc4297008b1056fad824d86f6bb?s=96&d=mm&r=g","contentUrl":"https:\/\/secure.gravatar.com\/avatar\/5d264cc4297008b1056fad824d86f6bb?s=96&d=mm&r=g","caption":"alanis"},"url":"https:\/\/www.ciadetalentos.com.br\/blog\/author\/alanis\/"}]}},"_links":{"self":[{"href":"https:\/\/www.ciadetalentos.com.br\/blog\/wp-json\/wp\/v2\/posts\/4057"}],"collection":[{"href":"https:\/\/www.ciadetalentos.com.br\/blog\/wp-json\/wp\/v2\/posts"}],"about":[{"href":"https:\/\/www.ciadetalentos.com.br\/blog\/wp-json\/wp\/v2\/types\/post"}],"author":[{"embeddable":true,"href":"https:\/\/www.ciadetalentos.com.br\/blog\/wp-json\/wp\/v2\/users\/21"}],"replies":[{"embeddable":true,"href":"https:\/\/www.ciadetalentos.com.br\/blog\/wp-json\/wp\/v2\/comments?post=4057"}],"version-history":[{"count":2,"href":"https:\/\/www.ciadetalentos.com.br\/blog\/wp-json\/wp\/v2\/posts\/4057\/revisions"}],"predecessor-version":[{"id":4064,"href":"https:\/\/www.ciadetalentos.com.br\/blog\/wp-json\/wp\/v2\/posts\/4057\/revisions\/4064"}],"wp:featuredmedia":[{"embeddable":true,"href":"https:\/\/www.ciadetalentos.com.br\/blog\/wp-json\/wp\/v2\/media\/4063"}],"wp:attachment":[{"href":"https:\/\/www.ciadetalentos.com.br\/blog\/wp-json\/wp\/v2\/media?parent=4057"}],"wp:term":[{"taxonomy":"category","embeddable":true,"href":"https:\/\/www.ciadetalentos.com.br\/blog\/wp-json\/wp\/v2\/categories?post=4057"},{"taxonomy":"post_tag","embeddable":true,"href":"https:\/\/www.ciadetalentos.com.br\/blog\/wp-json\/wp\/v2\/tags?post=4057"}],"curies":[{"name":"wp","href":"https:\/\/api.w.org\/{rel}","templated":true}]}}