{"id":4128,"date":"2021-11-12T12:55:19","date_gmt":"2021-11-12T15:55:19","guid":{"rendered":"https:\/\/www.ciadetalentos.com.br\/blog\/?p=4128"},"modified":"2021-11-12T12:55:19","modified_gmt":"2021-11-12T15:55:19","slug":"serie-jornada-para-o-futuro-cultura-e-valores","status":"publish","type":"post","link":"https:\/\/www.ciadetalentos.com.br\/blog\/serie-jornada-para-o-futuro-cultura-e-valores\/","title":{"rendered":"S\u00e9rie Jornada para o Futuro: Cultura e Valores"},"content":{"rendered":"<p><span style=\"font-weight: 400;\">Quando voc\u00ea busca por um emprego, procura conhecer a cultura e valores da empresa na qual est\u00e1 de olho?<\/span><\/p>\n<p><span style=\"font-weight: 400;\">Pois saiba que as organiza\u00e7\u00f5es esperam isso de voc\u00ea. Afinal, quanto mais o seu perfil estiver alinhado ao que elas buscam e acreditam, mais certeza elas ter\u00e3o de que devem te contratar. E, por outro lado, voc\u00ea tamb\u00e9m far\u00e1 uma escolha melhor para a sua satisfa\u00e7\u00e3o profissional. <\/span><span style=\"font-weight: 400;\">Ou seja, todos saem ganhando.<\/span><\/p>\n<p><span style=\"font-weight: 400;\">Mas voc\u00ea sabe o que s\u00e3o cultura e valores?<\/span><\/p>\n<p><span style=\"font-weight: 400;\">\u00c9 o que voc\u00ea vai descobrir neste artigo, portanto, continue a leitura!<\/span><\/p>\n<h2><span style=\"font-weight: 400;\">Desvendando a cultura organizacional<\/span><\/h2>\n<p><span style=\"font-weight: 400;\">Em termos gerais, a cultura \u00e9 a forma como uma sociedade se comporta. Isto \u00e9, o seu conjunto de costumes e conhecimentos espec\u00edficos. \u00c9 s\u00f3 voc\u00ea pensar em como a nossa cultura difere muito da cultura dos japoneses ou dos mu\u00e7ulmanos, por exemplo.<\/span><\/p>\n<p><span style=\"font-weight: 400;\">Se voc\u00ea mudasse para um pa\u00eds com uma cultura diferente, seria dif\u00edcil se adaptar, n\u00e3o?<\/span><\/p>\n<p><span style=\"font-weight: 400;\">Em uma empresa que tem uma cultura totalmente diferente da sua, acontece o mesmo. Imagine uma pessoa met\u00f3dica e inflex\u00edvel trabalhando em uma startup, onde se espera que as pessoas sejam r\u00e1pidas em se adaptar a mudan\u00e7as? Ou ent\u00e3o o contr\u00e1rio, uma pessoa completamente descolada e flex\u00edvel trabalhando em uma empresa tradicional e conservadora?<\/span><\/p>\n<p><span style=\"font-weight: 400;\">N\u00e3o seria dif\u00edcil conviver todos os dias em um ambiente que n\u00e3o te representa?<\/span><\/p>\n<p><span style=\"font-weight: 400;\">Por isso, \u00e9 importante que voc\u00ea conhe\u00e7a a cultura da empresa na qual deseja entrar. Assim, voc\u00ea n\u00e3o perde tempo em processos seletivos que n\u00e3o t\u00eam nada a ver com voc\u00ea. Do mesmo modo, voc\u00ea evita ingressar em uma empresa na qual n\u00e3o se sentir\u00e1 feliz e satisfeito.<\/span><\/p>\n<h2><span style=\"font-weight: 400;\">Descobrindo seus valores<\/span><\/h2>\n<p><span style=\"font-weight: 400;\">Outro fator de suma import\u00e2ncia que voc\u00ea deve levar em considera\u00e7\u00e3o na sua jornada profissional s\u00e3o os valores.<\/span><\/p>\n<p><span style=\"font-weight: 400;\">Valores s\u00e3o aquelas ideias ou ideais que orientam as a\u00e7\u00f5es de uma pessoa ou empresa. Por exemplo, voc\u00ea pode ter como um valor pessoal a preserva\u00e7\u00e3o do meio ambiente. E uma empresa pode compartilhar desse mesmo valor.<\/span><\/p>\n<p><span style=\"font-weight: 400;\">E por que isso \u00e9 importante? Basicamente, porque voc\u00ea n\u00e3o vai se sentir bem trabalhando em uma empresa que n\u00e3o tenha os mesmos valores que voc\u00ea. J\u00e1 pensou voc\u00ea acreditar muito em uma coisa e trabalhar em uma organiza\u00e7\u00e3o que faz totalmente o contr\u00e1rio?<\/span><\/p>\n<p><span style=\"font-weight: 400;\">Por isso, \u00e9 muito importante que voc\u00ea primeiro entenda quais s\u00e3o os seus valores pessoais. E, depois, liste as empresas que t\u00eam a mesma linha de pensamento que a sua.<\/span><\/p>\n<p><span style=\"font-weight: 400;\">Desse modo, voc\u00ea conhece mais a fundo cada empresa e torna seu processo de busca pela <a href=\"https:\/\/www.ciadetalentos.com.br\/blog\/empresas-dos-sonhos-por-que-elas-sao-tao-desejadas\/\" target=\"_blank\" rel=\"noopener\">carreira dos seus sonhos<\/a> muito mais assertivo e alinhado com a sua personalidade.<\/span><\/p>\n<h2><span style=\"font-weight: 400;\">Alinhando cultura e valores com a empresa dos seus sonhos<\/span><\/h2>\n<p><span style=\"font-weight: 400;\">Agora que voc\u00ea j\u00e1 sabe o que s\u00e3o cultura e valores e qual a import\u00e2ncia deles para que voc\u00ea tenha um futuro profissional brilhante, chegou a hora de saber como alinhar aquilo no que voc\u00ea acredita com as empresas nas quais deseja trabalhar.<\/span><\/p>\n<h3><span style=\"font-weight: 400;\">Saiba onde voc\u00ea quer trabalhar<\/span><\/h3>\n<p><span style=\"font-weight: 400;\">Ter em mente quais s\u00e3o as top 10 empresas nas quais voc\u00ea adoraria trabalhar \u00e9 fundamental para que voc\u00ea veja se os seus valores s\u00e3o compat\u00edveis com os delas.<\/span><\/p>\n<p><span style=\"font-weight: 400;\">A partir da\u00ed, voc\u00ea consegue eliminar aquelas que n\u00e3o fazem muito sentido e se aproximar ainda mais daquelas que t\u00eam tudo a ver com voc\u00ea.<\/span><\/p>\n<h3><span style=\"font-weight: 400;\">Pesquise sobre as empresas que est\u00e3o na sua Top 10<\/span><\/h3>\n<p><span style=\"font-weight: 400;\">Pesquisar sobre as empresas nas quais voc\u00ea imagina trabalhar \u00e9 o primeiro passo para entender se elas realmente representam aquilo que voc\u00ea imagina.<\/span><\/p>\n<p><span style=\"font-weight: 400;\">Voc\u00ea pode fazer isso consultando em sites como o <a href=\"https:\/\/www.glassdoor.com.br\/Avalia%C3%A7%C3%B5es\/index.htm\" target=\"_blank\" rel=\"noopener\">Glassdoor<\/a>, pesquisando o que j\u00e1 saiu na m\u00eddia a respeito daquela empresa e avaliando postura dela nas redes sociais. Veja tamb\u00e9m o perfil de profissional que essas empresas buscam em sites de vagas, faixas salariais e exig\u00eancias.\u00a0<\/span><\/p>\n<p><span style=\"font-weight: 400;\">Tudo isso vai te ajudar a entender melhor se a sua cultura e valores est\u00e3o alinhados com cada empresa.<\/span><\/p>\n<h3><span style=\"font-weight: 400;\">Fa\u00e7a a Jornada para o Futuro<\/span><\/h3>\n<p><span style=\"font-weight: 400;\">Jornada para o Futuro \u00e9 um programa de desenvolvimento de <a href=\"https:\/\/www.ciadetalentos.com.br\/blog\/4-exemplos-de-soft-skills-que-abrem-portas-para-o-mercado-de-trabalho\/\" target=\"_blank\" rel=\"noopener\">soft skills<\/a> que te ajuda a identificar o que existe de melhor em voc\u00ea e potencializar essas qualidades para que voc\u00ea se torne um profissional disputado pelo mercado.<\/span><\/p>\n<p><span style=\"font-weight: 400;\">Quando se trata de cultura e valores, voc\u00ea pode aprender com mais profundidade o que s\u00e3o esses conceitos e como voc\u00ea pode desenvolv\u00ea-los ao longo da sua jornada profissional.<\/span><\/p>\n<p><span style=\"font-weight: 400;\">O programa \u00e9 100% gratuito e oferece uma s\u00e9rie de vantagens.<\/span><\/p>\n<p><span style=\"font-weight: 400;\">Por exemplo, voc\u00ea vai participar de um programa totalmente pensado para desenvolver suas habilidades socioemocionais em uma plataforma que oferece uma experi\u00eancia incr\u00edvel.<\/span><\/p>\n<p><span style=\"font-weight: 400;\">Al\u00e9m disso, o seu autoconhecimento vai servir para saber mais sobre a cultura e valores de v\u00e1rias empresas, assim voc\u00ea tem mais condi\u00e7\u00f5es de ter certeza de que tipo de carreira quer seguir.\u00a0<\/span><\/p>\n<p><span style=\"font-weight: 400;\">Outra coisa fant\u00e1stica do Jornada para o Futuro \u00e9 te colocar frente a frente com o mercado de trabalho real, com empresas que oferecem oportunidades e querem contar tudo para voc\u00ea.<\/span><span style=\"font-weight: 400;\"> Aqui \u00e9 onde voc\u00ea vai come\u00e7ar a se preparar para o mercado de trabalho que vai encontrar pela frente.\u00a0<\/span><\/p>\n<p><span style=\"font-weight: 400;\">Ao trilhar a Jornada para o Futuro, seu horizonte de atua\u00e7\u00e3o se expande, e voc\u00ea vai conhecer at\u00e9 mesmo novas \u00e1reas onde pode aplicar todos os seus conhecimentos.\u00a0<\/span><\/p>\n<p><span style=\"font-weight: 400;\">Seu futuro come\u00e7a agora! Confira mais sobre nosso programa, entre na <\/span><a href=\"https:\/\/jornadaparaofuturo.com.br\/\" target=\"_blank\" rel=\"noopener\"><span style=\"font-weight: 400;\">p\u00e1gina da Jornada para o Futuro<\/span><\/a><span style=\"font-weight: 400;\">, veja tudo que voc\u00ea vai experimentar e fa\u00e7a j\u00e1 sua inscri\u00e7\u00e3o!<\/span><\/p>\n","protected":false},"excerpt":{"rendered":"<p>Quando voc\u00ea busca por um emprego, procura conhecer a cultura e valores da empresa&hellip;<\/p>\n","protected":false},"author":24,"featured_media":4233,"comment_status":"open","ping_status":"open","sticky":false,"template":"","format":"standard","meta":{"footnotes":""},"categories":[20,21,23],"tags":[48,559,226,182,679],"yoast_head":"<!-- This site is optimized with the Yoast SEO plugin v22.5 - https:\/\/yoast.com\/wordpress\/plugins\/seo\/ -->\n<title>S\u00e9rie Jornada para o Futuro: Cultura e Valores -<\/title>\n<meta name=\"description\" content=\"Voc\u00ea sabe o que s\u00e3o cultura e valores e como eles impactam sua carreira? Acesse este post e saiba como eles s\u00e3o importantes para o seu futuro!\" \/>\n<meta name=\"robots\" content=\"index, follow, max-snippet:-1, max-image-preview:large, max-video-preview:-1\" \/>\n<link rel=\"canonical\" href=\"https:\/\/www.ciadetalentos.com.br\/blog\/serie-jornada-para-o-futuro-cultura-e-valores\/\" \/>\n<meta property=\"og:locale\" content=\"pt_BR\" \/>\n<meta property=\"og:type\" content=\"article\" \/>\n<meta property=\"og:title\" content=\"S\u00e9rie Jornada para o Futuro: Cultura e Valores -\" \/>\n<meta property=\"og:description\" content=\"Voc\u00ea sabe o que s\u00e3o cultura e valores e como eles impactam sua carreira? Acesse este post e saiba como eles s\u00e3o importantes para o seu futuro!\" \/>\n<meta property=\"og:url\" content=\"https:\/\/www.ciadetalentos.com.br\/blog\/serie-jornada-para-o-futuro-cultura-e-valores\/\" \/>\n<meta property=\"og:site_name\" content=\"Blog Cia de Talentos\" \/>\n<meta property=\"article:published_time\" content=\"2021-11-12T15:55:19+00:00\" \/>\n<meta property=\"og:image\" content=\"https:\/\/www.ciadetalentos.com.br\/blog\/wp-content\/uploads\/sites\/7\/2021\/09\/Jornada-para-o-Futuro-Cultura-e-Valores.png\" \/>\n\t<meta property=\"og:image:width\" content=\"720\" \/>\n\t<meta property=\"og:image:height\" content=\"542\" \/>\n\t<meta property=\"og:image:type\" content=\"image\/png\" \/>\n<meta name=\"author\" content=\"evelim\" \/>\n<meta name=\"twitter:card\" content=\"summary_large_image\" \/>\n<meta name=\"twitter:label1\" content=\"Escrito por\" \/>\n\t<meta name=\"twitter:data1\" content=\"evelim\" \/>\n\t<meta name=\"twitter:label2\" content=\"Est. tempo de leitura\" \/>\n\t<meta name=\"twitter:data2\" content=\"4 minutos\" \/>\n<script type=\"application\/ld+json\" class=\"yoast-schema-graph\">{\"@context\":\"https:\/\/schema.org\",\"@graph\":[{\"@type\":\"WebPage\",\"@id\":\"https:\/\/www.ciadetalentos.com.br\/blog\/serie-jornada-para-o-futuro-cultura-e-valores\/\",\"url\":\"https:\/\/www.ciadetalentos.com.br\/blog\/serie-jornada-para-o-futuro-cultura-e-valores\/\",\"name\":\"S\u00e9rie Jornada para o Futuro: Cultura e Valores -\",\"isPartOf\":{\"@id\":\"https:\/\/www.ciadetalentos.com.br\/blog\/#website\"},\"primaryImageOfPage\":{\"@id\":\"https:\/\/www.ciadetalentos.com.br\/blog\/serie-jornada-para-o-futuro-cultura-e-valores\/#primaryimage\"},\"image\":{\"@id\":\"https:\/\/www.ciadetalentos.com.br\/blog\/serie-jornada-para-o-futuro-cultura-e-valores\/#primaryimage\"},\"thumbnailUrl\":\"https:\/\/www.ciadetalentos.com.br\/blog\/wp-content\/uploads\/sites\/7\/2021\/09\/Jornada-para-o-Futuro-Cultura-e-Valores.png\",\"datePublished\":\"2021-11-12T15:55:19+00:00\",\"dateModified\":\"2021-11-12T15:55:19+00:00\",\"author\":{\"@id\":\"https:\/\/www.ciadetalentos.com.br\/blog\/#\/schema\/person\/5e613fdc3488b58fada3fa859dc11a06\"},\"description\":\"Voc\u00ea sabe o que s\u00e3o cultura e valores e como eles impactam sua carreira? Acesse este post e saiba como eles s\u00e3o importantes para o seu futuro!\",\"breadcrumb\":{\"@id\":\"https:\/\/www.ciadetalentos.com.br\/blog\/serie-jornada-para-o-futuro-cultura-e-valores\/#breadcrumb\"},\"inLanguage\":\"pt-BR\",\"potentialAction\":[{\"@type\":\"ReadAction\",\"target\":[\"https:\/\/www.ciadetalentos.com.br\/blog\/serie-jornada-para-o-futuro-cultura-e-valores\/\"]}]},{\"@type\":\"ImageObject\",\"inLanguage\":\"pt-BR\",\"@id\":\"https:\/\/www.ciadetalentos.com.br\/blog\/serie-jornada-para-o-futuro-cultura-e-valores\/#primaryimage\",\"url\":\"https:\/\/www.ciadetalentos.com.br\/blog\/wp-content\/uploads\/sites\/7\/2021\/09\/Jornada-para-o-Futuro-Cultura-e-Valores.png\",\"contentUrl\":\"https:\/\/www.ciadetalentos.com.br\/blog\/wp-content\/uploads\/sites\/7\/2021\/09\/Jornada-para-o-Futuro-Cultura-e-Valores.png\",\"width\":720,\"height\":542,\"caption\":\"Jornada para o Futuro - Cultura e Valores\"},{\"@type\":\"BreadcrumbList\",\"@id\":\"https:\/\/www.ciadetalentos.com.br\/blog\/serie-jornada-para-o-futuro-cultura-e-valores\/#breadcrumb\",\"itemListElement\":[{\"@type\":\"ListItem\",\"position\":1,\"name\":\"Home\",\"item\":\"https:\/\/www.ciadetalentos.com.br\/blog\/\"},{\"@type\":\"ListItem\",\"position\":2,\"name\":\"S\u00e9rie Jornada para o Futuro: Cultura e Valores\"}]},{\"@type\":\"WebSite\",\"@id\":\"https:\/\/www.ciadetalentos.com.br\/blog\/#website\",\"url\":\"https:\/\/www.ciadetalentos.com.br\/blog\/\",\"name\":\"Blog Cia de Talentos\",\"description\":\"Descubra tudo o que voc\u00ea precisa para desenvolver carreiras e transformar sua vida profissional\",\"potentialAction\":[{\"@type\":\"SearchAction\",\"target\":{\"@type\":\"EntryPoint\",\"urlTemplate\":\"https:\/\/www.ciadetalentos.com.br\/blog\/?s={search_term_string}\"},\"query-input\":\"required name=search_term_string\"}],\"inLanguage\":\"pt-BR\"},{\"@type\":\"Person\",\"@id\":\"https:\/\/www.ciadetalentos.com.br\/blog\/#\/schema\/person\/5e613fdc3488b58fada3fa859dc11a06\",\"name\":\"evelim\",\"image\":{\"@type\":\"ImageObject\",\"inLanguage\":\"pt-BR\",\"@id\":\"https:\/\/www.ciadetalentos.com.br\/blog\/#\/schema\/person\/image\/\",\"url\":\"https:\/\/secure.gravatar.com\/avatar\/58b12d0117be732ee2c193e7d6c05d79?s=96&d=mm&r=g\",\"contentUrl\":\"https:\/\/secure.gravatar.com\/avatar\/58b12d0117be732ee2c193e7d6c05d79?s=96&d=mm&r=g\",\"caption\":\"evelim\"},\"url\":\"https:\/\/www.ciadetalentos.com.br\/blog\/author\/evelim\/\"}]}<\/script>\n<!-- \/ Yoast SEO plugin. -->","yoast_head_json":{"title":"S\u00e9rie Jornada para o Futuro: Cultura e Valores -","description":"Voc\u00ea sabe o que s\u00e3o cultura e valores e como eles impactam sua carreira? Acesse este post e saiba como eles s\u00e3o importantes para o seu futuro!","robots":{"index":"index","follow":"follow","max-snippet":"max-snippet:-1","max-image-preview":"max-image-preview:large","max-video-preview":"max-video-preview:-1"},"canonical":"https:\/\/www.ciadetalentos.com.br\/blog\/serie-jornada-para-o-futuro-cultura-e-valores\/","og_locale":"pt_BR","og_type":"article","og_title":"S\u00e9rie Jornada para o Futuro: Cultura e Valores -","og_description":"Voc\u00ea sabe o que s\u00e3o cultura e valores e como eles impactam sua carreira? Acesse este post e saiba como eles s\u00e3o importantes para o seu futuro!","og_url":"https:\/\/www.ciadetalentos.com.br\/blog\/serie-jornada-para-o-futuro-cultura-e-valores\/","og_site_name":"Blog Cia de Talentos","article_published_time":"2021-11-12T15:55:19+00:00","og_image":[{"width":720,"height":542,"url":"https:\/\/www.ciadetalentos.com.br\/blog\/wp-content\/uploads\/sites\/7\/2021\/09\/Jornada-para-o-Futuro-Cultura-e-Valores.png","type":"image\/png"}],"author":"evelim","twitter_card":"summary_large_image","twitter_misc":{"Escrito por":"evelim","Est. tempo de leitura":"4 minutos"},"schema":{"@context":"https:\/\/schema.org","@graph":[{"@type":"WebPage","@id":"https:\/\/www.ciadetalentos.com.br\/blog\/serie-jornada-para-o-futuro-cultura-e-valores\/","url":"https:\/\/www.ciadetalentos.com.br\/blog\/serie-jornada-para-o-futuro-cultura-e-valores\/","name":"S\u00e9rie Jornada para o Futuro: Cultura e Valores -","isPartOf":{"@id":"https:\/\/www.ciadetalentos.com.br\/blog\/#website"},"primaryImageOfPage":{"@id":"https:\/\/www.ciadetalentos.com.br\/blog\/serie-jornada-para-o-futuro-cultura-e-valores\/#primaryimage"},"image":{"@id":"https:\/\/www.ciadetalentos.com.br\/blog\/serie-jornada-para-o-futuro-cultura-e-valores\/#primaryimage"},"thumbnailUrl":"https:\/\/www.ciadetalentos.com.br\/blog\/wp-content\/uploads\/sites\/7\/2021\/09\/Jornada-para-o-Futuro-Cultura-e-Valores.png","datePublished":"2021-11-12T15:55:19+00:00","dateModified":"2021-11-12T15:55:19+00:00","author":{"@id":"https:\/\/www.ciadetalentos.com.br\/blog\/#\/schema\/person\/5e613fdc3488b58fada3fa859dc11a06"},"description":"Voc\u00ea sabe o que s\u00e3o cultura e valores e como eles impactam sua carreira? Acesse este post e saiba como eles s\u00e3o importantes para o seu futuro!","breadcrumb":{"@id":"https:\/\/www.ciadetalentos.com.br\/blog\/serie-jornada-para-o-futuro-cultura-e-valores\/#breadcrumb"},"inLanguage":"pt-BR","potentialAction":[{"@type":"ReadAction","target":["https:\/\/www.ciadetalentos.com.br\/blog\/serie-jornada-para-o-futuro-cultura-e-valores\/"]}]},{"@type":"ImageObject","inLanguage":"pt-BR","@id":"https:\/\/www.ciadetalentos.com.br\/blog\/serie-jornada-para-o-futuro-cultura-e-valores\/#primaryimage","url":"https:\/\/www.ciadetalentos.com.br\/blog\/wp-content\/uploads\/sites\/7\/2021\/09\/Jornada-para-o-Futuro-Cultura-e-Valores.png","contentUrl":"https:\/\/www.ciadetalentos.com.br\/blog\/wp-content\/uploads\/sites\/7\/2021\/09\/Jornada-para-o-Futuro-Cultura-e-Valores.png","width":720,"height":542,"caption":"Jornada para o Futuro - Cultura e Valores"},{"@type":"BreadcrumbList","@id":"https:\/\/www.ciadetalentos.com.br\/blog\/serie-jornada-para-o-futuro-cultura-e-valores\/#breadcrumb","itemListElement":[{"@type":"ListItem","position":1,"name":"Home","item":"https:\/\/www.ciadetalentos.com.br\/blog\/"},{"@type":"ListItem","position":2,"name":"S\u00e9rie Jornada para o Futuro: Cultura e Valores"}]},{"@type":"WebSite","@id":"https:\/\/www.ciadetalentos.com.br\/blog\/#website","url":"https:\/\/www.ciadetalentos.com.br\/blog\/","name":"Blog Cia de Talentos","description":"Descubra tudo o que voc\u00ea precisa para desenvolver carreiras e transformar sua vida profissional","potentialAction":[{"@type":"SearchAction","target":{"@type":"EntryPoint","urlTemplate":"https:\/\/www.ciadetalentos.com.br\/blog\/?s={search_term_string}"},"query-input":"required name=search_term_string"}],"inLanguage":"pt-BR"},{"@type":"Person","@id":"https:\/\/www.ciadetalentos.com.br\/blog\/#\/schema\/person\/5e613fdc3488b58fada3fa859dc11a06","name":"evelim","image":{"@type":"ImageObject","inLanguage":"pt-BR","@id":"https:\/\/www.ciadetalentos.com.br\/blog\/#\/schema\/person\/image\/","url":"https:\/\/secure.gravatar.com\/avatar\/58b12d0117be732ee2c193e7d6c05d79?s=96&d=mm&r=g","contentUrl":"https:\/\/secure.gravatar.com\/avatar\/58b12d0117be732ee2c193e7d6c05d79?s=96&d=mm&r=g","caption":"evelim"},"url":"https:\/\/www.ciadetalentos.com.br\/blog\/author\/evelim\/"}]}},"_links":{"self":[{"href":"https:\/\/www.ciadetalentos.com.br\/blog\/wp-json\/wp\/v2\/posts\/4128"}],"collection":[{"href":"https:\/\/www.ciadetalentos.com.br\/blog\/wp-json\/wp\/v2\/posts"}],"about":[{"href":"https:\/\/www.ciadetalentos.com.br\/blog\/wp-json\/wp\/v2\/types\/post"}],"author":[{"embeddable":true,"href":"https:\/\/www.ciadetalentos.com.br\/blog\/wp-json\/wp\/v2\/users\/24"}],"replies":[{"embeddable":true,"href":"https:\/\/www.ciadetalentos.com.br\/blog\/wp-json\/wp\/v2\/comments?post=4128"}],"version-history":[{"count":3,"href":"https:\/\/www.ciadetalentos.com.br\/blog\/wp-json\/wp\/v2\/posts\/4128\/revisions"}],"predecessor-version":[{"id":4235,"href":"https:\/\/www.ciadetalentos.com.br\/blog\/wp-json\/wp\/v2\/posts\/4128\/revisions\/4235"}],"wp:featuredmedia":[{"embeddable":true,"href":"https:\/\/www.ciadetalentos.com.br\/blog\/wp-json\/wp\/v2\/media\/4233"}],"wp:attachment":[{"href":"https:\/\/www.ciadetalentos.com.br\/blog\/wp-json\/wp\/v2\/media?parent=4128"}],"wp:term":[{"taxonomy":"category","embeddable":true,"href":"https:\/\/www.ciadetalentos.com.br\/blog\/wp-json\/wp\/v2\/categories?post=4128"},{"taxonomy":"post_tag","embeddable":true,"href":"https:\/\/www.ciadetalentos.com.br\/blog\/wp-json\/wp\/v2\/tags?post=4128"}],"curies":[{"name":"wp","href":"https:\/\/api.w.org\/{rel}","templated":true}]}}