{"id":4213,"date":"2022-01-04T12:39:24","date_gmt":"2022-01-04T15:39:24","guid":{"rendered":"https:\/\/www.ciadetalentos.com.br\/blog\/?p=4213"},"modified":"2022-01-04T12:39:24","modified_gmt":"2022-01-04T15:39:24","slug":"5-livros-para-ler-nessas-ferias","status":"publish","type":"post","link":"https:\/\/www.ciadetalentos.com.br\/blog\/5-livros-para-ler-nessas-ferias\/","title":{"rendered":"5 livros para ler nessas f\u00e9rias"},"content":{"rendered":"<p><span style=\"font-weight: 400;\">As f\u00e9rias s\u00e3o um \u00f3timo per\u00edodo para descansar, aproveitar a companhia da fam\u00edlia sem a loucura do dia a dia e fazer coisas que geralmente s\u00e3o mais dif\u00edceis quando o rel\u00f3gio parece correr mais do que a gente. Livros s\u00e3o um \u00f3timo exemplo!<\/span><\/p>\n<p><span style=\"font-weight: 400;\">A nossa proposta aqui \u00e9 incentivar voc\u00ea a ler nessas f\u00e9rias sobre pontos de vista que fogem do seu \u201chabitat\u201d, mas que ainda est\u00e3o (ou podem estar) relacionados ao seu mundo.<\/span><\/p>\n<p><span style=\"font-weight: 400;\">Embora seja prazeroso ler sobre temas que sejam do nosso interesse, \u00e9 preciso exercer o h\u00e1bito de conhecer vis\u00f5es e opini\u00f5es que s\u00e3o diferentes do nosso e que geralmente quebram padr\u00f5es.\u00a0<\/span><\/p>\n<p><span style=\"font-weight: 400;\">Esse exerc\u00edcio ajuda a conhecer outras realidades, a enxergar o mundo atrav\u00e9s dos olhos do outro, e assim, exercer a empatia. Al\u00e9m disso, abre-se uma porta para a transforma\u00e7\u00e3o e inova\u00e7\u00e3o.<\/span><\/p>\n<p><span style=\"font-weight: 400;\">Ent\u00e3o deixamos aqui, o nosso convite de cinco livros imperd\u00edveis para ler nessas f\u00e9rias para ampliar sua vis\u00e3o de mundo com leituras que levam a questionar estilos, comportamentos e posi\u00e7\u00f5es, mas sem ser tedioso, pelo contr\u00e1rio.<\/span><\/p>\n<p><span style=\"font-weight: 400;\">Pegue sua x\u00edcara de caf\u00e9 e boa leitura \ud83d\ude09<\/span><\/p>\n<h2><span style=\"font-weight: 400;\">Empreendedorismo para subversivos<\/span><\/h2>\n<blockquote><p><span style=\"font-weight: 400;\">Dinheiro em si n\u00e3o tem valor, n\u00e3o passa de uma conven\u00e7\u00e3o e recebe o valor que damos a ele: se convencion\u00e1ssemos que gr\u00e3os de milho ou tatus-bolas poderiam ser usados nas trocas econ\u00f4micas, cometer\u00edamos crimes para ter acesso a mais tatus-bolas. Obviamente \u00e9 cruel dar essa dimens\u00e3o ao dinheiro quando 90% da humanidade se engalfinham dia a dia para ter acesso a coisas que voc\u00ea e eu julgamos naturais: tr\u00eas refei\u00e7\u00f5es por dia, um banho quente e um teto sobre a cabe\u00e7a. Obviamente, o dinheiro \u00e9 necess\u00e1rio para termos uma vida com conforto o suficiente para que n\u00e3o tenhamos que pensar em dinheiro. Nada \u00e9 pior do que n\u00e3o ter dinheiro algum. Ficamos obcecados por ele em situa\u00e7\u00e3o de pen\u00faria.<\/span><\/p>\n<p>&nbsp;<\/p><\/blockquote>\n<p><span style=\"font-weight: 400;\">Talvez voc\u00ea n\u00e3o conhe\u00e7a o Facundo Guerra por nome, mas \u00e9 prov\u00e1vel que j\u00e1 tenha ido a algumas de suas \u201ccasas\u201d, como o Mirante 9 de Julho, Cine Joia, Bar dos Arcos ou o Z Carniceria. Se voc\u00ea for cringe, o Vegas Club pode ser familiar\u2026<\/span><\/p>\n<p><span style=\"font-weight: 400;\">Guerra \u00e9 conhecido como o rei da noite paulistana, e em seu livro, o empreendedorismo tradicional \u00e9 quebrado em mil peda\u00e7os, o seu amor por S\u00e3o Paulo nos resgata a paix\u00e3o pela cidade que nunca para e o vi\u00e9s pol\u00edtico com que faz neg\u00f3cios nos faz questionar sobre nosso estilo de vida e trabalho.<\/span><\/p>\n<p><span style=\"font-weight: 400;\">N\u00e3o espere um livro com receitas prontas sobre administra\u00e7\u00e3o, economia ou marketing &#8211; apesar desses assuntos serem abordados ao longo das p\u00e1ginas, mas espere por uma leitura apaixonante, com uma vis\u00e3o hol\u00edstica de cidadania e empreendedorismo e de quebra paradigmas.<\/span><\/p>\n<p><a href=\"https:\/\/www.amazon.com.br\/Empreendedorismo-Subversivos-Abrir-Neg%C3%B3cio-P%C3%B3s-Capitalismo\/dp\/8542211839\/ref=sr_1_3?__mk_pt_BR=%C3%85M%C3%85%C5%BD%C3%95%C3%91&amp;dchild=1&amp;keywords=Empreendedorismo+para+subversivos&amp;qid=1634841247&amp;s=books&amp;sr=1-3&amp;asin=B076B7622J&amp;revisionId=&amp;format=2&amp;depth=1\" target=\"_blank\" rel=\"noopener\"><span style=\"font-weight: 400;\">? Leia um trecho do livro aqui<\/span><\/a><span style=\"font-weight: 400;\">.<\/span><\/p>\n<p>&nbsp;<\/p>\n<h2><span style=\"font-weight: 400;\">O caminho do artista<\/span><\/h2>\n<blockquote><p><span style=\"font-weight: 400;\">\u00c0 medida que voc\u00ea vai se recuperando, tamb\u00e9m fica mais natural ter f\u00e9 em seu criador e no criador que existe dentro de si. Voc\u00ea aprender\u00e1 que, na verdade, \u00e9 mais f\u00e1cil escrever do que n\u00e3o escrever, pintar do que n\u00e3o pintar, e assim por diante. Voc\u00ea aprender\u00e1 a apreciar a canaliza\u00e7\u00e3o de energia criativa e deixar de lado a necessidade de controlar o resultado. Voc\u00ea descobrir\u00e1 a alegria de praticar a sua criatividade. O processo, n\u00e3o o produto, ir\u00e1 se tornar o seu foco.<\/span><\/p><\/blockquote>\n<p><span style=\"font-weight: 400;\"><br \/>\nConsiderado a b\u00edblia da criatividade, &#8220;O caminho do artista\u201d j\u00e1 vendeu mais de 4 milh\u00f5es de c\u00f3pias no mundo.<\/span><\/p>\n<p><span style=\"font-weight: 400;\">O livro re\u00fane uma s\u00e9rie de exerc\u00edcios, reflex\u00f5es e ferramentas para despertar a criatividade que mora em voc\u00ea e se distanciar dos bloqueios criativos. Afinal, todas as pessoas podem ser criativas, basta ter confian\u00e7a no processo &#8211; o livro tamb\u00e9m ensina sobre isso.<\/span><\/p>\n<p>? Trecho do livro n\u00e3o dispon\u00edvel, mas pode ser adquirido <a href=\"https:\/\/www.amazon.com.br\/caminho-do-artista-Julia-Cameron\/dp\/8543105544\" target=\"_blank\" rel=\"noopener\">aqui<\/a>.<\/p>\n<p>&nbsp;<\/p>\n<h2><span style=\"font-weight: 400;\">Pequeno manual antirracista<\/span><\/h2>\n<blockquote><p><i><span style=\"font-weight: 400;\">Pessoas brancas, por exemplo, devem questionar por que em um restaurante, muitas vezes, as \u00fanicas pessoas negras presentes est\u00e3o servindo mesas, ou se j\u00e1 foram consideradas suspeitas pela pol\u00edcia por causa de sua cor.<br \/>\n<\/span><\/i><i><span style=\"font-weight: 400;\">(&#8230;) A branquitude tamb\u00e9m \u00e9 um tra\u00e7o identit\u00e1rio, por\u00e9m marcado por privil\u00e9gios constru\u00eddos a partir da opress\u00e3o de outros grupos.<\/span><\/i><\/p><\/blockquote>\n<p><span style=\"font-weight: 400;\"><br \/>\nNos \u00faltimos anos, Djamila Ribeiro se tornou uma das principais vozes no combate ao racismo e feminismo (inclusive o feminismo negro). Fil\u00f3sofa, e com um trabalho que transcende a academia, Djamila \u00e9 presen\u00e7a constante em debates sobre os movimentos das mulheres e na luta por diversidade.<\/span><\/p>\n<p><span style=\"font-weight: 400;\">O \u201cPequeno manual antirracista\u201d se prop\u00f5e ao que veio: pequeno, mas grande em reflex\u00f5es e questionamentos sobre como o racismo permanece at\u00e9 os dias de hoje.<\/span><\/p>\n<p><span style=\"font-weight: 400;\">O livro traz as origens do racismo e mostra como combater atrav\u00e9s de caminhos que levam a se aprofundar sobre discrimina\u00e7\u00f5es racistas estruturais e assumir a responsabilidade pela transforma\u00e7\u00e3o do estado das coisas.<\/span><\/p>\n<p><a href=\"https:\/\/www.amazon.com.br\/Pequeno-manual-antirracista-Djamila-Ribeiro\/dp\/8535932879?asin=B07Z57RYK2&amp;revisionId=&amp;format=2&amp;depth=1\" target=\"_blank\" rel=\"noopener\"><span style=\"font-weight: 400;\">? Leia um trecho do livro aqui<\/span><\/a><span style=\"font-weight: 400;\">.<\/span><\/p>\n<p>&nbsp;<\/p>\n<h2><span style=\"font-weight: 400;\">O trabalho n\u00e3o precisa ser uma loucura<\/span><\/h2>\n<blockquote><p><i><span style=\"font-weight: 400;\">Para muitos, a loucura do trabalho acabou se tornando algo normal.<\/span><\/i><\/p>\n<p>&nbsp;<\/p><\/blockquote>\n<p><span style=\"font-weight: 400;\">Provavelmente voc\u00ea se identificou com essa frase, afinal, essa \u00e9 a realidade da maioria das pessoas.<\/span><\/p>\n<p><span style=\"font-weight: 400;\">\u201cO trabalho n\u00e3o precisa ser uma loucura\u201d traz a din\u00e2mica de trabalho do dia a dia e os pontos de vista sobre o neg\u00f3cio dos fundadores do Basecamp.<\/span><\/p>\n<p><span style=\"font-weight: 400;\">O livro \u00e9 repleto de exemplos que s\u00e3o praticados na empresa e que favorecem a produtividade, rentabilidade e bem estar dos funcion\u00e1rios do Basecamp &#8211; nem todos os exemplos e dicas podem ser vi\u00e1veis a outros neg\u00f3cios.<\/span><\/p>\n<p><span style=\"font-weight: 400;\">No entanto, se voc\u00ea \u00e9 ou quer ser um bom gestor, vale a pena a leitura, pois com certeza trar\u00e1 insights que podem ser adaptados e praticados na sua maneira de liderar.\u00a0<\/span><\/p>\n<p><a href=\"https:\/\/www.amazon.com.br\/trabalho-n%C3%A3o-precisa-ser-loucura-ebook\/dp\/B085LTHVQS\/ref=sr_1_1?__mk_pt_BR=%C3%85M%C3%85%C5%BD%C3%95%C3%91&amp;dchild=1&amp;keywords=O+trabalho+n%C3%A3o+precisa+ser+uma+loucura&amp;qid=1634841325&amp;s=books&amp;sr=1-1&amp;asin=B085LTHVQS&amp;revisionId=&amp;format=2&amp;depth=1\" target=\"_blank\" rel=\"noopener\"><span style=\"font-weight: 400;\">? Leia um trecho do livro aqui<\/span><\/a><span style=\"font-weight: 400;\">.<\/span><\/p>\n<p>&nbsp;<\/p>\n<h2><span style=\"font-weight: 400;\">Por que amamos cachorros, comemos porcos e vestimos vacas<\/span><\/h2>\n<blockquote><p><i><span style=\"font-weight: 400;\">Por que amamos tanto nossos companheiros animais, animais que chamamos de \u2018estima\u00e7\u00e3o\u2019, extraindo um grande e profundo sentido humano dessas rela\u00e7\u00f5es, mas de repente mudamos de atitude, chamamos outros animais de \u2018jantar\u2019 e, gra\u00e7as a essa distin\u00e7\u00e3o sem\u00e2ntica, sentimo-nos no direito de tratar esses animais da forma mais cruel poss\u00edvel, desde que isso reduza o pre\u00e7o por quilo?<\/span><\/i><\/p><\/blockquote>\n<p>&nbsp;<\/p>\n<p><span style=\"font-weight: 400;\">Melanie Joy traz uma completa investiga\u00e7\u00e3o que envolveu pesquisas, entrevistas e outras fontes, e nos revela os motivos que nos levam a comer certos animais enquanto jamais sonhamos em comer outros.<\/span><\/p>\n<p><span style=\"font-weight: 400;\">\u00c9 um<\/span><b> livro obrigat\u00f3rio a qualquer pessoa que consome ou n\u00e3o animais<\/b><span style=\"font-weight: 400;\"> &#8211; e se voc\u00ea consome, seja pela alimenta\u00e7\u00e3o, roupas, produtos de higiene e maquiagem, dentre outros; a leitura se torna ainda mais relevante. Afinal, voc\u00ea deve saber exatamente o que est\u00e1 consumindo.\u00a0<\/span><\/p>\n<p><a href=\"https:\/\/www.amazon.com.br\/Amamos-Cachorros-Comemos-Porcos-Vestimos\/dp\/8531612578\/ref=sr_1_1?__mk_pt_BR=%C3%85M%C3%85%C5%BD%C3%95%C3%91&amp;dchild=1&amp;keywords=Por+que+amamos+cachorros%2C+comemos+porcos+e+vestimos+vacas&amp;qid=1634841299&amp;s=books&amp;sr=1-1&amp;asin=B00ZUWTLLC&amp;revisionId=&amp;format=2&amp;depth=1\" target=\"_blank\" rel=\"noopener\"><span style=\"font-weight: 400;\">? Leia um trecho do livro aqui<\/span><\/a><span style=\"font-weight: 400;\">.<\/span><\/p>\n<p>E que tal alternar as leituras com alguns<a href=\"https:\/\/www.ciadetalentos.com.br\/blog\/filmes-sobre-autoconhecimento\/\"> livros sobre autoconhecimento?<\/a><\/p>\n<p><span style=\"font-weight: 400;\">Estamos curiosos: qual ser\u00e1 o pr\u00f3ximo livro nessas f\u00e9rias? Conta pra gente nos coment\u00e1rios.<\/span><\/p>\n","protected":false},"excerpt":{"rendered":"<p>As f\u00e9rias s\u00e3o um \u00f3timo per\u00edodo para descansar, aproveitar a companhia da fam\u00edlia sem&hellip;<\/p>\n","protected":false},"author":25,"featured_media":4271,"comment_status":"open","ping_status":"open","sticky":false,"template":"","format":"standard","meta":{"footnotes":""},"categories":[24,25],"tags":[807,805],"yoast_head":"<!-- This site is optimized with the Yoast SEO plugin v22.5 - https:\/\/yoast.com\/wordpress\/plugins\/seo\/ -->\n<title>5 livros para ler nessas f\u00e9rias - Blog Cia de Talentos<\/title>\n<meta name=\"description\" content=\"As f\u00e9rias s\u00e3o um \u00f3timo per\u00edodo para descansar, aproveitar a companhia da fam\u00edlia sem a loucura do dia a dia e ler novos livros!\" \/>\n<meta name=\"robots\" content=\"index, follow, max-snippet:-1, max-image-preview:large, max-video-preview:-1\" \/>\n<link rel=\"canonical\" href=\"https:\/\/www.ciadetalentos.com.br\/blog\/5-livros-para-ler-nessas-ferias\/\" \/>\n<meta property=\"og:locale\" content=\"pt_BR\" \/>\n<meta property=\"og:type\" content=\"article\" \/>\n<meta property=\"og:title\" content=\"5 livros para ler nessas f\u00e9rias - Blog Cia de Talentos\" \/>\n<meta property=\"og:description\" content=\"As f\u00e9rias s\u00e3o um \u00f3timo per\u00edodo para descansar, aproveitar a companhia da fam\u00edlia sem a loucura do dia a dia e ler novos livros!\" \/>\n<meta property=\"og:url\" content=\"https:\/\/www.ciadetalentos.com.br\/blog\/5-livros-para-ler-nessas-ferias\/\" \/>\n<meta property=\"og:site_name\" content=\"Blog Cia de Talentos\" \/>\n<meta property=\"article:published_time\" content=\"2022-01-04T15:39:24+00:00\" \/>\n<meta property=\"og:image\" content=\"https:\/\/www.ciadetalentos.com.br\/blog\/wp-content\/uploads\/sites\/7\/2021\/10\/Capa.png\" \/>\n\t<meta property=\"og:image:width\" content=\"720\" \/>\n\t<meta property=\"og:image:height\" content=\"542\" \/>\n\t<meta property=\"og:image:type\" content=\"image\/png\" \/>\n<meta name=\"author\" content=\"larissaflorindo\" \/>\n<meta name=\"twitter:card\" content=\"summary_large_image\" \/>\n<meta name=\"twitter:label1\" content=\"Escrito por\" \/>\n\t<meta name=\"twitter:data1\" content=\"larissaflorindo\" \/>\n\t<meta name=\"twitter:label2\" content=\"Est. tempo de leitura\" \/>\n\t<meta name=\"twitter:data2\" content=\"5 minutos\" \/>\n<script type=\"application\/ld+json\" class=\"yoast-schema-graph\">{\"@context\":\"https:\/\/schema.org\",\"@graph\":[{\"@type\":\"WebPage\",\"@id\":\"https:\/\/www.ciadetalentos.com.br\/blog\/5-livros-para-ler-nessas-ferias\/\",\"url\":\"https:\/\/www.ciadetalentos.com.br\/blog\/5-livros-para-ler-nessas-ferias\/\",\"name\":\"5 livros para ler nessas f\u00e9rias - Blog Cia de Talentos\",\"isPartOf\":{\"@id\":\"https:\/\/www.ciadetalentos.com.br\/blog\/#website\"},\"primaryImageOfPage\":{\"@id\":\"https:\/\/www.ciadetalentos.com.br\/blog\/5-livros-para-ler-nessas-ferias\/#primaryimage\"},\"image\":{\"@id\":\"https:\/\/www.ciadetalentos.com.br\/blog\/5-livros-para-ler-nessas-ferias\/#primaryimage\"},\"thumbnailUrl\":\"https:\/\/www.ciadetalentos.com.br\/blog\/wp-content\/uploads\/sites\/7\/2021\/10\/Capa.png\",\"datePublished\":\"2022-01-04T15:39:24+00:00\",\"dateModified\":\"2022-01-04T15:39:24+00:00\",\"author\":{\"@id\":\"https:\/\/www.ciadetalentos.com.br\/blog\/#\/schema\/person\/9323b687c5ed195048aabc112302d735\"},\"description\":\"As f\u00e9rias s\u00e3o um \u00f3timo per\u00edodo para descansar, aproveitar a companhia da fam\u00edlia sem a loucura do dia a dia e ler novos livros!\",\"breadcrumb\":{\"@id\":\"https:\/\/www.ciadetalentos.com.br\/blog\/5-livros-para-ler-nessas-ferias\/#breadcrumb\"},\"inLanguage\":\"pt-BR\",\"potentialAction\":[{\"@type\":\"ReadAction\",\"target\":[\"https:\/\/www.ciadetalentos.com.br\/blog\/5-livros-para-ler-nessas-ferias\/\"]}]},{\"@type\":\"ImageObject\",\"inLanguage\":\"pt-BR\",\"@id\":\"https:\/\/www.ciadetalentos.com.br\/blog\/5-livros-para-ler-nessas-ferias\/#primaryimage\",\"url\":\"https:\/\/www.ciadetalentos.com.br\/blog\/wp-content\/uploads\/sites\/7\/2021\/10\/Capa.png\",\"contentUrl\":\"https:\/\/www.ciadetalentos.com.br\/blog\/wp-content\/uploads\/sites\/7\/2021\/10\/Capa.png\",\"width\":720,\"height\":542,\"caption\":\"ferias_livro\"},{\"@type\":\"BreadcrumbList\",\"@id\":\"https:\/\/www.ciadetalentos.com.br\/blog\/5-livros-para-ler-nessas-ferias\/#breadcrumb\",\"itemListElement\":[{\"@type\":\"ListItem\",\"position\":1,\"name\":\"Home\",\"item\":\"https:\/\/www.ciadetalentos.com.br\/blog\/\"},{\"@type\":\"ListItem\",\"position\":2,\"name\":\"5 livros para ler nessas f\u00e9rias\"}]},{\"@type\":\"WebSite\",\"@id\":\"https:\/\/www.ciadetalentos.com.br\/blog\/#website\",\"url\":\"https:\/\/www.ciadetalentos.com.br\/blog\/\",\"name\":\"Blog Cia de Talentos\",\"description\":\"Descubra tudo o que voc\u00ea precisa para desenvolver carreiras e transformar sua vida profissional\",\"potentialAction\":[{\"@type\":\"SearchAction\",\"target\":{\"@type\":\"EntryPoint\",\"urlTemplate\":\"https:\/\/www.ciadetalentos.com.br\/blog\/?s={search_term_string}\"},\"query-input\":\"required name=search_term_string\"}],\"inLanguage\":\"pt-BR\"},{\"@type\":\"Person\",\"@id\":\"https:\/\/www.ciadetalentos.com.br\/blog\/#\/schema\/person\/9323b687c5ed195048aabc112302d735\",\"name\":\"larissaflorindo\",\"image\":{\"@type\":\"ImageObject\",\"inLanguage\":\"pt-BR\",\"@id\":\"https:\/\/www.ciadetalentos.com.br\/blog\/#\/schema\/person\/image\/\",\"url\":\"https:\/\/secure.gravatar.com\/avatar\/ddd4094417a8ac3290e3b005c3688d47?s=96&d=mm&r=g\",\"contentUrl\":\"https:\/\/secure.gravatar.com\/avatar\/ddd4094417a8ac3290e3b005c3688d47?s=96&d=mm&r=g\",\"caption\":\"larissaflorindo\"},\"url\":\"https:\/\/www.ciadetalentos.com.br\/blog\/author\/larissaflorindo\/\"}]}<\/script>\n<!-- \/ Yoast SEO plugin. -->","yoast_head_json":{"title":"5 livros para ler nessas f\u00e9rias - Blog Cia de Talentos","description":"As f\u00e9rias s\u00e3o um \u00f3timo per\u00edodo para descansar, aproveitar a companhia da fam\u00edlia sem a loucura do dia a dia e ler novos livros!","robots":{"index":"index","follow":"follow","max-snippet":"max-snippet:-1","max-image-preview":"max-image-preview:large","max-video-preview":"max-video-preview:-1"},"canonical":"https:\/\/www.ciadetalentos.com.br\/blog\/5-livros-para-ler-nessas-ferias\/","og_locale":"pt_BR","og_type":"article","og_title":"5 livros para ler nessas f\u00e9rias - Blog Cia de Talentos","og_description":"As f\u00e9rias s\u00e3o um \u00f3timo per\u00edodo para descansar, aproveitar a companhia da fam\u00edlia sem a loucura do dia a dia e ler novos livros!","og_url":"https:\/\/www.ciadetalentos.com.br\/blog\/5-livros-para-ler-nessas-ferias\/","og_site_name":"Blog Cia de Talentos","article_published_time":"2022-01-04T15:39:24+00:00","og_image":[{"width":720,"height":542,"url":"https:\/\/www.ciadetalentos.com.br\/blog\/wp-content\/uploads\/sites\/7\/2021\/10\/Capa.png","type":"image\/png"}],"author":"larissaflorindo","twitter_card":"summary_large_image","twitter_misc":{"Escrito por":"larissaflorindo","Est. tempo de leitura":"5 minutos"},"schema":{"@context":"https:\/\/schema.org","@graph":[{"@type":"WebPage","@id":"https:\/\/www.ciadetalentos.com.br\/blog\/5-livros-para-ler-nessas-ferias\/","url":"https:\/\/www.ciadetalentos.com.br\/blog\/5-livros-para-ler-nessas-ferias\/","name":"5 livros para ler nessas f\u00e9rias - Blog Cia de Talentos","isPartOf":{"@id":"https:\/\/www.ciadetalentos.com.br\/blog\/#website"},"primaryImageOfPage":{"@id":"https:\/\/www.ciadetalentos.com.br\/blog\/5-livros-para-ler-nessas-ferias\/#primaryimage"},"image":{"@id":"https:\/\/www.ciadetalentos.com.br\/blog\/5-livros-para-ler-nessas-ferias\/#primaryimage"},"thumbnailUrl":"https:\/\/www.ciadetalentos.com.br\/blog\/wp-content\/uploads\/sites\/7\/2021\/10\/Capa.png","datePublished":"2022-01-04T15:39:24+00:00","dateModified":"2022-01-04T15:39:24+00:00","author":{"@id":"https:\/\/www.ciadetalentos.com.br\/blog\/#\/schema\/person\/9323b687c5ed195048aabc112302d735"},"description":"As f\u00e9rias s\u00e3o um \u00f3timo per\u00edodo para descansar, aproveitar a companhia da fam\u00edlia sem a loucura do dia a dia e ler novos livros!","breadcrumb":{"@id":"https:\/\/www.ciadetalentos.com.br\/blog\/5-livros-para-ler-nessas-ferias\/#breadcrumb"},"inLanguage":"pt-BR","potentialAction":[{"@type":"ReadAction","target":["https:\/\/www.ciadetalentos.com.br\/blog\/5-livros-para-ler-nessas-ferias\/"]}]},{"@type":"ImageObject","inLanguage":"pt-BR","@id":"https:\/\/www.ciadetalentos.com.br\/blog\/5-livros-para-ler-nessas-ferias\/#primaryimage","url":"https:\/\/www.ciadetalentos.com.br\/blog\/wp-content\/uploads\/sites\/7\/2021\/10\/Capa.png","contentUrl":"https:\/\/www.ciadetalentos.com.br\/blog\/wp-content\/uploads\/sites\/7\/2021\/10\/Capa.png","width":720,"height":542,"caption":"ferias_livro"},{"@type":"BreadcrumbList","@id":"https:\/\/www.ciadetalentos.com.br\/blog\/5-livros-para-ler-nessas-ferias\/#breadcrumb","itemListElement":[{"@type":"ListItem","position":1,"name":"Home","item":"https:\/\/www.ciadetalentos.com.br\/blog\/"},{"@type":"ListItem","position":2,"name":"5 livros para ler nessas f\u00e9rias"}]},{"@type":"WebSite","@id":"https:\/\/www.ciadetalentos.com.br\/blog\/#website","url":"https:\/\/www.ciadetalentos.com.br\/blog\/","name":"Blog Cia de Talentos","description":"Descubra tudo o que voc\u00ea precisa para desenvolver carreiras e transformar sua vida profissional","potentialAction":[{"@type":"SearchAction","target":{"@type":"EntryPoint","urlTemplate":"https:\/\/www.ciadetalentos.com.br\/blog\/?s={search_term_string}"},"query-input":"required name=search_term_string"}],"inLanguage":"pt-BR"},{"@type":"Person","@id":"https:\/\/www.ciadetalentos.com.br\/blog\/#\/schema\/person\/9323b687c5ed195048aabc112302d735","name":"larissaflorindo","image":{"@type":"ImageObject","inLanguage":"pt-BR","@id":"https:\/\/www.ciadetalentos.com.br\/blog\/#\/schema\/person\/image\/","url":"https:\/\/secure.gravatar.com\/avatar\/ddd4094417a8ac3290e3b005c3688d47?s=96&d=mm&r=g","contentUrl":"https:\/\/secure.gravatar.com\/avatar\/ddd4094417a8ac3290e3b005c3688d47?s=96&d=mm&r=g","caption":"larissaflorindo"},"url":"https:\/\/www.ciadetalentos.com.br\/blog\/author\/larissaflorindo\/"}]}},"_links":{"self":[{"href":"https:\/\/www.ciadetalentos.com.br\/blog\/wp-json\/wp\/v2\/posts\/4213"}],"collection":[{"href":"https:\/\/www.ciadetalentos.com.br\/blog\/wp-json\/wp\/v2\/posts"}],"about":[{"href":"https:\/\/www.ciadetalentos.com.br\/blog\/wp-json\/wp\/v2\/types\/post"}],"author":[{"embeddable":true,"href":"https:\/\/www.ciadetalentos.com.br\/blog\/wp-json\/wp\/v2\/users\/25"}],"replies":[{"embeddable":true,"href":"https:\/\/www.ciadetalentos.com.br\/blog\/wp-json\/wp\/v2\/comments?post=4213"}],"version-history":[{"count":4,"href":"https:\/\/www.ciadetalentos.com.br\/blog\/wp-json\/wp\/v2\/posts\/4213\/revisions"}],"predecessor-version":[{"id":4273,"href":"https:\/\/www.ciadetalentos.com.br\/blog\/wp-json\/wp\/v2\/posts\/4213\/revisions\/4273"}],"wp:featuredmedia":[{"embeddable":true,"href":"https:\/\/www.ciadetalentos.com.br\/blog\/wp-json\/wp\/v2\/media\/4271"}],"wp:attachment":[{"href":"https:\/\/www.ciadetalentos.com.br\/blog\/wp-json\/wp\/v2\/media?parent=4213"}],"wp:term":[{"taxonomy":"category","embeddable":true,"href":"https:\/\/www.ciadetalentos.com.br\/blog\/wp-json\/wp\/v2\/categories?post=4213"},{"taxonomy":"post_tag","embeddable":true,"href":"https:\/\/www.ciadetalentos.com.br\/blog\/wp-json\/wp\/v2\/tags?post=4213"}],"curies":[{"name":"wp","href":"https:\/\/api.w.org\/{rel}","templated":true}]}}