{"id":4241,"date":"2022-02-02T16:04:39","date_gmt":"2022-02-02T19:04:39","guid":{"rendered":"https:\/\/www.ciadetalentos.com.br\/blog\/?p=4241"},"modified":"2024-06-14T13:44:43","modified_gmt":"2024-06-14T16:44:43","slug":"como-conciliar-estagio-e-faculdade","status":"publish","type":"post","link":"https:\/\/www.ciadetalentos.com.br\/blog\/como-conciliar-estagio-e-faculdade\/","title":{"rendered":"Como conciliar est\u00e1gio e faculdade?"},"content":{"rendered":"<p><span style=\"font-weight: 400\">Basicamente ser multitarefa \u00e9 fazer v\u00e1rias coisas ao mesmo tempo, e de uns anos pra c\u00e1, ser multitarefa se tornou uma habilidade que muitas pessoas se vangloriam em ter e que para algumas empresas, pode ser vista com brilho nos olhos.<\/span><\/p>\n<p><span style=\"font-weight: 400\">No entanto, precisamos dizer que ser multitarefa no dia a dia, nunca ser\u00e1 o melhor dos mundos. Fazer v\u00e1rias coisas ao mesmo tempo n\u00e3o significa que elas est\u00e3o sendo executadas da melhor maneira e o resultado pode deixar a desejar.<\/span><\/p>\n<p><span style=\"font-weight: 400\">E \u00e9 a\u00ed que entra a quest\u00e3o de prioridade e saber conciliar. Ter uma rotina de est\u00e1gio e faculdade pode n\u00e3o ser f\u00e1cil, e talvez, at\u00e9 para \u201cotimizar\u201d o tempo, h\u00e1 quem tente fazer tudo ao mesmo tempo, caindo na frustra\u00e7\u00e3o por n\u00e3o conseguir.<\/span><\/p>\n<p><span style=\"font-weight: 400\">Continue a leitura, porque vamos te ensinar a sair dessa cilada de \u201cfa\u00e7a tudo ao mesmo tempo\u201d para ter mais qualidade de vida enquanto concilia o est\u00e1gio e a faculdade.<\/span><\/p>\n<h2><span style=\"font-weight: 400\">Conciliando est\u00e1gio e faculdade de um jeito saud\u00e1vel<\/span><\/h2>\n<p><span style=\"font-weight: 400\">As pr\u00f3ximas dicas podem n\u00e3o ser 100% aplic\u00e1veis em todas as realidades, mas podem ser adaptadas para a que voc\u00ea vive. Dito isso, aprenda a como conciliar est\u00e1gio e faculdade sem enlouquecer.<\/span><\/p>\n<h3><span style=\"font-weight: 400\">1 &#8211; Adapte a sua rotina<\/span><\/h3>\n<p><span style=\"font-weight: 400\">Apesar de um dia ou outro as coisas n\u00e3o sa\u00edrem como previstas, de um modo geral, vivemos uma rotina. Costumamos ter os mesmos compromissos e fazer as refei\u00e7\u00f5es em quase os mesmos hor\u00e1rios.<\/span><\/p>\n<p><span style=\"font-weight: 400\">Ciente disso, \u00e9 importante rever compromissos e tarefas do dia a dia para saber se \u00e9 poss\u00edvel otimiz\u00e1-los para se ganhar tempo. Por exemplo: n\u00e3o d\u00e1 tempo de cozinhar todos os dias? Ent\u00e3o, porque n\u00e3o preparar a comida no fim de semana e deixar v\u00e1rias marmitas prontas para o dia a dia? Assim, voc\u00ea ganha mais tempo.<\/span><\/p>\n<p><span style=\"font-weight: 400\">Entenda que ser\u00e1 necess\u00e1rio abrir m\u00e3o de uma coisa ou outra\u00a0 para conciliar o est\u00e1gio e a faculdade, mas mantenha aquilo que te faz bem e adapte a sua rotina para a sua realidade.<\/span><\/p>\n<h3><span style=\"font-weight: 400\">2 &#8211; Saiba priorizar atividades do est\u00e1gio e da faculdade<\/span><\/h3>\n<p><span style=\"font-weight: 400\">Nem todas as tarefas e compromissos s\u00e3o prioridades e precisam ser realizados no mesmo dia. Dar prioridade para as coisas \u00e9 uma maneira sadia de focar no que importa e administrar melhor o tempo.<\/span><\/p>\n<p><span style=\"font-weight: 400\">Por exemplo, a <a href=\"https:\/\/www.ciadetalentos.com.br\/blog\/?s=sa%C3%BAde\">sa\u00fade<\/a> deve ser uma prioridade para voc\u00ea. Ent\u00e3o, abrir m\u00e3o do sono para ir ao bar ap\u00f3s a faculdade e ter que encarar o est\u00e1gio no dia seguinte \u00e9 algo a se ponderar.\u00a0<\/span><\/p>\n<h3><span style=\"font-weight: 400\">3 &#8211; Sua sa\u00fade sempre em primeiro lugar<\/span><\/h3>\n<p><span style=\"font-weight: 400\">Falando em sa\u00fade, como anda a sua? Porque, se voc\u00ea quer conciliar est\u00e1gio e faculdade e fazer as demais coisas, voc\u00ea precisa estar bem.\u00a0<\/span><\/p>\n<p><span style=\"font-weight: 400\">Cuidar da sa\u00fade \u00e9 muito mais do que ir ao m\u00e9dico uma vez ao ano. \u00c9 sobre preven\u00e7\u00e3o e nutri\u00e7\u00e3o &#8211; e a nutri\u00e7\u00e3o aqui n\u00e3o \u00e9 alimenta\u00e7\u00e3o.<\/span><\/p>\n<p><span style=\"font-weight: 400\">O seu corpo \u00e9 o seu templo e isso n\u00e3o \u00e9 um lema para voc\u00ea virar aquela pessoa adepta da academia, que s\u00f3 come batata doce e frango para manter um corpo magro ou forte &#8211; isso \u00e9 vaidade. Sa\u00fade tem a ver com comer aquilo que nutre o corpo, a mente e a alma.<br \/>\n<\/span><span style=\"font-weight: 400\"><br \/>\n<\/span><span style=\"font-weight: 400\">Sa\u00fade tamb\u00e9m tem a ver com uma boa noite de sono, em se cercar de boas e s\u00e1bias pessoas por perto e investir o tempo naquilo que te faz feliz e que mant\u00e9m o seu corpo em movimento.<\/span><\/p>\n<p><span style=\"font-weight: 400\">Pense nisso e reveja como voc\u00ea est\u00e1 lidando com a sua sa\u00fade.<\/span><\/p>\n<h3><span style=\"font-weight: 400\">4 &#8211; Fa\u00e7a um bom planejamento<\/span><\/h3>\n<p><span style=\"font-weight: 400\">Um bom planejamento \u00e9 a melhor forma de evitar imprevistos &#8211; n\u00e3o que eles n\u00e3o aconte\u00e7am, mas se voc\u00ea se planejar, voc\u00ea saber\u00e1 o que fazer nesses casos.<\/span><\/p>\n<p><span style=\"font-weight: 400\">Al\u00e9m disso, ele tamb\u00e9m serve para distribuir melhor as horas das tarefas e compromissos que precisa executar. Apesar do est\u00e1gio ser importante, o estudo ainda \u00e9 fundamental.<\/span><\/p>\n<h3><span style=\"font-weight: 400\">5 &#8211; Crie uma rotina de estudo<\/span><\/h3>\n<p><span style=\"font-weight: 400\">Se voc\u00ea estudar um pouco todos os dias da semana, talvez voc\u00ea tenha que se dedicar menos no fim de semana ou nem estudar nesses dias e, ainda, aproveitar o tempo para fazer outras coisas. O que \u00e9 bem melhor do que ter que maratonar os estudos, porque n\u00e3o soube dosar um pouco no dia a dia.\u00a0<\/span><\/p>\n<p><span style=\"font-weight: 400\">\u00c9 claro que, se a sua rotina impede voc\u00ea de estudar durante a semana e o final de semana for a \u00fanica sa\u00edda, est\u00e1 tudo bem.\u00a0<\/span><\/p>\n<p><span style=\"font-weight: 400\">O importante aqui \u00e9 manter uma rotina e a disciplina para n\u00e3o deixar os estudos de lado.<\/span><\/p>\n<p><span style=\"font-weight: 400\">Tenha em mente que \u00e9 necess\u00e1rio estabelecer limites e, principalmente, respeitar o seu corpo. Entenda que conciliar est\u00e1gio e faculdade \u00e9 uma fase, e assim como tudo na vida vai passar. E quando passar, voc\u00ea ter\u00e1 mais tempo para fazer as coisas que ama com mais calma e dedica\u00e7\u00e3o.<\/span><\/p>\n<p><span style=\"font-weight: 400\">Conciliar est\u00e1gio e faculdade, principalmente em per\u00edodos de provas e trabalhos \u00e9 um desafio, mas com organiza\u00e7\u00e3o \u00e9 poss\u00edvel sobreviver. Com as dicas acima, voc\u00ea j\u00e1 pode pegar papel e caneta e come\u00e7ar a planejar uma rotina melhor \ud83d\ude42<\/span><\/p>\n<p><span style=\"font-weight: 400\">Mas lembre-se: n\u00e3o abra m\u00e3o das coisas que realmente importam nesse momento: sua sa\u00fade, seu bem estar e seus estudos.<\/span><\/p>\n","protected":false},"excerpt":{"rendered":"<p>Basicamente ser multitarefa \u00e9 fazer v\u00e1rias coisas ao mesmo tempo, e de uns anos&hellip;<\/p>\n","protected":false},"author":25,"featured_media":4298,"comment_status":"open","ping_status":"open","sticky":false,"template":"","format":"standard","meta":{"footnotes":""},"categories":[20,23],"tags":[58,204],"yoast_head":"<!-- This site is optimized with the Yoast SEO plugin v22.5 - https:\/\/yoast.com\/wordpress\/plugins\/seo\/ -->\n<title>Como conciliar est\u00e1gio e faculdade? - Blog Cia de Talentos<\/title>\n<meta name=\"description\" content=\"Conciliar est\u00e1gio e faculdade, principalmente em per\u00edodos de provas e trabalhos \u00e9 um desafio, mas com organiza\u00e7\u00e3o \u00e9 poss\u00edvel sobreviver.\" \/>\n<meta name=\"robots\" content=\"index, follow, max-snippet:-1, max-image-preview:large, max-video-preview:-1\" \/>\n<link rel=\"canonical\" href=\"https:\/\/www.ciadetalentos.com.br\/blog\/como-conciliar-estagio-e-faculdade\/\" \/>\n<meta property=\"og:locale\" content=\"pt_BR\" \/>\n<meta property=\"og:type\" content=\"article\" \/>\n<meta property=\"og:title\" content=\"Como conciliar est\u00e1gio e faculdade? - Blog Cia de Talentos\" \/>\n<meta property=\"og:description\" content=\"Conciliar est\u00e1gio e faculdade, principalmente em per\u00edodos de provas e trabalhos \u00e9 um desafio, mas com organiza\u00e7\u00e3o \u00e9 poss\u00edvel sobreviver.\" \/>\n<meta property=\"og:url\" content=\"https:\/\/www.ciadetalentos.com.br\/blog\/como-conciliar-estagio-e-faculdade\/\" \/>\n<meta property=\"og:site_name\" content=\"Blog Cia de Talentos\" \/>\n<meta property=\"article:published_time\" content=\"2022-02-02T19:04:39+00:00\" \/>\n<meta property=\"article:modified_time\" content=\"2024-06-14T16:44:43+00:00\" \/>\n<meta property=\"og:image\" content=\"https:\/\/www.ciadetalentos.com.br\/blog\/wp-content\/uploads\/sites\/7\/2022\/01\/Capa-12.png\" \/>\n\t<meta property=\"og:image:width\" content=\"720\" \/>\n\t<meta property=\"og:image:height\" content=\"542\" \/>\n\t<meta property=\"og:image:type\" content=\"image\/png\" \/>\n<meta name=\"author\" content=\"larissaflorindo\" \/>\n<meta name=\"twitter:card\" content=\"summary_large_image\" \/>\n<meta name=\"twitter:label1\" content=\"Escrito por\" \/>\n\t<meta name=\"twitter:data1\" content=\"larissaflorindo\" \/>\n\t<meta name=\"twitter:label2\" content=\"Est. tempo de leitura\" \/>\n\t<meta name=\"twitter:data2\" content=\"5 minutos\" \/>\n<script type=\"application\/ld+json\" class=\"yoast-schema-graph\">{\"@context\":\"https:\/\/schema.org\",\"@graph\":[{\"@type\":\"WebPage\",\"@id\":\"https:\/\/www.ciadetalentos.com.br\/blog\/como-conciliar-estagio-e-faculdade\/\",\"url\":\"https:\/\/www.ciadetalentos.com.br\/blog\/como-conciliar-estagio-e-faculdade\/\",\"name\":\"Como conciliar est\u00e1gio e faculdade? - Blog Cia de Talentos\",\"isPartOf\":{\"@id\":\"https:\/\/www.ciadetalentos.com.br\/blog\/#website\"},\"primaryImageOfPage\":{\"@id\":\"https:\/\/www.ciadetalentos.com.br\/blog\/como-conciliar-estagio-e-faculdade\/#primaryimage\"},\"image\":{\"@id\":\"https:\/\/www.ciadetalentos.com.br\/blog\/como-conciliar-estagio-e-faculdade\/#primaryimage\"},\"thumbnailUrl\":\"https:\/\/www.ciadetalentos.com.br\/blog\/wp-content\/uploads\/sites\/7\/2022\/01\/Capa-12.png\",\"datePublished\":\"2022-02-02T19:04:39+00:00\",\"dateModified\":\"2024-06-14T16:44:43+00:00\",\"author\":{\"@id\":\"https:\/\/www.ciadetalentos.com.br\/blog\/#\/schema\/person\/9323b687c5ed195048aabc112302d735\"},\"description\":\"Conciliar est\u00e1gio e faculdade, principalmente em per\u00edodos de provas e trabalhos \u00e9 um desafio, mas com organiza\u00e7\u00e3o \u00e9 poss\u00edvel sobreviver.\",\"breadcrumb\":{\"@id\":\"https:\/\/www.ciadetalentos.com.br\/blog\/como-conciliar-estagio-e-faculdade\/#breadcrumb\"},\"inLanguage\":\"pt-BR\",\"potentialAction\":[{\"@type\":\"ReadAction\",\"target\":[\"https:\/\/www.ciadetalentos.com.br\/blog\/como-conciliar-estagio-e-faculdade\/\"]}]},{\"@type\":\"ImageObject\",\"inLanguage\":\"pt-BR\",\"@id\":\"https:\/\/www.ciadetalentos.com.br\/blog\/como-conciliar-estagio-e-faculdade\/#primaryimage\",\"url\":\"https:\/\/www.ciadetalentos.com.br\/blog\/wp-content\/uploads\/sites\/7\/2022\/01\/Capa-12.png\",\"contentUrl\":\"https:\/\/www.ciadetalentos.com.br\/blog\/wp-content\/uploads\/sites\/7\/2022\/01\/Capa-12.png\",\"width\":720,\"height\":542,\"caption\":\"est\u00e1gio_e_faculdade\"},{\"@type\":\"BreadcrumbList\",\"@id\":\"https:\/\/www.ciadetalentos.com.br\/blog\/como-conciliar-estagio-e-faculdade\/#breadcrumb\",\"itemListElement\":[{\"@type\":\"ListItem\",\"position\":1,\"name\":\"Home\",\"item\":\"https:\/\/www.ciadetalentos.com.br\/blog\/\"},{\"@type\":\"ListItem\",\"position\":2,\"name\":\"Como conciliar est\u00e1gio e faculdade?\"}]},{\"@type\":\"WebSite\",\"@id\":\"https:\/\/www.ciadetalentos.com.br\/blog\/#website\",\"url\":\"https:\/\/www.ciadetalentos.com.br\/blog\/\",\"name\":\"Blog Cia de Talentos\",\"description\":\"Descubra tudo o que voc\u00ea precisa para desenvolver carreiras e transformar sua vida profissional\",\"potentialAction\":[{\"@type\":\"SearchAction\",\"target\":{\"@type\":\"EntryPoint\",\"urlTemplate\":\"https:\/\/www.ciadetalentos.com.br\/blog\/?s={search_term_string}\"},\"query-input\":\"required name=search_term_string\"}],\"inLanguage\":\"pt-BR\"},{\"@type\":\"Person\",\"@id\":\"https:\/\/www.ciadetalentos.com.br\/blog\/#\/schema\/person\/9323b687c5ed195048aabc112302d735\",\"name\":\"larissaflorindo\",\"image\":{\"@type\":\"ImageObject\",\"inLanguage\":\"pt-BR\",\"@id\":\"https:\/\/www.ciadetalentos.com.br\/blog\/#\/schema\/person\/image\/\",\"url\":\"https:\/\/secure.gravatar.com\/avatar\/ddd4094417a8ac3290e3b005c3688d47?s=96&d=mm&r=g\",\"contentUrl\":\"https:\/\/secure.gravatar.com\/avatar\/ddd4094417a8ac3290e3b005c3688d47?s=96&d=mm&r=g\",\"caption\":\"larissaflorindo\"},\"url\":\"https:\/\/www.ciadetalentos.com.br\/blog\/author\/larissaflorindo\/\"}]}<\/script>\n<!-- \/ Yoast SEO plugin. -->","yoast_head_json":{"title":"Como conciliar est\u00e1gio e faculdade? - Blog Cia de Talentos","description":"Conciliar est\u00e1gio e faculdade, principalmente em per\u00edodos de provas e trabalhos \u00e9 um desafio, mas com organiza\u00e7\u00e3o \u00e9 poss\u00edvel sobreviver.","robots":{"index":"index","follow":"follow","max-snippet":"max-snippet:-1","max-image-preview":"max-image-preview:large","max-video-preview":"max-video-preview:-1"},"canonical":"https:\/\/www.ciadetalentos.com.br\/blog\/como-conciliar-estagio-e-faculdade\/","og_locale":"pt_BR","og_type":"article","og_title":"Como conciliar est\u00e1gio e faculdade? - Blog Cia de Talentos","og_description":"Conciliar est\u00e1gio e faculdade, principalmente em per\u00edodos de provas e trabalhos \u00e9 um desafio, mas com organiza\u00e7\u00e3o \u00e9 poss\u00edvel sobreviver.","og_url":"https:\/\/www.ciadetalentos.com.br\/blog\/como-conciliar-estagio-e-faculdade\/","og_site_name":"Blog Cia de Talentos","article_published_time":"2022-02-02T19:04:39+00:00","article_modified_time":"2024-06-14T16:44:43+00:00","og_image":[{"width":720,"height":542,"url":"https:\/\/www.ciadetalentos.com.br\/blog\/wp-content\/uploads\/sites\/7\/2022\/01\/Capa-12.png","type":"image\/png"}],"author":"larissaflorindo","twitter_card":"summary_large_image","twitter_misc":{"Escrito por":"larissaflorindo","Est. tempo de leitura":"5 minutos"},"schema":{"@context":"https:\/\/schema.org","@graph":[{"@type":"WebPage","@id":"https:\/\/www.ciadetalentos.com.br\/blog\/como-conciliar-estagio-e-faculdade\/","url":"https:\/\/www.ciadetalentos.com.br\/blog\/como-conciliar-estagio-e-faculdade\/","name":"Como conciliar est\u00e1gio e faculdade? - Blog Cia de Talentos","isPartOf":{"@id":"https:\/\/www.ciadetalentos.com.br\/blog\/#website"},"primaryImageOfPage":{"@id":"https:\/\/www.ciadetalentos.com.br\/blog\/como-conciliar-estagio-e-faculdade\/#primaryimage"},"image":{"@id":"https:\/\/www.ciadetalentos.com.br\/blog\/como-conciliar-estagio-e-faculdade\/#primaryimage"},"thumbnailUrl":"https:\/\/www.ciadetalentos.com.br\/blog\/wp-content\/uploads\/sites\/7\/2022\/01\/Capa-12.png","datePublished":"2022-02-02T19:04:39+00:00","dateModified":"2024-06-14T16:44:43+00:00","author":{"@id":"https:\/\/www.ciadetalentos.com.br\/blog\/#\/schema\/person\/9323b687c5ed195048aabc112302d735"},"description":"Conciliar est\u00e1gio e faculdade, principalmente em per\u00edodos de provas e trabalhos \u00e9 um desafio, mas com organiza\u00e7\u00e3o \u00e9 poss\u00edvel sobreviver.","breadcrumb":{"@id":"https:\/\/www.ciadetalentos.com.br\/blog\/como-conciliar-estagio-e-faculdade\/#breadcrumb"},"inLanguage":"pt-BR","potentialAction":[{"@type":"ReadAction","target":["https:\/\/www.ciadetalentos.com.br\/blog\/como-conciliar-estagio-e-faculdade\/"]}]},{"@type":"ImageObject","inLanguage":"pt-BR","@id":"https:\/\/www.ciadetalentos.com.br\/blog\/como-conciliar-estagio-e-faculdade\/#primaryimage","url":"https:\/\/www.ciadetalentos.com.br\/blog\/wp-content\/uploads\/sites\/7\/2022\/01\/Capa-12.png","contentUrl":"https:\/\/www.ciadetalentos.com.br\/blog\/wp-content\/uploads\/sites\/7\/2022\/01\/Capa-12.png","width":720,"height":542,"caption":"est\u00e1gio_e_faculdade"},{"@type":"BreadcrumbList","@id":"https:\/\/www.ciadetalentos.com.br\/blog\/como-conciliar-estagio-e-faculdade\/#breadcrumb","itemListElement":[{"@type":"ListItem","position":1,"name":"Home","item":"https:\/\/www.ciadetalentos.com.br\/blog\/"},{"@type":"ListItem","position":2,"name":"Como conciliar est\u00e1gio e faculdade?"}]},{"@type":"WebSite","@id":"https:\/\/www.ciadetalentos.com.br\/blog\/#website","url":"https:\/\/www.ciadetalentos.com.br\/blog\/","name":"Blog Cia de Talentos","description":"Descubra tudo o que voc\u00ea precisa para desenvolver carreiras e transformar sua vida profissional","potentialAction":[{"@type":"SearchAction","target":{"@type":"EntryPoint","urlTemplate":"https:\/\/www.ciadetalentos.com.br\/blog\/?s={search_term_string}"},"query-input":"required name=search_term_string"}],"inLanguage":"pt-BR"},{"@type":"Person","@id":"https:\/\/www.ciadetalentos.com.br\/blog\/#\/schema\/person\/9323b687c5ed195048aabc112302d735","name":"larissaflorindo","image":{"@type":"ImageObject","inLanguage":"pt-BR","@id":"https:\/\/www.ciadetalentos.com.br\/blog\/#\/schema\/person\/image\/","url":"https:\/\/secure.gravatar.com\/avatar\/ddd4094417a8ac3290e3b005c3688d47?s=96&d=mm&r=g","contentUrl":"https:\/\/secure.gravatar.com\/avatar\/ddd4094417a8ac3290e3b005c3688d47?s=96&d=mm&r=g","caption":"larissaflorindo"},"url":"https:\/\/www.ciadetalentos.com.br\/blog\/author\/larissaflorindo\/"}]}},"_links":{"self":[{"href":"https:\/\/www.ciadetalentos.com.br\/blog\/wp-json\/wp\/v2\/posts\/4241"}],"collection":[{"href":"https:\/\/www.ciadetalentos.com.br\/blog\/wp-json\/wp\/v2\/posts"}],"about":[{"href":"https:\/\/www.ciadetalentos.com.br\/blog\/wp-json\/wp\/v2\/types\/post"}],"author":[{"embeddable":true,"href":"https:\/\/www.ciadetalentos.com.br\/blog\/wp-json\/wp\/v2\/users\/25"}],"replies":[{"embeddable":true,"href":"https:\/\/www.ciadetalentos.com.br\/blog\/wp-json\/wp\/v2\/comments?post=4241"}],"version-history":[{"count":5,"href":"https:\/\/www.ciadetalentos.com.br\/blog\/wp-json\/wp\/v2\/posts\/4241\/revisions"}],"predecessor-version":[{"id":5634,"href":"https:\/\/www.ciadetalentos.com.br\/blog\/wp-json\/wp\/v2\/posts\/4241\/revisions\/5634"}],"wp:featuredmedia":[{"embeddable":true,"href":"https:\/\/www.ciadetalentos.com.br\/blog\/wp-json\/wp\/v2\/media\/4298"}],"wp:attachment":[{"href":"https:\/\/www.ciadetalentos.com.br\/blog\/wp-json\/wp\/v2\/media?parent=4241"}],"wp:term":[{"taxonomy":"category","embeddable":true,"href":"https:\/\/www.ciadetalentos.com.br\/blog\/wp-json\/wp\/v2\/categories?post=4241"},{"taxonomy":"post_tag","embeddable":true,"href":"https:\/\/www.ciadetalentos.com.br\/blog\/wp-json\/wp\/v2\/tags?post=4241"}],"curies":[{"name":"wp","href":"https:\/\/api.w.org\/{rel}","templated":true}]}}