{"id":4323,"date":"2022-02-16T18:12:10","date_gmt":"2022-02-16T21:12:10","guid":{"rendered":"https:\/\/www.ciadetalentos.com.br\/blog\/?p=4323"},"modified":"2022-02-16T18:12:10","modified_gmt":"2022-02-16T21:12:10","slug":"linguagem-inclusiva-linguagem-neutra","status":"publish","type":"post","link":"https:\/\/www.ciadetalentos.com.br\/blog\/linguagem-inclusiva-linguagem-neutra\/","title":{"rendered":"Linguagem inclusiva e linguagem neutra: saiba tudo sobre elas"},"content":{"rendered":"<p><span data-contrast=\"auto\">Amigue, todes, bem-vinde, elu. Quem ainda n\u00e3o se deparou com uma dessas palavras? Seja em um texto ou em alguma conversa, o fato \u00e9 que o uso da linguagem neutra tem sido cada vez mais comum, especialmente na internet. Ela tem gerado questionamentos, d\u00favidas e at\u00e9 proibi\u00e7\u00f5es, como a que ocorreu no estado de Santa Catarina, que n\u00e3o permite sua ado\u00e7\u00e3o em documentos oficiais.<\/span><span data-ccp-props=\"{&quot;201341983&quot;:0,&quot;335559739&quot;:160,&quot;335559740&quot;:240}\">\u00a0<\/span><\/p>\n<p><span data-contrast=\"auto\">Por outro lado, a linguagem inclusiva tamb\u00e9m vem ganhando espa\u00e7o. No <\/span><a href=\"https:\/\/irp-cdn.multiscreensite.com\/87bdaac3\/files\/uploaded\/manualplinguageminclusiva_neo.pdf\"><span data-contrast=\"none\">Manual pr\u00e1tico de linguagem inclusiva<\/span><\/a><span data-contrast=\"auto\">, Andr\u00e9 Fischer que, entre outras atividades, milita pela igualdade e direitos civis da popula\u00e7\u00e3o LGBTQIA+, afirma: \u201cFalar e escrever tomando cuidado ao escolher palavras que demonstrem respeito a todas as pessoas, sem privilegiar umas em detrimento de outras. Esse \u00e9 o objetivo de quem usa a linguagem inclusiva\u201d.<\/span><span data-ccp-props=\"{&quot;201341983&quot;:0,&quot;335559739&quot;:160,&quot;335559740&quot;:240}\">\u00a0<\/span><\/p>\n<p><span data-contrast=\"auto\">Como esse debate tem crescido nos \u00faltimos anos entre estudiosos de lingu\u00edstica e de g\u00eanero, preparamos este artigo para esclarecer os principais pontos da discuss\u00e3o e trazer o que dizem aqueles que s\u00e3o contra e a favor da proposta.\u202f<\/span><span data-ccp-props=\"{&quot;201341983&quot;:0,&quot;335559739&quot;:160,&quot;335559740&quot;:240}\">\u00a0<\/span><\/p>\n<h2><b><span data-contrast=\"auto\">O que \u00e9 linguagem inclusiva e linguagem neutra?<\/span><\/b><span data-ccp-props=\"{&quot;201341983&quot;:0,&quot;335559739&quot;:160,&quot;335559740&quot;:240}\">\u00a0<\/span><\/h2>\n<p><span data-contrast=\"auto\">A linguagem inclusiva, tamb\u00e9m chamada de n\u00e3o sexista, busca promover uma comunica\u00e7\u00e3o que n\u00e3o exclui ou invisibilize qualquer grupo social.\u00a0<\/span><span data-ccp-props=\"{&quot;201341983&quot;:0,&quot;335559739&quot;:160,&quot;335559740&quot;:240}\">\u00a0<\/span><\/p>\n<p><span data-contrast=\"auto\">\u201cA busca por substituir marcadores de g\u00eanero no discurso \u00e9 um processo que explicita respeito e empatia, princ\u00edpios b\u00e1sicos que deveriam reger as rela\u00e7\u00f5es sociais\u201d, destaca Andr\u00e9 Fischer no manual que citamos no in\u00edcio.<\/span><span data-ccp-props=\"{&quot;201341983&quot;:0,&quot;335559739&quot;:160,&quot;335559740&quot;:240}\">\u00a0<\/span><\/p>\n<p><span data-contrast=\"auto\">Assim, al\u00e9m de manter o idioma da forma como o conhecemos, a linguagem inclusiva evita ainda o masculino gen\u00e9rico. Um exemplo seria a substitui\u00e7\u00e3o de &#8220;todos est\u00e3o convidados&#8221; por &#8220;todas as pessoas est\u00e3o convidadas&#8221;.\u202f<\/span><span data-ccp-props=\"{&quot;201341983&quot;:0,&quot;335559739&quot;:160,&quot;335559740&quot;:240}\">\u00a0<\/span><\/p>\n<p><span data-contrast=\"auto\">J\u00e1 a linguagem neutra, tamb\u00e9m tem como objetivo a inclus\u00e3o de todas as pessoas. A\u202fdiferen\u00e7a \u00e9 que prop\u00f5e novas grafias de palavras como, por exemplo, namorade e todes.\u00a0<\/span><span data-ccp-props=\"{&quot;201341983&quot;:0,&quot;335559739&quot;:160,&quot;335559740&quot;:240}\">\u00a0<\/span><\/p>\n<p><span data-contrast=\"auto\">Entre os principais defensores dessas mudan\u00e7as est\u00e1 a comunidade LGBTQIA+, por entender que esta \u00e9 a forma ideal de fazer refer\u00eancia a grupos ou indiv\u00edduos que n\u00e3o se encaixam no padr\u00e3o bin\u00e1rio, que s\u00f3 considera os g\u00eaneros masculino e feminino (para saber mais sobre g\u00eanero, o G1 Explica produziu um <\/span><a href=\"https:\/\/youtu.be\/u_8Cn_42BXs\"><span data-contrast=\"none\">v\u00eddeo<\/span><\/a><span data-contrast=\"auto\"> super did\u00e1tico para n\u00e3o deixar d\u00favidas).<\/span><span data-ccp-props=\"{&quot;201341983&quot;:0,&quot;335559739&quot;:160,&quot;335559740&quot;:240}\">\u00a0<\/span><\/p>\n<p><span data-contrast=\"auto\">No <\/span><a href=\"https:\/\/diversitybbox.com\/pt\/manifesto-ile-para-uma-comunicacao-radicalmente-inclusiva\/\"><span data-contrast=\"none\">Manifesto ILE para uma comunica\u00e7\u00e3o radicalmente inclusiva<\/span><\/a><span data-contrast=\"auto\">, a CEO da [DIVERSITY BBOX] Pri Bertucci e a psic\u00f3loga Andr\u00e9a Zanella, defendem o uso de um novo pronome de g\u00eanero, o \u201cile\u201d, criado por elas. \u201cEssa nova palavra, esse novo pronome de g\u00eanero \u2018ile\u2019, \u00e9 uma tentativa de questionar a \u2018norma\u2019, a cis-heteronormatividade, aquele conceito que diz que \u2018o certo \u00e9 homem, macho e masculino e mulher, f\u00eamea e feminina\u2019. Pode parecer estranho, j\u00e1 que o resto das palavras na l\u00edngua portuguesa s\u00e3o femininas ou masculinas\u201d, comenta.\u00a0<\/span><span data-ccp-props=\"{&quot;201341983&quot;:0,&quot;335559739&quot;:160,&quot;335559740&quot;:240}\">\u00a0<\/span><\/p>\n<p><span data-contrast=\"auto\">Elas tamb\u00e9m refor\u00e7am que \u201ca vida n\u00e3o \u00e9 est\u00e1tica, assim como nossa l\u00edngua, que aceita os neologismos para poder retratar novas realidades\u201d.\u00a0<\/span><span data-ccp-props=\"{&quot;201341983&quot;:0,&quot;335559739&quot;:160,&quot;335559740&quot;:240}\">\u00a0<\/span><\/p>\n<h2><b><span data-contrast=\"auto\">O que diz quem \u00e9 contra\u202f<\/span><\/b><span data-ccp-props=\"{&quot;201341983&quot;:0,&quot;335559739&quot;:160,&quot;335559740&quot;:240}\">\u00a0<\/span><\/h2>\n<p><span data-contrast=\"auto\">A professora C\u00edntia Chagas, colunista da Forbes e autora dos livros &#8220;Sou p\u00e9ssimo em portugu\u00eas&#8221; e &#8220;Um relacionamento sem erros (de Portugu\u00eas)&#8221;, n\u00e3o concorda com essa proposta e afirma que &#8220;o uso da linguagem neutra prejudica o aprendizado nas escolas e n\u00e3o inclui ningu\u00e9m. Isso porque atrapalha a compreens\u00e3o das pessoas que t\u00eam dislexia, confunde os surdos que se comunicam atrav\u00e9s da leitura labial e atrapalha os cegos que leem atrav\u00e9s de softwares, j\u00e1 que os aparelhos precisariam ser reconfigurados para abarcar o dialeto&#8221;, defende.<\/span><span data-ccp-props=\"{&quot;201341983&quot;:0,&quot;335559739&quot;:160,&quot;335559740&quot;:240}\">\u00a0<\/span><\/p>\n<p><span data-contrast=\"auto\">Quem \u00e9 contr\u00e1rio \u00e0 linguagem neutra diz que \u00e9 preciso garantir o direito ao aprendizado da l\u00edngua portuguesa de acordo com a norma culta e as orienta\u00e7\u00f5es legais de ensino, que foram estabelecidas com base nas orienta\u00e7\u00f5es nacionais de educa\u00e7\u00e3o e pelo Vocabul\u00e1rio Ortogr\u00e1fico da L\u00edngua Portuguesa (Volp), consolidado pela Academia Brasileira de Letras (ABL).<\/span><span data-ccp-props=\"{&quot;201341983&quot;:0,&quot;335559739&quot;:160,&quot;335559740&quot;:240}\">\u00a0<\/span><\/p>\n<p><span data-contrast=\"auto\">A ABL, que \u00e9 respons\u00e1vel pela parte de normas, entende que a estrutura do portugu\u00eas n\u00e3o admite um g\u00eanero neutro. Isso existia no latim e continua no alem\u00e3o, mas n\u00e3o mais nos idiomas neolatinos.\u00a0<\/span><span data-ccp-props=\"{&quot;201341983&quot;:0,&quot;335559739&quot;:160,&quot;335559740&quot;:240}\">\u00a0<\/span><\/p>\n<p><span data-contrast=\"auto\">\u201cVoc\u00ea n\u00e3o altera as regras de g\u00eanero, assim como n\u00e3o se muda as regras de forma\u00e7\u00e3o de plural e de conjuga\u00e7\u00e3o dos verbos\u201d, afirma o fil\u00f3logo Evanildo Bechara, que ocupa a cadeira 33 da ABL e \u00e9 o coordenador da 6\u00aa edi\u00e7\u00e3o do Volp. \u201cEssa \u00e9 uma mudan\u00e7a com a qual n\u00e3o \u00e9 preciso se preocupar porque jamais ser\u00e1 aceita totalmente pela comunidade de falantes\u201d.<\/span><span data-ccp-props=\"{&quot;201341983&quot;:0,&quot;335559739&quot;:160,&quot;335559740&quot;:240}\">\u00a0<\/span><\/p>\n<h2><b><span data-contrast=\"auto\">Tentativas de neutralidade<\/span><\/b><span data-ccp-props=\"{&quot;201341983&quot;:0,&quot;335559739&quot;:160,&quot;335559740&quot;:240}\">\u00a0<\/span><\/h2>\n<p><span data-contrast=\"auto\">Na tentativa de se chegar a uma neutralidade, por um tempo o &#8220;x&#8221; e o &#8220;@&#8221; foram usados como substitutos\u202f\u00e0s vogais &#8220;o&#8221; e &#8220;a&#8221;, marcadores dos g\u00eaneros masculino e feminino. Por\u00e9m, deixaram de ser utilizados por apenas serem poss\u00edveis na forma escrita e dificultarem a leitura de softwares, prejudicando pessoas cegas ou com baixa vis\u00e3o e ainda quem possui dislexia. Por este motivo, o &#8220;e&#8221; acabou se tornando uma solu\u00e7\u00e3o vi\u00e1vel (ex. todes foram convidades).<\/span><span data-ccp-props=\"{&quot;201341983&quot;:0,&quot;335559739&quot;:160,&quot;335559740&quot;:240}\">\u00a0<\/span><\/p>\n<p><span data-contrast=\"auto\">\u00c9 importante lembrar que essa discuss\u00e3o faz parte de um campo mais amplo, que \u00e9 o da comunica\u00e7\u00e3o. Para que ela exista, \u00e9 necess\u00e1rio que a mensagem seja de fato entendida por quem a recebe. Apesar de muitos estudiosos defenderem o g\u00eanero neutro, a professora Raquel Freitag, da Universidade Federal de Sergipe, chama a aten\u00e7\u00e3o justamente para este ponto. &#8220;A forma gen\u00e9rica tem a fun\u00e7\u00e3o de manter o fluxo cognitivo, do processamento das informa\u00e7\u00f5es. A linguagem n\u00e3o bin\u00e1ria pode cumprir com uma demanda identit\u00e1ria, mas tornar o entendimento complexo, excluindo mais pessoas&#8221;.<\/span><span data-ccp-props=\"{&quot;201341983&quot;:0,&quot;335559739&quot;:160,&quot;335559740&quot;:259}\">\u00a0<\/span><\/p>\n<h2><b><span data-contrast=\"auto\">O que fazer ent\u00e3o?\u202f<\/span><\/b><span data-ccp-props=\"{&quot;201341983&quot;:0,&quot;335559739&quot;:160,&quot;335559740&quot;:240}\">\u00a0<\/span><\/h2>\n<p><span data-contrast=\"auto\">Mais do que ser contr\u00e1rio ou a favor, esse \u00e9 um debate ligado a quest\u00f5es que falam sobre cidadania, inclus\u00e3o e diversidade \u2013 pautas de grande relev\u00e2ncia hoje. Por isso, estar bem-informado, ouvir diferentes pontos de vista e saber argumentar \u00e9 essencial.\u00a0<\/span><span data-ccp-props=\"{&quot;201341983&quot;:0,&quot;335559739&quot;:160,&quot;335559740&quot;:240}\">\u00a0<\/span><\/p>\n<p><span data-contrast=\"auto\">Al\u00e9m disso, \u00e9 importante levar em considera\u00e7\u00e3o o contexto e o ambiente em que voc\u00ea estiver. Assim, voc\u00ea poder\u00e1 utilizar a linguagem mais adequada para que as pessoas se sintam inclu\u00eddas.\u00a0<\/span><span data-ccp-props=\"{&quot;201341983&quot;:0,&quot;335551550&quot;:1,&quot;335551620&quot;:1,&quot;335559739&quot;:160,&quot;335559740&quot;:240}\">\u00a0<\/span><\/p>\n","protected":false},"excerpt":{"rendered":"<p>Amigue, todes, bem-vinde, elu. Quem ainda n\u00e3o se deparou com uma dessas palavras? Seja&hellip;<\/p>\n","protected":false},"author":10,"featured_media":4324,"comment_status":"open","ping_status":"open","sticky":false,"template":"","format":"standard","meta":{"footnotes":""},"categories":[24,25],"tags":[267,811],"yoast_head":"<!-- This site is optimized with the Yoast SEO plugin v22.5 - https:\/\/yoast.com\/wordpress\/plugins\/seo\/ -->\n<title>Linguagem inclusiva e linguagem neutra: saiba tudo sobre elas<\/title>\n<meta name=\"description\" content=\"Linguagem neutra? Linguagem inlcusiva? Sabemos que \u00e9 tudo muito novo e complexo, por isso separamos algumas informa\u00e7\u00f5es pra voc\u00ea entender.\" \/>\n<meta name=\"robots\" content=\"index, follow, max-snippet:-1, max-image-preview:large, max-video-preview:-1\" \/>\n<link rel=\"canonical\" href=\"https:\/\/www.ciadetalentos.com.br\/blog\/linguagem-inclusiva-linguagem-neutra\/\" \/>\n<meta property=\"og:locale\" content=\"pt_BR\" \/>\n<meta property=\"og:type\" content=\"article\" \/>\n<meta property=\"og:title\" content=\"Linguagem inclusiva e linguagem neutra: saiba tudo sobre elas\" \/>\n<meta property=\"og:description\" content=\"Linguagem neutra? Linguagem inlcusiva? Sabemos que \u00e9 tudo muito novo e complexo, por isso separamos algumas informa\u00e7\u00f5es pra voc\u00ea entender.\" \/>\n<meta property=\"og:url\" content=\"https:\/\/www.ciadetalentos.com.br\/blog\/linguagem-inclusiva-linguagem-neutra\/\" \/>\n<meta property=\"og:site_name\" content=\"Blog Cia de Talentos\" \/>\n<meta property=\"article:published_time\" content=\"2022-02-16T21:12:10+00:00\" \/>\n<meta property=\"og:image\" content=\"https:\/\/www.ciadetalentos.com.br\/blog\/wp-content\/uploads\/sites\/7\/2022\/02\/capa-15.png\" \/>\n\t<meta property=\"og:image:width\" content=\"720\" \/>\n\t<meta property=\"og:image:height\" content=\"542\" \/>\n\t<meta property=\"og:image:type\" content=\"image\/png\" \/>\n<meta name=\"author\" content=\"Cia de Talentos\" \/>\n<meta name=\"twitter:card\" content=\"summary_large_image\" \/>\n<meta name=\"twitter:label1\" content=\"Escrito por\" \/>\n\t<meta name=\"twitter:data1\" content=\"Cia de Talentos\" \/>\n\t<meta name=\"twitter:label2\" content=\"Est. tempo de leitura\" \/>\n\t<meta name=\"twitter:data2\" content=\"5 minutos\" \/>\n<script type=\"application\/ld+json\" class=\"yoast-schema-graph\">{\"@context\":\"https:\/\/schema.org\",\"@graph\":[{\"@type\":\"WebPage\",\"@id\":\"https:\/\/www.ciadetalentos.com.br\/blog\/linguagem-inclusiva-linguagem-neutra\/\",\"url\":\"https:\/\/www.ciadetalentos.com.br\/blog\/linguagem-inclusiva-linguagem-neutra\/\",\"name\":\"Linguagem inclusiva e linguagem neutra: saiba tudo sobre elas\",\"isPartOf\":{\"@id\":\"https:\/\/www.ciadetalentos.com.br\/blog\/#website\"},\"primaryImageOfPage\":{\"@id\":\"https:\/\/www.ciadetalentos.com.br\/blog\/linguagem-inclusiva-linguagem-neutra\/#primaryimage\"},\"image\":{\"@id\":\"https:\/\/www.ciadetalentos.com.br\/blog\/linguagem-inclusiva-linguagem-neutra\/#primaryimage\"},\"thumbnailUrl\":\"https:\/\/www.ciadetalentos.com.br\/blog\/wp-content\/uploads\/sites\/7\/2022\/02\/capa-15.png\",\"datePublished\":\"2022-02-16T21:12:10+00:00\",\"dateModified\":\"2022-02-16T21:12:10+00:00\",\"author\":{\"@id\":\"https:\/\/www.ciadetalentos.com.br\/blog\/#\/schema\/person\/a6024f5d6725da8fca36c440770b47c1\"},\"description\":\"Linguagem neutra? Linguagem inlcusiva? Sabemos que \u00e9 tudo muito novo e complexo, por isso separamos algumas informa\u00e7\u00f5es pra voc\u00ea entender.\",\"breadcrumb\":{\"@id\":\"https:\/\/www.ciadetalentos.com.br\/blog\/linguagem-inclusiva-linguagem-neutra\/#breadcrumb\"},\"inLanguage\":\"pt-BR\",\"potentialAction\":[{\"@type\":\"ReadAction\",\"target\":[\"https:\/\/www.ciadetalentos.com.br\/blog\/linguagem-inclusiva-linguagem-neutra\/\"]}]},{\"@type\":\"ImageObject\",\"inLanguage\":\"pt-BR\",\"@id\":\"https:\/\/www.ciadetalentos.com.br\/blog\/linguagem-inclusiva-linguagem-neutra\/#primaryimage\",\"url\":\"https:\/\/www.ciadetalentos.com.br\/blog\/wp-content\/uploads\/sites\/7\/2022\/02\/capa-15.png\",\"contentUrl\":\"https:\/\/www.ciadetalentos.com.br\/blog\/wp-content\/uploads\/sites\/7\/2022\/02\/capa-15.png\",\"width\":720,\"height\":542,\"caption\":\"linguagem\"},{\"@type\":\"BreadcrumbList\",\"@id\":\"https:\/\/www.ciadetalentos.com.br\/blog\/linguagem-inclusiva-linguagem-neutra\/#breadcrumb\",\"itemListElement\":[{\"@type\":\"ListItem\",\"position\":1,\"name\":\"Home\",\"item\":\"https:\/\/www.ciadetalentos.com.br\/blog\/\"},{\"@type\":\"ListItem\",\"position\":2,\"name\":\"Linguagem inclusiva e linguagem neutra: saiba tudo sobre elas\"}]},{\"@type\":\"WebSite\",\"@id\":\"https:\/\/www.ciadetalentos.com.br\/blog\/#website\",\"url\":\"https:\/\/www.ciadetalentos.com.br\/blog\/\",\"name\":\"Blog Cia de Talentos\",\"description\":\"Descubra tudo o que voc\u00ea precisa para desenvolver carreiras e transformar sua vida profissional\",\"potentialAction\":[{\"@type\":\"SearchAction\",\"target\":{\"@type\":\"EntryPoint\",\"urlTemplate\":\"https:\/\/www.ciadetalentos.com.br\/blog\/?s={search_term_string}\"},\"query-input\":\"required name=search_term_string\"}],\"inLanguage\":\"pt-BR\"},{\"@type\":\"Person\",\"@id\":\"https:\/\/www.ciadetalentos.com.br\/blog\/#\/schema\/person\/a6024f5d6725da8fca36c440770b47c1\",\"name\":\"Cia de Talentos\",\"image\":{\"@type\":\"ImageObject\",\"inLanguage\":\"pt-BR\",\"@id\":\"https:\/\/www.ciadetalentos.com.br\/blog\/#\/schema\/person\/image\/\",\"url\":\"https:\/\/secure.gravatar.com\/avatar\/47d3a2e8966d0dfc126be01c65bd12a8?s=96&d=mm&r=g\",\"contentUrl\":\"https:\/\/secure.gravatar.com\/avatar\/47d3a2e8966d0dfc126be01c65bd12a8?s=96&d=mm&r=g\",\"caption\":\"Cia de Talentos\"},\"url\":\"https:\/\/www.ciadetalentos.com.br\/blog\/author\/amazetto\/\"}]}<\/script>\n<!-- \/ Yoast SEO plugin. -->","yoast_head_json":{"title":"Linguagem inclusiva e linguagem neutra: saiba tudo sobre elas","description":"Linguagem neutra? Linguagem inlcusiva? Sabemos que \u00e9 tudo muito novo e complexo, por isso separamos algumas informa\u00e7\u00f5es pra voc\u00ea entender.","robots":{"index":"index","follow":"follow","max-snippet":"max-snippet:-1","max-image-preview":"max-image-preview:large","max-video-preview":"max-video-preview:-1"},"canonical":"https:\/\/www.ciadetalentos.com.br\/blog\/linguagem-inclusiva-linguagem-neutra\/","og_locale":"pt_BR","og_type":"article","og_title":"Linguagem inclusiva e linguagem neutra: saiba tudo sobre elas","og_description":"Linguagem neutra? Linguagem inlcusiva? Sabemos que \u00e9 tudo muito novo e complexo, por isso separamos algumas informa\u00e7\u00f5es pra voc\u00ea entender.","og_url":"https:\/\/www.ciadetalentos.com.br\/blog\/linguagem-inclusiva-linguagem-neutra\/","og_site_name":"Blog Cia de Talentos","article_published_time":"2022-02-16T21:12:10+00:00","og_image":[{"width":720,"height":542,"url":"https:\/\/www.ciadetalentos.com.br\/blog\/wp-content\/uploads\/sites\/7\/2022\/02\/capa-15.png","type":"image\/png"}],"author":"Cia de Talentos","twitter_card":"summary_large_image","twitter_misc":{"Escrito por":"Cia de Talentos","Est. tempo de leitura":"5 minutos"},"schema":{"@context":"https:\/\/schema.org","@graph":[{"@type":"WebPage","@id":"https:\/\/www.ciadetalentos.com.br\/blog\/linguagem-inclusiva-linguagem-neutra\/","url":"https:\/\/www.ciadetalentos.com.br\/blog\/linguagem-inclusiva-linguagem-neutra\/","name":"Linguagem inclusiva e linguagem neutra: saiba tudo sobre elas","isPartOf":{"@id":"https:\/\/www.ciadetalentos.com.br\/blog\/#website"},"primaryImageOfPage":{"@id":"https:\/\/www.ciadetalentos.com.br\/blog\/linguagem-inclusiva-linguagem-neutra\/#primaryimage"},"image":{"@id":"https:\/\/www.ciadetalentos.com.br\/blog\/linguagem-inclusiva-linguagem-neutra\/#primaryimage"},"thumbnailUrl":"https:\/\/www.ciadetalentos.com.br\/blog\/wp-content\/uploads\/sites\/7\/2022\/02\/capa-15.png","datePublished":"2022-02-16T21:12:10+00:00","dateModified":"2022-02-16T21:12:10+00:00","author":{"@id":"https:\/\/www.ciadetalentos.com.br\/blog\/#\/schema\/person\/a6024f5d6725da8fca36c440770b47c1"},"description":"Linguagem neutra? Linguagem inlcusiva? Sabemos que \u00e9 tudo muito novo e complexo, por isso separamos algumas informa\u00e7\u00f5es pra voc\u00ea entender.","breadcrumb":{"@id":"https:\/\/www.ciadetalentos.com.br\/blog\/linguagem-inclusiva-linguagem-neutra\/#breadcrumb"},"inLanguage":"pt-BR","potentialAction":[{"@type":"ReadAction","target":["https:\/\/www.ciadetalentos.com.br\/blog\/linguagem-inclusiva-linguagem-neutra\/"]}]},{"@type":"ImageObject","inLanguage":"pt-BR","@id":"https:\/\/www.ciadetalentos.com.br\/blog\/linguagem-inclusiva-linguagem-neutra\/#primaryimage","url":"https:\/\/www.ciadetalentos.com.br\/blog\/wp-content\/uploads\/sites\/7\/2022\/02\/capa-15.png","contentUrl":"https:\/\/www.ciadetalentos.com.br\/blog\/wp-content\/uploads\/sites\/7\/2022\/02\/capa-15.png","width":720,"height":542,"caption":"linguagem"},{"@type":"BreadcrumbList","@id":"https:\/\/www.ciadetalentos.com.br\/blog\/linguagem-inclusiva-linguagem-neutra\/#breadcrumb","itemListElement":[{"@type":"ListItem","position":1,"name":"Home","item":"https:\/\/www.ciadetalentos.com.br\/blog\/"},{"@type":"ListItem","position":2,"name":"Linguagem inclusiva e linguagem neutra: saiba tudo sobre elas"}]},{"@type":"WebSite","@id":"https:\/\/www.ciadetalentos.com.br\/blog\/#website","url":"https:\/\/www.ciadetalentos.com.br\/blog\/","name":"Blog Cia de Talentos","description":"Descubra tudo o que voc\u00ea precisa para desenvolver carreiras e transformar sua vida profissional","potentialAction":[{"@type":"SearchAction","target":{"@type":"EntryPoint","urlTemplate":"https:\/\/www.ciadetalentos.com.br\/blog\/?s={search_term_string}"},"query-input":"required name=search_term_string"}],"inLanguage":"pt-BR"},{"@type":"Person","@id":"https:\/\/www.ciadetalentos.com.br\/blog\/#\/schema\/person\/a6024f5d6725da8fca36c440770b47c1","name":"Cia de Talentos","image":{"@type":"ImageObject","inLanguage":"pt-BR","@id":"https:\/\/www.ciadetalentos.com.br\/blog\/#\/schema\/person\/image\/","url":"https:\/\/secure.gravatar.com\/avatar\/47d3a2e8966d0dfc126be01c65bd12a8?s=96&d=mm&r=g","contentUrl":"https:\/\/secure.gravatar.com\/avatar\/47d3a2e8966d0dfc126be01c65bd12a8?s=96&d=mm&r=g","caption":"Cia de Talentos"},"url":"https:\/\/www.ciadetalentos.com.br\/blog\/author\/amazetto\/"}]}},"_links":{"self":[{"href":"https:\/\/www.ciadetalentos.com.br\/blog\/wp-json\/wp\/v2\/posts\/4323"}],"collection":[{"href":"https:\/\/www.ciadetalentos.com.br\/blog\/wp-json\/wp\/v2\/posts"}],"about":[{"href":"https:\/\/www.ciadetalentos.com.br\/blog\/wp-json\/wp\/v2\/types\/post"}],"author":[{"embeddable":true,"href":"https:\/\/www.ciadetalentos.com.br\/blog\/wp-json\/wp\/v2\/users\/10"}],"replies":[{"embeddable":true,"href":"https:\/\/www.ciadetalentos.com.br\/blog\/wp-json\/wp\/v2\/comments?post=4323"}],"version-history":[{"count":1,"href":"https:\/\/www.ciadetalentos.com.br\/blog\/wp-json\/wp\/v2\/posts\/4323\/revisions"}],"predecessor-version":[{"id":4325,"href":"https:\/\/www.ciadetalentos.com.br\/blog\/wp-json\/wp\/v2\/posts\/4323\/revisions\/4325"}],"wp:featuredmedia":[{"embeddable":true,"href":"https:\/\/www.ciadetalentos.com.br\/blog\/wp-json\/wp\/v2\/media\/4324"}],"wp:attachment":[{"href":"https:\/\/www.ciadetalentos.com.br\/blog\/wp-json\/wp\/v2\/media?parent=4323"}],"wp:term":[{"taxonomy":"category","embeddable":true,"href":"https:\/\/www.ciadetalentos.com.br\/blog\/wp-json\/wp\/v2\/categories?post=4323"},{"taxonomy":"post_tag","embeddable":true,"href":"https:\/\/www.ciadetalentos.com.br\/blog\/wp-json\/wp\/v2\/tags?post=4323"}],"curies":[{"name":"wp","href":"https:\/\/api.w.org\/{rel}","templated":true}]}}