{"id":4389,"date":"2022-05-04T15:00:27","date_gmt":"2022-05-04T18:00:27","guid":{"rendered":"https:\/\/www.ciadetalentos.com.br\/blog\/?p=4389"},"modified":"2022-04-29T15:04:25","modified_gmt":"2022-04-29T18:04:25","slug":"me-formei-e-agora","status":"publish","type":"post","link":"https:\/\/www.ciadetalentos.com.br\/blog\/me-formei-e-agora\/","title":{"rendered":"Me formei. E agora?"},"content":{"rendered":"<p>Muita gente n\u00e3o v\u00ea a hora de terminar a faculdade. Mas quando isso acontece, vem a pergunta: E agora? Qual \u00e9 o pr\u00f3ximo passo? Essa d\u00favida \u00e9 muito comum nesse per\u00edodo. Afinal, voc\u00ea terminou uma etapa importante e a gente sabe que essa jornada ainda n\u00e3o acabou. \u00c9 preciso se preparar pra seguir a vida no mercado de trabalho, conseguindo tamb\u00e9m realizar seus sonhos.<\/p>\n<p>A decis\u00e3o do que fazer a seguir, depende do que voc\u00ea deseja pra sua carreira e quais viv\u00eancias profissionais gostaria de ter. Lembre-se de que estudar e se manter em constante atualiza\u00e7\u00e3o ser\u00e1 fundamental sempre. Confira algumas das possibilidades que voc\u00ea pode seguir e tenha em mente o que precisa priorizar:<\/p>\n<h2><strong>1. Se dedicar a experi\u00eancias pr\u00e1ticas<\/strong><\/h2>\n<p>Se durante a faculdade voc\u00ea n\u00e3o teve, ou teve pouca, experi\u00eancia profissional, \u00e9 interessante se dedicar ao mercado de trabalho. Al\u00e9m do conhecimento t\u00e9cnico, \u00e9 importante voc\u00ea viver a pr\u00e1tica. Conhecer o dia a dia de uma empresa ou institui\u00e7\u00e3o, como \u00e9 ter uma pessoa que te lidere, trabalhar com metas, ter a cobran\u00e7a por resultados e ainda saber com quais atividades e projetos voc\u00ea se identifica mais. Isso vai ajudar voc\u00ea a decidir onde est\u00e3o seus maiores interesses, em qu\u00ea gostaria de se especializar e quais s\u00e3o as necessidades do seu segmento de atua\u00e7\u00e3o.<\/p>\n<h2><strong> 2. Aperfei\u00e7oar outro idioma<\/strong><\/h2>\n<p>Aqui, vale a pergunta, que precisa ser respondida com sinceridade: Como est\u00e1 seu ingl\u00eas? Um n\u00edvel avan\u00e7ado e fluente \u00e9 important\u00edssimo, mas \u00e9 preciso ter certeza desse n\u00edvel, com testes conhecidos e validados no mercado. Achar que fala e escreve bem n\u00e3o \u00e9 suficiente naquelas situa\u00e7\u00f5es em que voc\u00ea realmente precisa usar. Falamos do ingl\u00eas, mas h\u00e1 muitas vagas em que o espanhol \u00e9 requisito.<\/p>\n<p>Para rec\u00e9m-formados, a maioria das posi\u00e7\u00f5es j\u00e1 pede um bom n\u00edvel em um ou outro idioma. Mas, h\u00e1 casos de exig\u00eancia dos dois.<\/p>\n<p>Ent\u00e3o, investir em um curso \u00e9 superimportante. E, se for poss\u00edvel participar de um interc\u00e2mbio, melhor ainda! Al\u00e9m de dominar o idioma, voc\u00ea ainda poder\u00e1 conhecer pessoas novas, outras realidades e culturas. Uma viv\u00eancia que \u00e9 sempre bem-vinda!<\/p>\n<h2><strong>3. Realizar uma p\u00f3s-gradua\u00e7\u00e3o<\/strong><\/h2>\n<p>Se voc\u00ea j\u00e1 sabe em que \u00e1rea quer se especializar, o pr\u00f3ximo passo pode ser buscar uma p\u00f3s-gradua\u00e7\u00e3o. Veja as op\u00e7\u00f5es:<\/p>\n<h3>Cursos de Extens\u00e3o<\/h3>\n<p>\u00c9 uma forma r\u00e1pida de conhecer mais sobre uma determinada \u00e1rea, pois eles costumam ter, no m\u00e1ximo, 60 horas de dura\u00e7\u00e3o. Se voc\u00ea cursou administra\u00e7\u00e3o e tem interesse na \u00e1rea de marketing, por exemplo, pode fazer um curso espec\u00edfico pra saber mais sobre isso.<\/p>\n<h3>Mestrado, especializa\u00e7\u00e3o ou MBA<\/h3>\n<p>Na hora de pesquisar sobre uma p\u00f3s-gradua\u00e7\u00e3o, voc\u00ea vai se deparar com duas linhas: a stricto sensu e a latu sensu.<\/p>\n<p>\u00c9 dentro dos cursos de stricto sensu que est\u00e3o os mestrados e doutorados. Esta costuma ser a escolha de quem quer seguir uma carreira acad\u00eamica. \u00c9 uma capacita\u00e7\u00e3o mais longa e tem como objetivo a produ\u00e7\u00e3o de conhecimento por meio da realiza\u00e7\u00e3o de pesquisas.<\/p>\n<p>Mais recentemente surgiram os mestrados profissionais, que s\u00e3o uma resposta a uma demanda do mercado. Eles t\u00eam uma dura\u00e7\u00e3o m\u00e9dia de dois anos e combinam o conhecimento te\u00f3rico com uma vis\u00e3o mais pr\u00e1tica da \u00e1rea de atua\u00e7\u00e3o.<\/p>\n<p>J\u00e1 os cursos de latu sensu (especializa\u00e7\u00f5es e MBAs), buscam estar sempre em sintonia com a realidade das empresas, pois a ideia \u00e9 qualificar e capacitar profissionais para necessidades espec\u00edficas.<\/p>\n<h2><strong>Conclus\u00e3o<\/strong><\/h2>\n<p>Agora que voc\u00ea tem todas essas informa\u00e7\u00f5es, \u00e9 importante fazer um planejamento de carreira e financeiro. Procure pensar nas seguintes perguntas: O que eu quero ser? Quando? Como preciso me preparar para isso? De que maneira posso me preparar?<\/p>\n<p>Se voc\u00ea precisar de apoio para definir o pr\u00f3ximo passo, saiba que existem profissionais especialistas em ajudar a orientar sua carreira, que realizam um trabalho de autoconhecimento e te ajudando a entender seus desejos e a chegar nos seus objetivos.<\/p>\n<p>Por fim, uma dica superimportante: sempre revisite seu plano. Afinal, mudan\u00e7as de rotas acontecem, seja por necessidade ou por escolha, e neste momento, \u00e9 fundamental integr\u00e1-las ao seu planejamento.<\/p>\n<p><strong>por Paula Esteves<\/strong><strong><br \/>\nCo-CEO da Cia de Talentos<\/strong><\/p>\n","protected":false},"excerpt":{"rendered":"<p>Muita gente n\u00e3o v\u00ea a hora de terminar a faculdade. Mas quando isso acontece,&hellip;<\/p>\n","protected":false},"author":10,"featured_media":4448,"comment_status":"open","ping_status":"open","sticky":false,"template":"","format":"standard","meta":{"footnotes":""},"categories":[20],"tags":[48,836,212,840,838,834],"yoast_head":"<!-- This site is optimized with the Yoast SEO plugin v22.5 - https:\/\/yoast.com\/wordpress\/plugins\/seo\/ -->\n<title>Me formei. E agora? - Blog Cia de Talentos<\/title>\n<meta name=\"description\" content=\"Neste artigo, trazemos 3 dicas para quem ainda n\u00e3o sabe qual \u00e9 o pr\u00f3ximo passo depois de terminar a faculdade.\" \/>\n<meta name=\"robots\" content=\"index, follow, max-snippet:-1, max-image-preview:large, max-video-preview:-1\" \/>\n<link rel=\"canonical\" href=\"https:\/\/www.ciadetalentos.com.br\/blog\/me-formei-e-agora\/\" \/>\n<meta property=\"og:locale\" content=\"pt_BR\" \/>\n<meta property=\"og:type\" content=\"article\" \/>\n<meta property=\"og:title\" content=\"Me formei. E agora? - Blog Cia de Talentos\" \/>\n<meta property=\"og:description\" content=\"Neste artigo, trazemos 3 dicas para quem ainda n\u00e3o sabe qual \u00e9 o pr\u00f3ximo passo depois de terminar a faculdade.\" \/>\n<meta property=\"og:url\" content=\"https:\/\/www.ciadetalentos.com.br\/blog\/me-formei-e-agora\/\" \/>\n<meta property=\"og:site_name\" content=\"Blog Cia de Talentos\" \/>\n<meta property=\"article:published_time\" content=\"2022-05-04T18:00:27+00:00\" \/>\n<meta property=\"article:modified_time\" content=\"2022-04-29T18:04:25+00:00\" \/>\n<meta property=\"og:image\" content=\"https:\/\/www.ciadetalentos.com.br\/blog\/wp-content\/uploads\/sites\/7\/2022\/04\/Capa_me_formei.png\" \/>\n\t<meta property=\"og:image:width\" content=\"720\" \/>\n\t<meta property=\"og:image:height\" content=\"542\" \/>\n\t<meta property=\"og:image:type\" content=\"image\/png\" \/>\n<meta name=\"author\" content=\"Cia de Talentos\" \/>\n<meta name=\"twitter:card\" content=\"summary_large_image\" \/>\n<meta name=\"twitter:label1\" content=\"Escrito por\" \/>\n\t<meta name=\"twitter:data1\" content=\"Cia de Talentos\" \/>\n\t<meta name=\"twitter:label2\" content=\"Est. tempo de leitura\" \/>\n\t<meta name=\"twitter:data2\" content=\"3 minutos\" \/>\n<script type=\"application\/ld+json\" class=\"yoast-schema-graph\">{\"@context\":\"https:\/\/schema.org\",\"@graph\":[{\"@type\":\"WebPage\",\"@id\":\"https:\/\/www.ciadetalentos.com.br\/blog\/me-formei-e-agora\/\",\"url\":\"https:\/\/www.ciadetalentos.com.br\/blog\/me-formei-e-agora\/\",\"name\":\"Me formei. E agora? - Blog Cia de Talentos\",\"isPartOf\":{\"@id\":\"https:\/\/www.ciadetalentos.com.br\/blog\/#website\"},\"primaryImageOfPage\":{\"@id\":\"https:\/\/www.ciadetalentos.com.br\/blog\/me-formei-e-agora\/#primaryimage\"},\"image\":{\"@id\":\"https:\/\/www.ciadetalentos.com.br\/blog\/me-formei-e-agora\/#primaryimage\"},\"thumbnailUrl\":\"https:\/\/www.ciadetalentos.com.br\/blog\/wp-content\/uploads\/sites\/7\/2022\/04\/Capa_me_formei.png\",\"datePublished\":\"2022-05-04T18:00:27+00:00\",\"dateModified\":\"2022-04-29T18:04:25+00:00\",\"author\":{\"@id\":\"https:\/\/www.ciadetalentos.com.br\/blog\/#\/schema\/person\/a6024f5d6725da8fca36c440770b47c1\"},\"description\":\"Neste artigo, trazemos 3 dicas para quem ainda n\u00e3o sabe qual \u00e9 o pr\u00f3ximo passo depois de terminar a faculdade.\",\"breadcrumb\":{\"@id\":\"https:\/\/www.ciadetalentos.com.br\/blog\/me-formei-e-agora\/#breadcrumb\"},\"inLanguage\":\"pt-BR\",\"potentialAction\":[{\"@type\":\"ReadAction\",\"target\":[\"https:\/\/www.ciadetalentos.com.br\/blog\/me-formei-e-agora\/\"]}]},{\"@type\":\"ImageObject\",\"inLanguage\":\"pt-BR\",\"@id\":\"https:\/\/www.ciadetalentos.com.br\/blog\/me-formei-e-agora\/#primaryimage\",\"url\":\"https:\/\/www.ciadetalentos.com.br\/blog\/wp-content\/uploads\/sites\/7\/2022\/04\/Capa_me_formei.png\",\"contentUrl\":\"https:\/\/www.ciadetalentos.com.br\/blog\/wp-content\/uploads\/sites\/7\/2022\/04\/Capa_me_formei.png\",\"width\":720,\"height\":542,\"caption\":\"A imagem que ilustra o post apresenta uma jovem branca, de cabelos lisos e escuros na altura dos ombros, vestida com uma beca de formatura, usando capelo. Ela sorri, de olhos fechados, enquanto segura no alto, com uma das m\u00e3os, um diploma.\"},{\"@type\":\"BreadcrumbList\",\"@id\":\"https:\/\/www.ciadetalentos.com.br\/blog\/me-formei-e-agora\/#breadcrumb\",\"itemListElement\":[{\"@type\":\"ListItem\",\"position\":1,\"name\":\"Home\",\"item\":\"https:\/\/www.ciadetalentos.com.br\/blog\/\"},{\"@type\":\"ListItem\",\"position\":2,\"name\":\"Me formei. E agora?\"}]},{\"@type\":\"WebSite\",\"@id\":\"https:\/\/www.ciadetalentos.com.br\/blog\/#website\",\"url\":\"https:\/\/www.ciadetalentos.com.br\/blog\/\",\"name\":\"Blog Cia de Talentos\",\"description\":\"Descubra tudo o que voc\u00ea precisa para desenvolver carreiras e transformar sua vida profissional\",\"potentialAction\":[{\"@type\":\"SearchAction\",\"target\":{\"@type\":\"EntryPoint\",\"urlTemplate\":\"https:\/\/www.ciadetalentos.com.br\/blog\/?s={search_term_string}\"},\"query-input\":\"required name=search_term_string\"}],\"inLanguage\":\"pt-BR\"},{\"@type\":\"Person\",\"@id\":\"https:\/\/www.ciadetalentos.com.br\/blog\/#\/schema\/person\/a6024f5d6725da8fca36c440770b47c1\",\"name\":\"Cia de Talentos\",\"image\":{\"@type\":\"ImageObject\",\"inLanguage\":\"pt-BR\",\"@id\":\"https:\/\/www.ciadetalentos.com.br\/blog\/#\/schema\/person\/image\/\",\"url\":\"https:\/\/secure.gravatar.com\/avatar\/47d3a2e8966d0dfc126be01c65bd12a8?s=96&d=mm&r=g\",\"contentUrl\":\"https:\/\/secure.gravatar.com\/avatar\/47d3a2e8966d0dfc126be01c65bd12a8?s=96&d=mm&r=g\",\"caption\":\"Cia de Talentos\"},\"url\":\"https:\/\/www.ciadetalentos.com.br\/blog\/author\/amazetto\/\"}]}<\/script>\n<!-- \/ Yoast SEO plugin. -->","yoast_head_json":{"title":"Me formei. E agora? - Blog Cia de Talentos","description":"Neste artigo, trazemos 3 dicas para quem ainda n\u00e3o sabe qual \u00e9 o pr\u00f3ximo passo depois de terminar a faculdade.","robots":{"index":"index","follow":"follow","max-snippet":"max-snippet:-1","max-image-preview":"max-image-preview:large","max-video-preview":"max-video-preview:-1"},"canonical":"https:\/\/www.ciadetalentos.com.br\/blog\/me-formei-e-agora\/","og_locale":"pt_BR","og_type":"article","og_title":"Me formei. E agora? - Blog Cia de Talentos","og_description":"Neste artigo, trazemos 3 dicas para quem ainda n\u00e3o sabe qual \u00e9 o pr\u00f3ximo passo depois de terminar a faculdade.","og_url":"https:\/\/www.ciadetalentos.com.br\/blog\/me-formei-e-agora\/","og_site_name":"Blog Cia de Talentos","article_published_time":"2022-05-04T18:00:27+00:00","article_modified_time":"2022-04-29T18:04:25+00:00","og_image":[{"width":720,"height":542,"url":"https:\/\/www.ciadetalentos.com.br\/blog\/wp-content\/uploads\/sites\/7\/2022\/04\/Capa_me_formei.png","type":"image\/png"}],"author":"Cia de Talentos","twitter_card":"summary_large_image","twitter_misc":{"Escrito por":"Cia de Talentos","Est. tempo de leitura":"3 minutos"},"schema":{"@context":"https:\/\/schema.org","@graph":[{"@type":"WebPage","@id":"https:\/\/www.ciadetalentos.com.br\/blog\/me-formei-e-agora\/","url":"https:\/\/www.ciadetalentos.com.br\/blog\/me-formei-e-agora\/","name":"Me formei. E agora? - Blog Cia de Talentos","isPartOf":{"@id":"https:\/\/www.ciadetalentos.com.br\/blog\/#website"},"primaryImageOfPage":{"@id":"https:\/\/www.ciadetalentos.com.br\/blog\/me-formei-e-agora\/#primaryimage"},"image":{"@id":"https:\/\/www.ciadetalentos.com.br\/blog\/me-formei-e-agora\/#primaryimage"},"thumbnailUrl":"https:\/\/www.ciadetalentos.com.br\/blog\/wp-content\/uploads\/sites\/7\/2022\/04\/Capa_me_formei.png","datePublished":"2022-05-04T18:00:27+00:00","dateModified":"2022-04-29T18:04:25+00:00","author":{"@id":"https:\/\/www.ciadetalentos.com.br\/blog\/#\/schema\/person\/a6024f5d6725da8fca36c440770b47c1"},"description":"Neste artigo, trazemos 3 dicas para quem ainda n\u00e3o sabe qual \u00e9 o pr\u00f3ximo passo depois de terminar a faculdade.","breadcrumb":{"@id":"https:\/\/www.ciadetalentos.com.br\/blog\/me-formei-e-agora\/#breadcrumb"},"inLanguage":"pt-BR","potentialAction":[{"@type":"ReadAction","target":["https:\/\/www.ciadetalentos.com.br\/blog\/me-formei-e-agora\/"]}]},{"@type":"ImageObject","inLanguage":"pt-BR","@id":"https:\/\/www.ciadetalentos.com.br\/blog\/me-formei-e-agora\/#primaryimage","url":"https:\/\/www.ciadetalentos.com.br\/blog\/wp-content\/uploads\/sites\/7\/2022\/04\/Capa_me_formei.png","contentUrl":"https:\/\/www.ciadetalentos.com.br\/blog\/wp-content\/uploads\/sites\/7\/2022\/04\/Capa_me_formei.png","width":720,"height":542,"caption":"A imagem que ilustra o post apresenta uma jovem branca, de cabelos lisos e escuros na altura dos ombros, vestida com uma beca de formatura, usando capelo. Ela sorri, de olhos fechados, enquanto segura no alto, com uma das m\u00e3os, um diploma."},{"@type":"BreadcrumbList","@id":"https:\/\/www.ciadetalentos.com.br\/blog\/me-formei-e-agora\/#breadcrumb","itemListElement":[{"@type":"ListItem","position":1,"name":"Home","item":"https:\/\/www.ciadetalentos.com.br\/blog\/"},{"@type":"ListItem","position":2,"name":"Me formei. E agora?"}]},{"@type":"WebSite","@id":"https:\/\/www.ciadetalentos.com.br\/blog\/#website","url":"https:\/\/www.ciadetalentos.com.br\/blog\/","name":"Blog Cia de Talentos","description":"Descubra tudo o que voc\u00ea precisa para desenvolver carreiras e transformar sua vida profissional","potentialAction":[{"@type":"SearchAction","target":{"@type":"EntryPoint","urlTemplate":"https:\/\/www.ciadetalentos.com.br\/blog\/?s={search_term_string}"},"query-input":"required name=search_term_string"}],"inLanguage":"pt-BR"},{"@type":"Person","@id":"https:\/\/www.ciadetalentos.com.br\/blog\/#\/schema\/person\/a6024f5d6725da8fca36c440770b47c1","name":"Cia de Talentos","image":{"@type":"ImageObject","inLanguage":"pt-BR","@id":"https:\/\/www.ciadetalentos.com.br\/blog\/#\/schema\/person\/image\/","url":"https:\/\/secure.gravatar.com\/avatar\/47d3a2e8966d0dfc126be01c65bd12a8?s=96&d=mm&r=g","contentUrl":"https:\/\/secure.gravatar.com\/avatar\/47d3a2e8966d0dfc126be01c65bd12a8?s=96&d=mm&r=g","caption":"Cia de Talentos"},"url":"https:\/\/www.ciadetalentos.com.br\/blog\/author\/amazetto\/"}]}},"_links":{"self":[{"href":"https:\/\/www.ciadetalentos.com.br\/blog\/wp-json\/wp\/v2\/posts\/4389"}],"collection":[{"href":"https:\/\/www.ciadetalentos.com.br\/blog\/wp-json\/wp\/v2\/posts"}],"about":[{"href":"https:\/\/www.ciadetalentos.com.br\/blog\/wp-json\/wp\/v2\/types\/post"}],"author":[{"embeddable":true,"href":"https:\/\/www.ciadetalentos.com.br\/blog\/wp-json\/wp\/v2\/users\/10"}],"replies":[{"embeddable":true,"href":"https:\/\/www.ciadetalentos.com.br\/blog\/wp-json\/wp\/v2\/comments?post=4389"}],"version-history":[{"count":3,"href":"https:\/\/www.ciadetalentos.com.br\/blog\/wp-json\/wp\/v2\/posts\/4389\/revisions"}],"predecessor-version":[{"id":4447,"href":"https:\/\/www.ciadetalentos.com.br\/blog\/wp-json\/wp\/v2\/posts\/4389\/revisions\/4447"}],"wp:featuredmedia":[{"embeddable":true,"href":"https:\/\/www.ciadetalentos.com.br\/blog\/wp-json\/wp\/v2\/media\/4448"}],"wp:attachment":[{"href":"https:\/\/www.ciadetalentos.com.br\/blog\/wp-json\/wp\/v2\/media?parent=4389"}],"wp:term":[{"taxonomy":"category","embeddable":true,"href":"https:\/\/www.ciadetalentos.com.br\/blog\/wp-json\/wp\/v2\/categories?post=4389"},{"taxonomy":"post_tag","embeddable":true,"href":"https:\/\/www.ciadetalentos.com.br\/blog\/wp-json\/wp\/v2\/tags?post=4389"}],"curies":[{"name":"wp","href":"https:\/\/api.w.org\/{rel}","templated":true}]}}