{"id":4416,"date":"2022-04-07T11:52:34","date_gmt":"2022-04-07T14:52:34","guid":{"rendered":"https:\/\/www.ciadetalentos.com.br\/blog\/?p=4416"},"modified":"2022-04-07T11:52:34","modified_gmt":"2022-04-07T14:52:34","slug":"ansiedade-como-lidar-com-ela-antes-da-dinamica-de-grupo","status":"publish","type":"post","link":"https:\/\/www.ciadetalentos.com.br\/blog\/ansiedade-como-lidar-com-ela-antes-da-dinamica-de-grupo\/","title":{"rendered":"Ansiedade: como lidar com ela antes da din\u00e2mica de grupo"},"content":{"rendered":"<p>Quem nunca teve que lidar com a ansiedade ao saber que aquela oportunidade de trabalho t\u00e3o esperada, na empresa dos\u00a0 sonhos, teria um processo seletivo composto por uma etapa chamada din\u00e2mica de grupo?<\/p>\n<p>Sabemos que essa \u00e9 uma palavra que assusta e, por esse motivo, queremos te dizer que, sim, voc\u00ea pode ter sucesso nessa etapa!\u00a0 E \u00e9 sobre isso que vamos falar neste artigo.<\/p>\n<h2>Conhecer a empresa ajuda a diminuir a ansiedade<\/h2>\n<p>O primeiro passo para estar mais bem preparado \u00e9 conhecer a empresa que vai conduzir o processo seletivo. Empresas com credibilidade e reconhecimento no mercado te proporcionar\u00e3o no m\u00ednimo, uma experi\u00eancia de aprendizado.<\/p>\n<p>Outro ponto importante \u00e9 que em processos seletivos voc\u00ea \u00e9 avaliado, mas tamb\u00e9m avalia. Isso quer dizer que, durante a din\u00e2mica de grupo, tamb\u00e9m \u00e9 hora de conhecer a empresa. Quando voc\u00ea participar de uma din\u00e2mica presencial, aproveite pra observar um pouco do dia a dia e do ambiente que voc\u00ea vai vivenciar, em caso de uma contrata\u00e7\u00e3o. Sinta o clima, veja a postura das pessoas, a forma com que o processo \u00e9 feito. Isso te dar\u00e1 condi\u00e7\u00f5es de dizer se fez uma escolha alinhada ao seu perfil. \u00c9 importante cuidar das suas escolhas desde o primeiro momento.<\/p>\n<h2>Agora \u00e9 hora de se preparar<\/h2>\n<p>Estar preparado \u00e9 tamb\u00e9m uma forma de voc\u00ea conseguir controlar a ansiedade. Por isso, \u00e9 importante que voc\u00ea saiba que a din\u00e2mica de grupo \u00e9 uma etapa do processo que tem o objetivo de avaliar comportamentos e habilidades que as pessoas possuem. Assim, chegamos \u00e0 principal dica pra voc\u00ea se preparar:\u00a0 na hora da din\u00e2mica, seja voc\u00ea mesmo!<\/p>\n<p>Parece clich\u00ea, mas \u00e9 o que vai te conduzir ao sucesso. At\u00e9 porque o ambiente corporativo \u00e9 multifuncional. Uma empresa n\u00e3o \u00e9 formada de pessoas com um \u00fanico perfil e a maneira de saber se o seu condiz com a vaga que voc\u00ea deseja \u00e9 deixar que a pessoa que est\u00e1 \u00e0 frente do processo de sele\u00e7\u00e3o consiga identificar isso.<\/p>\n<p>Ao se preparar, se lembre dos momentos importantes que j\u00e1 viveu, os aprendizados, as pessoas que cruzaram seu caminho e foque seu preparo nisso. Pergunte a pessoas pr\u00f3ximas &#8211; e aqui valem amigos, parentes, colegas, professores &#8211;\u00a0 o que voc\u00ea faz bem e o que n\u00e3o deixariam de falar sobre voc\u00ea se pudessem fazer a sele\u00e7\u00e3o no seu lugar.<\/p>\n<p>Lembre que a avalia\u00e7\u00e3o olha para as pessoas dentro de um perfil espec\u00edfico. Ou seja, todas ter\u00e3o as mesmas oportunidades, sendo t\u00edmidas ou n\u00e3o, estando ansiosas ou n\u00e3o, desde que se exponham ao desafio.<\/p>\n<h2>E o que eu devo fazer pra me sair bem na din\u00e2mica?<\/h2>\n<p>A resposta mais simples e direta \u00e9: participar! Isso \u00e9 essencial pra que seus comportamentos e habilidades sejam percebidos por quem te avalia. Busque espa\u00e7o \u00e0 sua maneira, tente solucionar os problemas propostos, fa\u00e7a sugest\u00f5es, traga ideias que agreguem \u00e0s discuss\u00f5es, se dedique ao momento. Qualquer que seja o seu perfil, com mais desenvoltura ou mais anal\u00edtico, o importante \u00e9 n\u00e3o ficar de fora das discuss\u00f5es.<\/p>\n<p>Ent\u00e3o, \u00e9 fundamental que voc\u00ea aja com naturalidade, mesmo que a ansiedade e o nervosismo estejam batendo \u00e0 porta. Al\u00e9m disso, esses comportamentos e habilidades avaliados variam de empresa para empresa.<\/p>\n<p>Muitas pessoas acabam deixando a ansiedade tomar conta da situa\u00e7\u00e3o e se perdem durante a participa\u00e7\u00e3o. Falam sem parar ou n\u00e3o ouvem os integrantes do grupo. Em outros momentos, s\u00f3 observam, se calam e assim n\u00e3o conseguem imprimir a sua marca na atividade. Por isso, dentro do seu jeito de ser, tente achar a sua forma de participar. N\u00e3o se considere uma v\u00edtima da din\u00e2mica de grupo e do grupo em que participou.<\/p>\n<p>\u00c9 bastante comum dizerem que a participa\u00e7\u00e3o foi prejudicada por causa do perfil dos participantes com que trabalhou, que eram &#8220;assim ou assado&#8221;. Fa\u00e7a a sua parte e evite se compara\u00e7\u00f5es com as outras pessoas. Lembre-se que todos voc\u00eas est\u00e3o sendo observados e que as pessoas que conduzem a din\u00e2mica est\u00e3o preparadas para perceber o que acontece ao seu redor.<\/p>\n<h2>Conclus\u00e3o<\/h2>\n<p>Sabemos que ser avaliado n\u00e3o \u00e9 uma situa\u00e7\u00e3o confort\u00e1vel, por isso \u00e9 t\u00e3o importante se conhecer. Saiba quem \u00e9 voc\u00ea, quais s\u00e3o seus limites, seus medos, suas qualidades e use tudo isso a seu favor.<\/p>\n<p>V\u00e1 pra esse dia com essa clareza e o impacto que causa nas demais pessoas ao seu redor. Potencialize o que te diferencia, gerencie as suas fragilidades e acredite em voc\u00ea!<\/p>\n<p><strong>Leia mais:<\/strong><\/p>\n<p><a href=\"https:\/\/www.ciadetalentos.com.br\/blog\/o-bbb-da-vida-profissional-quem-e-voce-nesse-jogo\/\">O BBB da vida profissional: quem \u00e9 voc\u00ea nesse jogo?<\/a><\/p>\n<p><a href=\"https:\/\/www.ciadetalentos.com.br\/blog\/mitos-e-verdades-dinamica-de-grupo\/\">Din\u00e2mica de grupo: confira os principais mitos e verdades<\/a><\/p>\n<p><a href=\"https:\/\/www.ciadetalentos.com.br\/blog\/como-voce-e-avaliado-em-uma-dinamica-de-grupo\/\">Como voc\u00ea \u00e9 avaliado nessa etapa do processo de sele\u00e7\u00e3o?<\/a><\/p>\n","protected":false},"excerpt":{"rendered":"<p>Quem nunca teve que lidar com a ansiedade ao saber que aquela oportunidade de&hellip;<\/p>\n","protected":false},"author":27,"featured_media":4418,"comment_status":"open","ping_status":"open","sticky":false,"template":"","format":"standard","meta":{"footnotes":""},"categories":[20,22],"tags":[170,607,132],"yoast_head":"<!-- This site is optimized with the Yoast SEO plugin v22.5 - https:\/\/yoast.com\/wordpress\/plugins\/seo\/ -->\n<title>Ansiedade: como lidar com ela antes da din\u00e2mica de grupo - Blog Cia de Talentos<\/title>\n<meta name=\"description\" content=\"A gente sabe que essa fase da sele\u00e7\u00e3o costuma gerar ansiedade pra maioria das pessoas. Confira nesse artigo como se preparar pra esse dia.\" \/>\n<meta name=\"robots\" content=\"index, follow, max-snippet:-1, max-image-preview:large, max-video-preview:-1\" \/>\n<link rel=\"canonical\" href=\"https:\/\/www.ciadetalentos.com.br\/blog\/ansiedade-como-lidar-com-ela-antes-da-dinamica-de-grupo\/\" \/>\n<meta property=\"og:locale\" content=\"pt_BR\" \/>\n<meta property=\"og:type\" content=\"article\" \/>\n<meta property=\"og:title\" content=\"Ansiedade: como lidar com ela antes da din\u00e2mica de grupo - Blog Cia de Talentos\" \/>\n<meta property=\"og:description\" content=\"A gente sabe que essa fase da sele\u00e7\u00e3o costuma gerar ansiedade pra maioria das pessoas. Confira nesse artigo como se preparar pra esse dia.\" \/>\n<meta property=\"og:url\" content=\"https:\/\/www.ciadetalentos.com.br\/blog\/ansiedade-como-lidar-com-ela-antes-da-dinamica-de-grupo\/\" \/>\n<meta property=\"og:site_name\" content=\"Blog Cia de Talentos\" \/>\n<meta property=\"article:published_time\" content=\"2022-04-07T14:52:34+00:00\" \/>\n<meta property=\"og:image\" content=\"https:\/\/www.ciadetalentos.com.br\/blog\/wp-content\/uploads\/sites\/7\/2022\/04\/capa_ansiedade_dinamica.png\" \/>\n\t<meta property=\"og:image:width\" content=\"720\" \/>\n\t<meta property=\"og:image:height\" content=\"542\" \/>\n\t<meta property=\"og:image:type\" content=\"image\/png\" \/>\n<meta name=\"author\" content=\"Gabriela Rodrigues\" \/>\n<meta name=\"twitter:card\" content=\"summary_large_image\" \/>\n<meta name=\"twitter:label1\" content=\"Escrito por\" \/>\n\t<meta name=\"twitter:data1\" content=\"Gabriela Rodrigues\" \/>\n\t<meta name=\"twitter:label2\" content=\"Est. tempo de leitura\" \/>\n\t<meta name=\"twitter:data2\" content=\"6 minutos\" \/>\n<script type=\"application\/ld+json\" class=\"yoast-schema-graph\">{\"@context\":\"https:\/\/schema.org\",\"@graph\":[{\"@type\":\"WebPage\",\"@id\":\"https:\/\/www.ciadetalentos.com.br\/blog\/ansiedade-como-lidar-com-ela-antes-da-dinamica-de-grupo\/\",\"url\":\"https:\/\/www.ciadetalentos.com.br\/blog\/ansiedade-como-lidar-com-ela-antes-da-dinamica-de-grupo\/\",\"name\":\"Ansiedade: como lidar com ela antes da din\u00e2mica de grupo - Blog Cia de Talentos\",\"isPartOf\":{\"@id\":\"https:\/\/www.ciadetalentos.com.br\/blog\/#website\"},\"primaryImageOfPage\":{\"@id\":\"https:\/\/www.ciadetalentos.com.br\/blog\/ansiedade-como-lidar-com-ela-antes-da-dinamica-de-grupo\/#primaryimage\"},\"image\":{\"@id\":\"https:\/\/www.ciadetalentos.com.br\/blog\/ansiedade-como-lidar-com-ela-antes-da-dinamica-de-grupo\/#primaryimage\"},\"thumbnailUrl\":\"https:\/\/www.ciadetalentos.com.br\/blog\/wp-content\/uploads\/sites\/7\/2022\/04\/capa_ansiedade_dinamica.png\",\"datePublished\":\"2022-04-07T14:52:34+00:00\",\"dateModified\":\"2022-04-07T14:52:34+00:00\",\"author\":{\"@id\":\"https:\/\/www.ciadetalentos.com.br\/blog\/#\/schema\/person\/fbbbbe6cfa27337d13978c3b6991c425\"},\"description\":\"A gente sabe que essa fase da sele\u00e7\u00e3o costuma gerar ansiedade pra maioria das pessoas. Confira nesse artigo como se preparar pra esse dia.\",\"breadcrumb\":{\"@id\":\"https:\/\/www.ciadetalentos.com.br\/blog\/ansiedade-como-lidar-com-ela-antes-da-dinamica-de-grupo\/#breadcrumb\"},\"inLanguage\":\"pt-BR\",\"potentialAction\":[{\"@type\":\"ReadAction\",\"target\":[\"https:\/\/www.ciadetalentos.com.br\/blog\/ansiedade-como-lidar-com-ela-antes-da-dinamica-de-grupo\/\"]}]},{\"@type\":\"ImageObject\",\"inLanguage\":\"pt-BR\",\"@id\":\"https:\/\/www.ciadetalentos.com.br\/blog\/ansiedade-como-lidar-com-ela-antes-da-dinamica-de-grupo\/#primaryimage\",\"url\":\"https:\/\/www.ciadetalentos.com.br\/blog\/wp-content\/uploads\/sites\/7\/2022\/04\/capa_ansiedade_dinamica.png\",\"contentUrl\":\"https:\/\/www.ciadetalentos.com.br\/blog\/wp-content\/uploads\/sites\/7\/2022\/04\/capa_ansiedade_dinamica.png\",\"width\":720,\"height\":542,\"caption\":\"A imagem ilustra o assunto do artigo que \u00e9: Ansiedade: como lidar com ela antes da din\u00e2mica de grupo. Est\u00e1 em tom alaranjado, mostrando uma mo\u00e7a oriental, de cabelos escuros e lisos na altura dos ombros, com as m\u00e3os na cabe\u00e7a. Ela olha para o computador e demonstra preocupa\u00e7\u00e3o. Em volta dela, algumas ilustra\u00e7\u00f5es como rabiscos, simbolizando que ela est\u00e1 confusa.\"},{\"@type\":\"BreadcrumbList\",\"@id\":\"https:\/\/www.ciadetalentos.com.br\/blog\/ansiedade-como-lidar-com-ela-antes-da-dinamica-de-grupo\/#breadcrumb\",\"itemListElement\":[{\"@type\":\"ListItem\",\"position\":1,\"name\":\"Home\",\"item\":\"https:\/\/www.ciadetalentos.com.br\/blog\/\"},{\"@type\":\"ListItem\",\"position\":2,\"name\":\"Ansiedade: como lidar com ela antes da din\u00e2mica de grupo\"}]},{\"@type\":\"WebSite\",\"@id\":\"https:\/\/www.ciadetalentos.com.br\/blog\/#website\",\"url\":\"https:\/\/www.ciadetalentos.com.br\/blog\/\",\"name\":\"Blog Cia de Talentos\",\"description\":\"Descubra tudo o que voc\u00ea precisa para desenvolver carreiras e transformar sua vida profissional\",\"potentialAction\":[{\"@type\":\"SearchAction\",\"target\":{\"@type\":\"EntryPoint\",\"urlTemplate\":\"https:\/\/www.ciadetalentos.com.br\/blog\/?s={search_term_string}\"},\"query-input\":\"required name=search_term_string\"}],\"inLanguage\":\"pt-BR\"},{\"@type\":\"Person\",\"@id\":\"https:\/\/www.ciadetalentos.com.br\/blog\/#\/schema\/person\/fbbbbe6cfa27337d13978c3b6991c425\",\"name\":\"Gabriela Rodrigues\",\"image\":{\"@type\":\"ImageObject\",\"inLanguage\":\"pt-BR\",\"@id\":\"https:\/\/www.ciadetalentos.com.br\/blog\/#\/schema\/person\/image\/\",\"url\":\"https:\/\/secure.gravatar.com\/avatar\/4112976353a5fcd663a24f1a42825c25?s=96&d=mm&r=g\",\"contentUrl\":\"https:\/\/secure.gravatar.com\/avatar\/4112976353a5fcd663a24f1a42825c25?s=96&d=mm&r=g\",\"caption\":\"Gabriela Rodrigues\"},\"url\":\"https:\/\/www.ciadetalentos.com.br\/blog\/author\/gabriela\/\"}]}<\/script>\n<!-- \/ Yoast SEO plugin. -->","yoast_head_json":{"title":"Ansiedade: como lidar com ela antes da din\u00e2mica de grupo - Blog Cia de Talentos","description":"A gente sabe que essa fase da sele\u00e7\u00e3o costuma gerar ansiedade pra maioria das pessoas. Confira nesse artigo como se preparar pra esse dia.","robots":{"index":"index","follow":"follow","max-snippet":"max-snippet:-1","max-image-preview":"max-image-preview:large","max-video-preview":"max-video-preview:-1"},"canonical":"https:\/\/www.ciadetalentos.com.br\/blog\/ansiedade-como-lidar-com-ela-antes-da-dinamica-de-grupo\/","og_locale":"pt_BR","og_type":"article","og_title":"Ansiedade: como lidar com ela antes da din\u00e2mica de grupo - Blog Cia de Talentos","og_description":"A gente sabe que essa fase da sele\u00e7\u00e3o costuma gerar ansiedade pra maioria das pessoas. Confira nesse artigo como se preparar pra esse dia.","og_url":"https:\/\/www.ciadetalentos.com.br\/blog\/ansiedade-como-lidar-com-ela-antes-da-dinamica-de-grupo\/","og_site_name":"Blog Cia de Talentos","article_published_time":"2022-04-07T14:52:34+00:00","og_image":[{"width":720,"height":542,"url":"https:\/\/www.ciadetalentos.com.br\/blog\/wp-content\/uploads\/sites\/7\/2022\/04\/capa_ansiedade_dinamica.png","type":"image\/png"}],"author":"Gabriela Rodrigues","twitter_card":"summary_large_image","twitter_misc":{"Escrito por":"Gabriela Rodrigues","Est. tempo de leitura":"6 minutos"},"schema":{"@context":"https:\/\/schema.org","@graph":[{"@type":"WebPage","@id":"https:\/\/www.ciadetalentos.com.br\/blog\/ansiedade-como-lidar-com-ela-antes-da-dinamica-de-grupo\/","url":"https:\/\/www.ciadetalentos.com.br\/blog\/ansiedade-como-lidar-com-ela-antes-da-dinamica-de-grupo\/","name":"Ansiedade: como lidar com ela antes da din\u00e2mica de grupo - Blog Cia de Talentos","isPartOf":{"@id":"https:\/\/www.ciadetalentos.com.br\/blog\/#website"},"primaryImageOfPage":{"@id":"https:\/\/www.ciadetalentos.com.br\/blog\/ansiedade-como-lidar-com-ela-antes-da-dinamica-de-grupo\/#primaryimage"},"image":{"@id":"https:\/\/www.ciadetalentos.com.br\/blog\/ansiedade-como-lidar-com-ela-antes-da-dinamica-de-grupo\/#primaryimage"},"thumbnailUrl":"https:\/\/www.ciadetalentos.com.br\/blog\/wp-content\/uploads\/sites\/7\/2022\/04\/capa_ansiedade_dinamica.png","datePublished":"2022-04-07T14:52:34+00:00","dateModified":"2022-04-07T14:52:34+00:00","author":{"@id":"https:\/\/www.ciadetalentos.com.br\/blog\/#\/schema\/person\/fbbbbe6cfa27337d13978c3b6991c425"},"description":"A gente sabe que essa fase da sele\u00e7\u00e3o costuma gerar ansiedade pra maioria das pessoas. Confira nesse artigo como se preparar pra esse dia.","breadcrumb":{"@id":"https:\/\/www.ciadetalentos.com.br\/blog\/ansiedade-como-lidar-com-ela-antes-da-dinamica-de-grupo\/#breadcrumb"},"inLanguage":"pt-BR","potentialAction":[{"@type":"ReadAction","target":["https:\/\/www.ciadetalentos.com.br\/blog\/ansiedade-como-lidar-com-ela-antes-da-dinamica-de-grupo\/"]}]},{"@type":"ImageObject","inLanguage":"pt-BR","@id":"https:\/\/www.ciadetalentos.com.br\/blog\/ansiedade-como-lidar-com-ela-antes-da-dinamica-de-grupo\/#primaryimage","url":"https:\/\/www.ciadetalentos.com.br\/blog\/wp-content\/uploads\/sites\/7\/2022\/04\/capa_ansiedade_dinamica.png","contentUrl":"https:\/\/www.ciadetalentos.com.br\/blog\/wp-content\/uploads\/sites\/7\/2022\/04\/capa_ansiedade_dinamica.png","width":720,"height":542,"caption":"A imagem ilustra o assunto do artigo que \u00e9: Ansiedade: como lidar com ela antes da din\u00e2mica de grupo. Est\u00e1 em tom alaranjado, mostrando uma mo\u00e7a oriental, de cabelos escuros e lisos na altura dos ombros, com as m\u00e3os na cabe\u00e7a. Ela olha para o computador e demonstra preocupa\u00e7\u00e3o. Em volta dela, algumas ilustra\u00e7\u00f5es como rabiscos, simbolizando que ela est\u00e1 confusa."},{"@type":"BreadcrumbList","@id":"https:\/\/www.ciadetalentos.com.br\/blog\/ansiedade-como-lidar-com-ela-antes-da-dinamica-de-grupo\/#breadcrumb","itemListElement":[{"@type":"ListItem","position":1,"name":"Home","item":"https:\/\/www.ciadetalentos.com.br\/blog\/"},{"@type":"ListItem","position":2,"name":"Ansiedade: como lidar com ela antes da din\u00e2mica de grupo"}]},{"@type":"WebSite","@id":"https:\/\/www.ciadetalentos.com.br\/blog\/#website","url":"https:\/\/www.ciadetalentos.com.br\/blog\/","name":"Blog Cia de Talentos","description":"Descubra tudo o que voc\u00ea precisa para desenvolver carreiras e transformar sua vida profissional","potentialAction":[{"@type":"SearchAction","target":{"@type":"EntryPoint","urlTemplate":"https:\/\/www.ciadetalentos.com.br\/blog\/?s={search_term_string}"},"query-input":"required name=search_term_string"}],"inLanguage":"pt-BR"},{"@type":"Person","@id":"https:\/\/www.ciadetalentos.com.br\/blog\/#\/schema\/person\/fbbbbe6cfa27337d13978c3b6991c425","name":"Gabriela Rodrigues","image":{"@type":"ImageObject","inLanguage":"pt-BR","@id":"https:\/\/www.ciadetalentos.com.br\/blog\/#\/schema\/person\/image\/","url":"https:\/\/secure.gravatar.com\/avatar\/4112976353a5fcd663a24f1a42825c25?s=96&d=mm&r=g","contentUrl":"https:\/\/secure.gravatar.com\/avatar\/4112976353a5fcd663a24f1a42825c25?s=96&d=mm&r=g","caption":"Gabriela Rodrigues"},"url":"https:\/\/www.ciadetalentos.com.br\/blog\/author\/gabriela\/"}]}},"_links":{"self":[{"href":"https:\/\/www.ciadetalentos.com.br\/blog\/wp-json\/wp\/v2\/posts\/4416"}],"collection":[{"href":"https:\/\/www.ciadetalentos.com.br\/blog\/wp-json\/wp\/v2\/posts"}],"about":[{"href":"https:\/\/www.ciadetalentos.com.br\/blog\/wp-json\/wp\/v2\/types\/post"}],"author":[{"embeddable":true,"href":"https:\/\/www.ciadetalentos.com.br\/blog\/wp-json\/wp\/v2\/users\/27"}],"replies":[{"embeddable":true,"href":"https:\/\/www.ciadetalentos.com.br\/blog\/wp-json\/wp\/v2\/comments?post=4416"}],"version-history":[{"count":2,"href":"https:\/\/www.ciadetalentos.com.br\/blog\/wp-json\/wp\/v2\/posts\/4416\/revisions"}],"predecessor-version":[{"id":4419,"href":"https:\/\/www.ciadetalentos.com.br\/blog\/wp-json\/wp\/v2\/posts\/4416\/revisions\/4419"}],"wp:featuredmedia":[{"embeddable":true,"href":"https:\/\/www.ciadetalentos.com.br\/blog\/wp-json\/wp\/v2\/media\/4418"}],"wp:attachment":[{"href":"https:\/\/www.ciadetalentos.com.br\/blog\/wp-json\/wp\/v2\/media?parent=4416"}],"wp:term":[{"taxonomy":"category","embeddable":true,"href":"https:\/\/www.ciadetalentos.com.br\/blog\/wp-json\/wp\/v2\/categories?post=4416"},{"taxonomy":"post_tag","embeddable":true,"href":"https:\/\/www.ciadetalentos.com.br\/blog\/wp-json\/wp\/v2\/tags?post=4416"}],"curies":[{"name":"wp","href":"https:\/\/api.w.org\/{rel}","templated":true}]}}