{"id":4568,"date":"2022-07-15T12:01:13","date_gmt":"2022-07-15T15:01:13","guid":{"rendered":"https:\/\/www.ciadetalentos.com.br\/blog\/?p=4568"},"modified":"2022-08-12T17:13:51","modified_gmt":"2022-08-12T20:13:51","slug":"entrevista-de-emprego-planeje-o-que-voce-ira-falar","status":"publish","type":"post","link":"https:\/\/www.ciadetalentos.com.br\/blog\/entrevista-de-emprego-planeje-o-que-voce-ira-falar\/","title":{"rendered":"Entrevista de emprego: Planeje o que falar"},"content":{"rendered":"<p>A entrevista de emprego \u00e9 sempre um momento especial e muito aguardado, que vem cheio de expectativas e de um certo nervosismo tamb\u00e9m.<\/p>\n<p>Por isso, a gente come\u00e7a uma nova s\u00e9rie de artigos especialmente sobre essa etapa do processo seletivo. Afinal, quem se prepara, chega na entrevista com mais de tranquilidade e confian\u00e7a. Vamos come\u00e7ar?<\/p>\n<h2><strong>Se prepare pra entrevista de emprego escrevendo<\/strong><\/h2>\n<p>Chegar na entrevista de emprego sem saber o que dizer sobre si mesmo, com quais atividades voc\u00ea se envolveu na faculdade, quais projetos realizou ou seu interesse pela vaga \u00e9 falta grave.<\/p>\n<p>Isso demonstra que voc\u00ea n\u00e3o se preparou. Por isso, reserve um tempo pra planejar o que dizer quando estiver frente a frente com a pessoa do processo seletivo. Aproveite e escreva aquilo que voc\u00ea considera importante.<\/p>\n<p>\u201cMas eu preciso mesmo escrever?\u201d. O ideal \u00e9 que voc\u00ea escreva sim, porque essa \u00e9 uma \u00f3tima forma de organizar as ideias. Pode ser no computador, no bloco de notas do celular ou em um caderno. O importante \u00e9 ter tudo anotado.<\/p>\n<p>Quando terminar, leia em voz alta pra ver se tudo faz sentido, se existe coer\u00eancia. Nessa revis\u00e3o, pode ser que voc\u00ea se lembre de algum detalhe que precisa ser inclu\u00eddo.<\/p>\n<h2><strong>E sobre o que eu devo escrever?<\/strong><\/h2>\n<p>Durante uma entrevista de emprego, existem algumas perguntas que s\u00e3o comuns e que voc\u00ea deve demonstrar seguran\u00e7a na hora de responder. Separamos algumas delas:<\/p>\n<h3><strong>1. Sobre voc\u00ea<\/strong><\/h3>\n<p>Essa costuma ser a primeira pergunta e encontrar a resposta para ela pode ser dif\u00edcil por ser um tanto aberta. Em primeiro lugar, lembre-se que \u00e9 a sua chance de mostrar o que n\u00e3o est\u00e1 no curr\u00edculo.<\/p>\n<p>Ent\u00e3o, procure manter o foco em quest\u00f5es profissionais. Voc\u00ea pode come\u00e7ar falando sobre a escolha do seu curso e a sua motiva\u00e7\u00e3o para trabalhar naquela \u00e1rea. H\u00e1 tamb\u00e9m espa\u00e7o para falar das suas habilidades, dar exemplo de alguma situa\u00e7\u00e3o que contribuiu para o seu aprendizado.<\/p>\n<h3><strong>2. Sobre sua experi\u00eancia<\/strong><\/h3>\n<p>Mesmo que voc\u00ea ainda n\u00e3o tenha uma experi\u00eancia profissional, pode considerar projetos da faculdade ou algum programa volunt\u00e1rio, por exemplo.<\/p>\n<p>Para falar sobre isso, uma boa forma de estruturar seu racioc\u00ednio \u00e9 utilizar o m\u00e9todo STAR. Ou seja, estruture sua fala seguindo os seguintes pontos: situa\u00e7\u00e3o, tarefa, a\u00e7\u00f5es e resultados. Assim, voc\u00ea n\u00e3o deixa nenhum ponto importante ficar de fora.<\/p>\n<h3><strong>3. Sobre seus pontos fortes e os que precisam melhorar<\/strong><\/h3>\n<p>Perfeccionista, respons\u00e1vel e dedicado s\u00e3o adjetivos muito usados por quem participa de entrevistas de emprego. Por isso, a nossa dica \u00e9 fugir deles. Uma forma de saber suas qualidades \u00e9 perguntando para pessoas pr\u00f3ximas, como familiares e amigos.<\/p>\n<p>Por outro lado, tamb\u00e9m tenha em mente as habilidades e os pontos que podem ser desenvolvidos. E lembre-se: isso n\u00e3o quer dizer que sejam defeitos. O mais importante \u00e9 destacar o que voc\u00ea est\u00e1 fazendo pra melhorar.<\/p>\n<p><strong>Leia mais:<br \/>\n<\/strong><\/p>\n<p><a href=\"https:\/\/www.ciadetalentos.com.br\/blog\/entrevista-de-emprego-o-que-dizer-e-como-lidar-com-as-perguntas-cliches\/\">O que dizer e como lidar com as perguntas &#8220;clich\u00eas&#8221;<\/a><\/p>\n<h3><strong>4. Sobre a maneira que voc\u00ea pode contribuir com a empresa<\/strong><\/h3>\n<p>Antes de ir para a entrevista, o que se espera \u00e9 que voc\u00ea estude a empresa, veja as informa\u00e7\u00f5es que est\u00e3o dispon\u00edveis no site, confira o que divulgam nas redes sociais, pesquise o que foi publicado sobre ela.<\/p>\n<p>A partir disso, voc\u00ea vai ter condi\u00e7\u00f5es de pensar como poderia contribuir com a empresa dentro da sua \u00e1rea de atua\u00e7\u00e3o.<\/p>\n<p>A gente sabe que o conte\u00fado \u00e9 superimportante, mas a forma e o jeito com que voc\u00ea o transmite podem fazer toda a diferen\u00e7a. E esse \u00e9 o assunto do pr\u00f3ximo artigo. At\u00e9 l\u00e1!<\/p>\n","protected":false},"excerpt":{"rendered":"<p>A entrevista de emprego \u00e9 sempre um momento especial e muito aguardado, que vem&hellip;<\/p>\n","protected":false},"author":27,"featured_media":4573,"comment_status":"open","ping_status":"open","sticky":false,"template":"","format":"standard","meta":{"footnotes":""},"categories":[22],"tags":[80,99,872,132],"yoast_head":"<!-- This site is optimized with the Yoast SEO plugin v22.5 - https:\/\/yoast.com\/wordpress\/plugins\/seo\/ -->\n<title>Entrevista de emprego: Planeje o que falar - Blog Cia de Talentos<\/title>\n<meta name=\"description\" content=\"Saber o que dizer na entrevista de emprego \u00e9 fundamental. Veja quatro pontos importantes pra voc\u00ea considerar na hora de se preparar.\" \/>\n<meta name=\"robots\" content=\"index, follow, max-snippet:-1, max-image-preview:large, max-video-preview:-1\" \/>\n<link rel=\"canonical\" href=\"https:\/\/www.ciadetalentos.com.br\/blog\/entrevista-de-emprego-planeje-o-que-voce-ira-falar\/\" \/>\n<meta property=\"og:locale\" content=\"pt_BR\" \/>\n<meta property=\"og:type\" content=\"article\" \/>\n<meta property=\"og:title\" content=\"Entrevista de emprego: Planeje o que falar - Blog Cia de Talentos\" \/>\n<meta property=\"og:description\" content=\"Saber o que dizer na entrevista de emprego \u00e9 fundamental. Veja quatro pontos importantes pra voc\u00ea considerar na hora de se preparar.\" \/>\n<meta property=\"og:url\" content=\"https:\/\/www.ciadetalentos.com.br\/blog\/entrevista-de-emprego-planeje-o-que-voce-ira-falar\/\" \/>\n<meta property=\"og:site_name\" content=\"Blog Cia de Talentos\" \/>\n<meta property=\"article:published_time\" content=\"2022-07-15T15:01:13+00:00\" \/>\n<meta property=\"article:modified_time\" content=\"2022-08-12T20:13:51+00:00\" \/>\n<meta property=\"og:image\" content=\"https:\/\/www.ciadetalentos.com.br\/blog\/wp-content\/uploads\/sites\/7\/2022\/07\/Capaa.jpg\" \/>\n\t<meta property=\"og:image:width\" content=\"1080\" \/>\n\t<meta property=\"og:image:height\" content=\"813\" \/>\n\t<meta property=\"og:image:type\" content=\"image\/jpeg\" \/>\n<meta name=\"author\" content=\"Gabriela Rodrigues\" \/>\n<meta name=\"twitter:card\" content=\"summary_large_image\" \/>\n<meta name=\"twitter:label1\" content=\"Escrito por\" \/>\n\t<meta name=\"twitter:data1\" content=\"Gabriela Rodrigues\" \/>\n\t<meta name=\"twitter:label2\" content=\"Est. tempo de leitura\" \/>\n\t<meta name=\"twitter:data2\" content=\"4 minutos\" \/>\n<script type=\"application\/ld+json\" class=\"yoast-schema-graph\">{\"@context\":\"https:\/\/schema.org\",\"@graph\":[{\"@type\":\"WebPage\",\"@id\":\"https:\/\/www.ciadetalentos.com.br\/blog\/entrevista-de-emprego-planeje-o-que-voce-ira-falar\/\",\"url\":\"https:\/\/www.ciadetalentos.com.br\/blog\/entrevista-de-emprego-planeje-o-que-voce-ira-falar\/\",\"name\":\"Entrevista de emprego: Planeje o que falar - Blog Cia de Talentos\",\"isPartOf\":{\"@id\":\"https:\/\/www.ciadetalentos.com.br\/blog\/#website\"},\"primaryImageOfPage\":{\"@id\":\"https:\/\/www.ciadetalentos.com.br\/blog\/entrevista-de-emprego-planeje-o-que-voce-ira-falar\/#primaryimage\"},\"image\":{\"@id\":\"https:\/\/www.ciadetalentos.com.br\/blog\/entrevista-de-emprego-planeje-o-que-voce-ira-falar\/#primaryimage\"},\"thumbnailUrl\":\"https:\/\/www.ciadetalentos.com.br\/blog\/wp-content\/uploads\/sites\/7\/2022\/07\/Capaa.jpg\",\"datePublished\":\"2022-07-15T15:01:13+00:00\",\"dateModified\":\"2022-08-12T20:13:51+00:00\",\"author\":{\"@id\":\"https:\/\/www.ciadetalentos.com.br\/blog\/#\/schema\/person\/fbbbbe6cfa27337d13978c3b6991c425\"},\"description\":\"Saber o que dizer na entrevista de emprego \u00e9 fundamental. Veja quatro pontos importantes pra voc\u00ea considerar na hora de se preparar.\",\"breadcrumb\":{\"@id\":\"https:\/\/www.ciadetalentos.com.br\/blog\/entrevista-de-emprego-planeje-o-que-voce-ira-falar\/#breadcrumb\"},\"inLanguage\":\"pt-BR\",\"potentialAction\":[{\"@type\":\"ReadAction\",\"target\":[\"https:\/\/www.ciadetalentos.com.br\/blog\/entrevista-de-emprego-planeje-o-que-voce-ira-falar\/\"]}]},{\"@type\":\"ImageObject\",\"inLanguage\":\"pt-BR\",\"@id\":\"https:\/\/www.ciadetalentos.com.br\/blog\/entrevista-de-emprego-planeje-o-que-voce-ira-falar\/#primaryimage\",\"url\":\"https:\/\/www.ciadetalentos.com.br\/blog\/wp-content\/uploads\/sites\/7\/2022\/07\/Capaa.jpg\",\"contentUrl\":\"https:\/\/www.ciadetalentos.com.br\/blog\/wp-content\/uploads\/sites\/7\/2022\/07\/Capaa.jpg\",\"width\":1080,\"height\":813,\"caption\":\"entrevista de emprego\"},{\"@type\":\"BreadcrumbList\",\"@id\":\"https:\/\/www.ciadetalentos.com.br\/blog\/entrevista-de-emprego-planeje-o-que-voce-ira-falar\/#breadcrumb\",\"itemListElement\":[{\"@type\":\"ListItem\",\"position\":1,\"name\":\"Home\",\"item\":\"https:\/\/www.ciadetalentos.com.br\/blog\/\"},{\"@type\":\"ListItem\",\"position\":2,\"name\":\"Entrevista de emprego: Planeje o que falar\"}]},{\"@type\":\"WebSite\",\"@id\":\"https:\/\/www.ciadetalentos.com.br\/blog\/#website\",\"url\":\"https:\/\/www.ciadetalentos.com.br\/blog\/\",\"name\":\"Blog Cia de Talentos\",\"description\":\"Descubra tudo o que voc\u00ea precisa para desenvolver carreiras e transformar sua vida profissional\",\"potentialAction\":[{\"@type\":\"SearchAction\",\"target\":{\"@type\":\"EntryPoint\",\"urlTemplate\":\"https:\/\/www.ciadetalentos.com.br\/blog\/?s={search_term_string}\"},\"query-input\":\"required name=search_term_string\"}],\"inLanguage\":\"pt-BR\"},{\"@type\":\"Person\",\"@id\":\"https:\/\/www.ciadetalentos.com.br\/blog\/#\/schema\/person\/fbbbbe6cfa27337d13978c3b6991c425\",\"name\":\"Gabriela Rodrigues\",\"image\":{\"@type\":\"ImageObject\",\"inLanguage\":\"pt-BR\",\"@id\":\"https:\/\/www.ciadetalentos.com.br\/blog\/#\/schema\/person\/image\/\",\"url\":\"https:\/\/secure.gravatar.com\/avatar\/4112976353a5fcd663a24f1a42825c25?s=96&d=mm&r=g\",\"contentUrl\":\"https:\/\/secure.gravatar.com\/avatar\/4112976353a5fcd663a24f1a42825c25?s=96&d=mm&r=g\",\"caption\":\"Gabriela Rodrigues\"},\"url\":\"https:\/\/www.ciadetalentos.com.br\/blog\/author\/gabriela\/\"}]}<\/script>\n<!-- \/ Yoast SEO plugin. -->","yoast_head_json":{"title":"Entrevista de emprego: Planeje o que falar - Blog Cia de Talentos","description":"Saber o que dizer na entrevista de emprego \u00e9 fundamental. Veja quatro pontos importantes pra voc\u00ea considerar na hora de se preparar.","robots":{"index":"index","follow":"follow","max-snippet":"max-snippet:-1","max-image-preview":"max-image-preview:large","max-video-preview":"max-video-preview:-1"},"canonical":"https:\/\/www.ciadetalentos.com.br\/blog\/entrevista-de-emprego-planeje-o-que-voce-ira-falar\/","og_locale":"pt_BR","og_type":"article","og_title":"Entrevista de emprego: Planeje o que falar - Blog Cia de Talentos","og_description":"Saber o que dizer na entrevista de emprego \u00e9 fundamental. Veja quatro pontos importantes pra voc\u00ea considerar na hora de se preparar.","og_url":"https:\/\/www.ciadetalentos.com.br\/blog\/entrevista-de-emprego-planeje-o-que-voce-ira-falar\/","og_site_name":"Blog Cia de Talentos","article_published_time":"2022-07-15T15:01:13+00:00","article_modified_time":"2022-08-12T20:13:51+00:00","og_image":[{"width":1080,"height":813,"url":"https:\/\/www.ciadetalentos.com.br\/blog\/wp-content\/uploads\/sites\/7\/2022\/07\/Capaa.jpg","type":"image\/jpeg"}],"author":"Gabriela Rodrigues","twitter_card":"summary_large_image","twitter_misc":{"Escrito por":"Gabriela Rodrigues","Est. tempo de leitura":"4 minutos"},"schema":{"@context":"https:\/\/schema.org","@graph":[{"@type":"WebPage","@id":"https:\/\/www.ciadetalentos.com.br\/blog\/entrevista-de-emprego-planeje-o-que-voce-ira-falar\/","url":"https:\/\/www.ciadetalentos.com.br\/blog\/entrevista-de-emprego-planeje-o-que-voce-ira-falar\/","name":"Entrevista de emprego: Planeje o que falar - Blog Cia de Talentos","isPartOf":{"@id":"https:\/\/www.ciadetalentos.com.br\/blog\/#website"},"primaryImageOfPage":{"@id":"https:\/\/www.ciadetalentos.com.br\/blog\/entrevista-de-emprego-planeje-o-que-voce-ira-falar\/#primaryimage"},"image":{"@id":"https:\/\/www.ciadetalentos.com.br\/blog\/entrevista-de-emprego-planeje-o-que-voce-ira-falar\/#primaryimage"},"thumbnailUrl":"https:\/\/www.ciadetalentos.com.br\/blog\/wp-content\/uploads\/sites\/7\/2022\/07\/Capaa.jpg","datePublished":"2022-07-15T15:01:13+00:00","dateModified":"2022-08-12T20:13:51+00:00","author":{"@id":"https:\/\/www.ciadetalentos.com.br\/blog\/#\/schema\/person\/fbbbbe6cfa27337d13978c3b6991c425"},"description":"Saber o que dizer na entrevista de emprego \u00e9 fundamental. Veja quatro pontos importantes pra voc\u00ea considerar na hora de se preparar.","breadcrumb":{"@id":"https:\/\/www.ciadetalentos.com.br\/blog\/entrevista-de-emprego-planeje-o-que-voce-ira-falar\/#breadcrumb"},"inLanguage":"pt-BR","potentialAction":[{"@type":"ReadAction","target":["https:\/\/www.ciadetalentos.com.br\/blog\/entrevista-de-emprego-planeje-o-que-voce-ira-falar\/"]}]},{"@type":"ImageObject","inLanguage":"pt-BR","@id":"https:\/\/www.ciadetalentos.com.br\/blog\/entrevista-de-emprego-planeje-o-que-voce-ira-falar\/#primaryimage","url":"https:\/\/www.ciadetalentos.com.br\/blog\/wp-content\/uploads\/sites\/7\/2022\/07\/Capaa.jpg","contentUrl":"https:\/\/www.ciadetalentos.com.br\/blog\/wp-content\/uploads\/sites\/7\/2022\/07\/Capaa.jpg","width":1080,"height":813,"caption":"entrevista de emprego"},{"@type":"BreadcrumbList","@id":"https:\/\/www.ciadetalentos.com.br\/blog\/entrevista-de-emprego-planeje-o-que-voce-ira-falar\/#breadcrumb","itemListElement":[{"@type":"ListItem","position":1,"name":"Home","item":"https:\/\/www.ciadetalentos.com.br\/blog\/"},{"@type":"ListItem","position":2,"name":"Entrevista de emprego: Planeje o que falar"}]},{"@type":"WebSite","@id":"https:\/\/www.ciadetalentos.com.br\/blog\/#website","url":"https:\/\/www.ciadetalentos.com.br\/blog\/","name":"Blog Cia de Talentos","description":"Descubra tudo o que voc\u00ea precisa para desenvolver carreiras e transformar sua vida profissional","potentialAction":[{"@type":"SearchAction","target":{"@type":"EntryPoint","urlTemplate":"https:\/\/www.ciadetalentos.com.br\/blog\/?s={search_term_string}"},"query-input":"required name=search_term_string"}],"inLanguage":"pt-BR"},{"@type":"Person","@id":"https:\/\/www.ciadetalentos.com.br\/blog\/#\/schema\/person\/fbbbbe6cfa27337d13978c3b6991c425","name":"Gabriela Rodrigues","image":{"@type":"ImageObject","inLanguage":"pt-BR","@id":"https:\/\/www.ciadetalentos.com.br\/blog\/#\/schema\/person\/image\/","url":"https:\/\/secure.gravatar.com\/avatar\/4112976353a5fcd663a24f1a42825c25?s=96&d=mm&r=g","contentUrl":"https:\/\/secure.gravatar.com\/avatar\/4112976353a5fcd663a24f1a42825c25?s=96&d=mm&r=g","caption":"Gabriela Rodrigues"},"url":"https:\/\/www.ciadetalentos.com.br\/blog\/author\/gabriela\/"}]}},"_links":{"self":[{"href":"https:\/\/www.ciadetalentos.com.br\/blog\/wp-json\/wp\/v2\/posts\/4568"}],"collection":[{"href":"https:\/\/www.ciadetalentos.com.br\/blog\/wp-json\/wp\/v2\/posts"}],"about":[{"href":"https:\/\/www.ciadetalentos.com.br\/blog\/wp-json\/wp\/v2\/types\/post"}],"author":[{"embeddable":true,"href":"https:\/\/www.ciadetalentos.com.br\/blog\/wp-json\/wp\/v2\/users\/27"}],"replies":[{"embeddable":true,"href":"https:\/\/www.ciadetalentos.com.br\/blog\/wp-json\/wp\/v2\/comments?post=4568"}],"version-history":[{"count":3,"href":"https:\/\/www.ciadetalentos.com.br\/blog\/wp-json\/wp\/v2\/posts\/4568\/revisions"}],"predecessor-version":[{"id":4579,"href":"https:\/\/www.ciadetalentos.com.br\/blog\/wp-json\/wp\/v2\/posts\/4568\/revisions\/4579"}],"wp:featuredmedia":[{"embeddable":true,"href":"https:\/\/www.ciadetalentos.com.br\/blog\/wp-json\/wp\/v2\/media\/4573"}],"wp:attachment":[{"href":"https:\/\/www.ciadetalentos.com.br\/blog\/wp-json\/wp\/v2\/media?parent=4568"}],"wp:term":[{"taxonomy":"category","embeddable":true,"href":"https:\/\/www.ciadetalentos.com.br\/blog\/wp-json\/wp\/v2\/categories?post=4568"},{"taxonomy":"post_tag","embeddable":true,"href":"https:\/\/www.ciadetalentos.com.br\/blog\/wp-json\/wp\/v2\/tags?post=4568"}],"curies":[{"name":"wp","href":"https:\/\/api.w.org\/{rel}","templated":true}]}}