{"id":4652,"date":"2022-09-09T16:42:51","date_gmt":"2022-09-09T19:42:51","guid":{"rendered":"https:\/\/www.ciadetalentos.com.br\/blog\/?p=4652"},"modified":"2022-09-09T16:42:51","modified_gmt":"2022-09-09T19:42:51","slug":"6-dicas-pra-lidar-com-a-ansiedade-no-processo-seletivo","status":"publish","type":"post","link":"https:\/\/www.ciadetalentos.com.br\/blog\/6-dicas-pra-lidar-com-a-ansiedade-no-processo-seletivo\/","title":{"rendered":"6 dicas pra lidar com a ansiedade no processo seletivo"},"content":{"rendered":"<p>Existem algumas situa\u00e7\u00f5es na nossa vida em que \u00e9 dif\u00edcil n\u00e3o sentir aquele friozinho na barriga. Sabendo que essa fase de conquistar a vaga de est\u00e1gio ou de trainee t\u00e3o esperada \u00e9 um deles, hoje a gente veio aqui pra te ajudar a lidar com a ansiedade no processo seletivo.<\/p>\n<h2><strong>Um pouquinho dos bastidores dos processos seletivos<\/strong><\/h2>\n<p>Vale dizer que a ansiedade costuma aparecer porque voc\u00ea est\u00e1 diante de uma situa\u00e7\u00e3o nova, em que n\u00e3o sabe exatamente o que ir\u00e1 acontecer. Isso \u00e9 normal e acontece com grande parte das pessoas quando t\u00eam que lidar com algo desconhecido.<\/p>\n<p>Por isso, tendo ou n\u00e3o participado de algum processo antes, tenha em mente que o objetivo naquele momento \u00e9 conhecer o perfil profissional de quem est\u00e1 participando, apresentar a empresa e dar mais detalhes da vaga. O interesse est\u00e1 em te conhecer, saber quais s\u00e3o suas habilidades e expectativas.<\/p>\n<p>Outro ponto que gera ansiedade no processo seletivo \u00e9 em rela\u00e7\u00e3o ao andamento. Depois de uma entrevista ou din\u00e2mica em grupo, fica aquela expectativa, aguardando o retorno da equipe de sele\u00e7\u00e3o. Lembre-se que as empresas levam algum tempo, fazendo alinhamentos internos.<\/p>\n<p>Isso quer dizer que, antes de dar uma resposta, foi preciso aguardar uma posi\u00e7\u00e3o de outras pessoas, que avaliaram quest\u00f5es t\u00e9cnicas e comportamentais e outros pontos pra chegar em quem se encaixa na vaga.<\/p>\n<p>Agora que voc\u00ea tem clareza de qual \u00e9 o objetivo e do que acontece do outro lado, confira 6 dicas que separarmos pra te ajudar a lidar com a ansiedade no processo seletivo.<\/p>\n<h2><strong>1. Busque se preparar com anteced\u00eancia<\/strong><\/h2>\n<p>Quando a gente se prepara, \u00e9 natural se sentir mais confiante. Por isso, comece pesquisando sobre a empresa, mas v\u00e1 al\u00e9m das informa\u00e7\u00f5es que est\u00e3o no site. Sem d\u00favida, ele \u00e9 fundamental, por\u00e9m voc\u00ea tamb\u00e9m pode acessar as redes sociais e levantar not\u00edcias sobre ela. Dessa maneira, voc\u00ea poder\u00e1 avaliar se \u00e9 a empresa onde gostaria de estar, se ela combina mesmo com seu perfil.<\/p>\n<h2><strong>2. Atente-se ao hor\u00e1rio<\/strong><\/h2>\n<p>Se for participar de uma etapa presencial, confira o endere\u00e7o e se programe para chegar sem com anteced\u00eancia. Sair de casa em cima da hora, s\u00f3 vai aumentar seu n\u00edvel de ansiedade no processo seletivo, o que pode prejudicar seu desempenho.<\/p>\n<p>Mesmo que a fase ocorra de forma online, confira antes se todos os equipamentos est\u00e3o funcionando bem. N\u00e3o deixe para acessar o link da reuni\u00e3o exatamente no hor\u00e1rio combinado. Fa\u00e7a isso alguns minutos antes. Afinal, n\u00e3o tem nada mais desagrad\u00e1vel e desesperador do que o computador, por exemplo, mostrar a mensagem: \u201cN\u00e3o desligue. Trabalhando em atualiza\u00e7\u00f5es. Aguarde alguns minutos\u201d bem no momento que voc\u00ea mais precisa dele.<\/p>\n<h2><strong>3. Leia sobre a vaga que est\u00e1 concorrendo<\/strong><\/h2>\n<p>Tenha fresquinho na cabe\u00e7a quais s\u00e3o os requisitos da vaga e quais as atividades est\u00e3o descritas ali como parte da fun\u00e7\u00e3o. Ent\u00e3o, a partir das exig\u00eancias colocadas, pense sobre quais pontos voc\u00ea considera importantes contar pra quem est\u00e1 fazendo a sele\u00e7\u00e3o.<\/p>\n<p>Depois, treine pra que a resposta saia naturalmente. Vale o que for melhor pra voc\u00ea: anotar em um papel, falar na frente do espelho, ensaiar com algu\u00e9m da fam\u00edlia ou gravar com o celular. O principal \u00e9 se sentir confiante.<\/p>\n<h2><strong>4. Utilize t\u00e9cnicas de relaxamento<\/strong><\/h2>\n<p>Independentemente do hor\u00e1rio que estiver agendada a sua participa\u00e7\u00e3o em qualquer que seja a etapa, \u00e9 superimportante ter uma boa noite de sono. No dia, tenha refei\u00e7\u00f5es leves e saud\u00e1veis pra evitar um poss\u00edvel mal-estar.<\/p>\n<p>Outra dica essencial, que parece um tanto \u00f3bvia, \u00e9: respire. Quando estamos ansiosos, a respira\u00e7\u00e3o tende a ficar mais curta, o que aumenta os batidos card\u00edacos e s\u00f3 piora a situa\u00e7\u00e3o. Por isso, respire fundo e devagar, prestando aten\u00e7\u00e3o no ar que entra e sai dos seus pulm\u00f5es. Essa \u00e9 uma excelente forma de lidar com a ansiedade no processo seletivo.<\/p>\n<h2><strong> 5. Seja racional<\/strong><\/h2>\n<p>\u00c9 comum que as pessoas sabotem a si mesmas com pensamentos que as deixam em d\u00favida quanto ao pr\u00f3prio potencial. Lembre-se que aquela vaga n\u00e3o \u00e9 a \u00fanica e que existem diversas outras empresas pra voc\u00ea tentar uma oportunidade. Al\u00e9m disso, se n\u00e3o acreditassem que voc\u00ea tem condi\u00e7\u00f5es de atender os requisitos, n\u00e3o te selecionariam pra concorrer.<\/p>\n<p>Outra maneira de ter mais tranquilidade \u00e9 pensar na entrevista, por exemplo, como uma reuni\u00e3o, em que existe um di\u00e1logo, uma troca onde voc\u00ea pode expor seus pontos de vista.<\/p>\n<h2><strong>6. Se houver abertura, pergunte em quanto tempo voc\u00ea poder\u00e1 ter um retorno<\/strong><\/h2>\n<p>Participar de alguma fase e n\u00e3o ter uma resposta, seja positiva ou negativa, com certeza \u00e9 um dos fatores que mais geram ansiedade no processo seletivo. Por isso, se a pessoa da equipe de sele\u00e7\u00e3o n\u00e3o disser e voc\u00ea perceber que existe uma abertura, pergunte o prazo que voc\u00ea deve aguardar por um retorno. Assim, voc\u00ea n\u00e3o corre o risco de questionar em um momento inadequado.<\/p>\n<p><strong>Leia mais:<\/strong><\/p>\n<p><a href=\"https:\/\/www.ciadetalentos.com.br\/blog\/como-lidar-com-a-timidez-no-processo-seletivo\/\">Como lidar com a timidez em um processo seletivo<\/a><\/p>\n<p><a href=\"https:\/\/www.ciadetalentos.com.br\/blog\/6-coisas-que-as-empresas-avaliam-na-entrevista-de-emprego\/\">6 coisas que as empresas avaliam na entrevista de emprego<\/a><\/p>\n","protected":false},"excerpt":{"rendered":"<p>Existem algumas situa\u00e7\u00f5es na nossa vida em que \u00e9 dif\u00edcil n\u00e3o sentir aquele friozinho&hellip;<\/p>\n","protected":false},"author":27,"featured_media":4653,"comment_status":"open","ping_status":"open","sticky":false,"template":"","format":"standard","meta":{"footnotes":""},"categories":[22],"tags":[170,884,80,132],"yoast_head":"<!-- This site is optimized with the Yoast SEO plugin v22.5 - https:\/\/yoast.com\/wordpress\/plugins\/seo\/ -->\n<title>6 dicas pra lidar com a ansiedade no processo seletivo -<\/title>\n<meta name=\"description\" content=\"Sentir aquele friozinho na barriga antes de um momento importante \u00e9 normal. Saiba como lidar com a ansiedade no processo seletivo.\" \/>\n<meta name=\"robots\" content=\"index, follow, max-snippet:-1, max-image-preview:large, max-video-preview:-1\" \/>\n<link rel=\"canonical\" href=\"https:\/\/www.ciadetalentos.com.br\/blog\/6-dicas-pra-lidar-com-a-ansiedade-no-processo-seletivo\/\" \/>\n<meta property=\"og:locale\" content=\"pt_BR\" \/>\n<meta property=\"og:type\" content=\"article\" \/>\n<meta property=\"og:title\" content=\"6 dicas pra lidar com a ansiedade no processo seletivo -\" \/>\n<meta property=\"og:description\" content=\"Sentir aquele friozinho na barriga antes de um momento importante \u00e9 normal. Saiba como lidar com a ansiedade no processo seletivo.\" \/>\n<meta property=\"og:url\" content=\"https:\/\/www.ciadetalentos.com.br\/blog\/6-dicas-pra-lidar-com-a-ansiedade-no-processo-seletivo\/\" \/>\n<meta property=\"og:site_name\" content=\"Blog Cia de Talentos\" \/>\n<meta property=\"article:published_time\" content=\"2022-09-09T19:42:51+00:00\" \/>\n<meta property=\"og:image\" content=\"https:\/\/www.ciadetalentos.com.br\/blog\/wp-content\/uploads\/sites\/7\/2022\/09\/capa_ansiedade_processo_seletivo.png\" \/>\n\t<meta property=\"og:image:width\" content=\"720\" \/>\n\t<meta property=\"og:image:height\" content=\"542\" \/>\n\t<meta property=\"og:image:type\" content=\"image\/png\" \/>\n<meta name=\"author\" content=\"Gabriela Rodrigues\" \/>\n<meta name=\"twitter:card\" content=\"summary_large_image\" \/>\n<meta name=\"twitter:label1\" content=\"Escrito por\" \/>\n\t<meta name=\"twitter:data1\" content=\"Gabriela Rodrigues\" \/>\n\t<meta name=\"twitter:label2\" content=\"Est. tempo de leitura\" \/>\n\t<meta name=\"twitter:data2\" content=\"5 minutos\" \/>\n<script type=\"application\/ld+json\" class=\"yoast-schema-graph\">{\"@context\":\"https:\/\/schema.org\",\"@graph\":[{\"@type\":\"WebPage\",\"@id\":\"https:\/\/www.ciadetalentos.com.br\/blog\/6-dicas-pra-lidar-com-a-ansiedade-no-processo-seletivo\/\",\"url\":\"https:\/\/www.ciadetalentos.com.br\/blog\/6-dicas-pra-lidar-com-a-ansiedade-no-processo-seletivo\/\",\"name\":\"6 dicas pra lidar com a ansiedade no processo seletivo -\",\"isPartOf\":{\"@id\":\"https:\/\/www.ciadetalentos.com.br\/blog\/#website\"},\"primaryImageOfPage\":{\"@id\":\"https:\/\/www.ciadetalentos.com.br\/blog\/6-dicas-pra-lidar-com-a-ansiedade-no-processo-seletivo\/#primaryimage\"},\"image\":{\"@id\":\"https:\/\/www.ciadetalentos.com.br\/blog\/6-dicas-pra-lidar-com-a-ansiedade-no-processo-seletivo\/#primaryimage\"},\"thumbnailUrl\":\"https:\/\/www.ciadetalentos.com.br\/blog\/wp-content\/uploads\/sites\/7\/2022\/09\/capa_ansiedade_processo_seletivo.png\",\"datePublished\":\"2022-09-09T19:42:51+00:00\",\"dateModified\":\"2022-09-09T19:42:51+00:00\",\"author\":{\"@id\":\"https:\/\/www.ciadetalentos.com.br\/blog\/#\/schema\/person\/fbbbbe6cfa27337d13978c3b6991c425\"},\"description\":\"Sentir aquele friozinho na barriga antes de um momento importante \u00e9 normal. Saiba como lidar com a ansiedade no processo seletivo.\",\"breadcrumb\":{\"@id\":\"https:\/\/www.ciadetalentos.com.br\/blog\/6-dicas-pra-lidar-com-a-ansiedade-no-processo-seletivo\/#breadcrumb\"},\"inLanguage\":\"pt-BR\",\"potentialAction\":[{\"@type\":\"ReadAction\",\"target\":[\"https:\/\/www.ciadetalentos.com.br\/blog\/6-dicas-pra-lidar-com-a-ansiedade-no-processo-seletivo\/\"]}]},{\"@type\":\"ImageObject\",\"inLanguage\":\"pt-BR\",\"@id\":\"https:\/\/www.ciadetalentos.com.br\/blog\/6-dicas-pra-lidar-com-a-ansiedade-no-processo-seletivo\/#primaryimage\",\"url\":\"https:\/\/www.ciadetalentos.com.br\/blog\/wp-content\/uploads\/sites\/7\/2022\/09\/capa_ansiedade_processo_seletivo.png\",\"contentUrl\":\"https:\/\/www.ciadetalentos.com.br\/blog\/wp-content\/uploads\/sites\/7\/2022\/09\/capa_ansiedade_processo_seletivo.png\",\"width\":720,\"height\":542,\"caption\":\"A imagem que ilustra o artigo \\\"6 dicas pra lidar com a ansiedade no processo seletivo\\\" tem um fundo laranja e traz a imagem de uma m\u00e3o, apertando uma bolinha antiestresse, que \u00e9 amarela e tem uma carinha feliz desenhada. No canto superior direito, est\u00e1 o logo do Grupo Cia de Talentos.\"},{\"@type\":\"BreadcrumbList\",\"@id\":\"https:\/\/www.ciadetalentos.com.br\/blog\/6-dicas-pra-lidar-com-a-ansiedade-no-processo-seletivo\/#breadcrumb\",\"itemListElement\":[{\"@type\":\"ListItem\",\"position\":1,\"name\":\"Home\",\"item\":\"https:\/\/www.ciadetalentos.com.br\/blog\/\"},{\"@type\":\"ListItem\",\"position\":2,\"name\":\"6 dicas pra lidar com a ansiedade no processo seletivo\"}]},{\"@type\":\"WebSite\",\"@id\":\"https:\/\/www.ciadetalentos.com.br\/blog\/#website\",\"url\":\"https:\/\/www.ciadetalentos.com.br\/blog\/\",\"name\":\"Blog Cia de Talentos\",\"description\":\"Descubra tudo o que voc\u00ea precisa para desenvolver carreiras e transformar sua vida profissional\",\"potentialAction\":[{\"@type\":\"SearchAction\",\"target\":{\"@type\":\"EntryPoint\",\"urlTemplate\":\"https:\/\/www.ciadetalentos.com.br\/blog\/?s={search_term_string}\"},\"query-input\":\"required name=search_term_string\"}],\"inLanguage\":\"pt-BR\"},{\"@type\":\"Person\",\"@id\":\"https:\/\/www.ciadetalentos.com.br\/blog\/#\/schema\/person\/fbbbbe6cfa27337d13978c3b6991c425\",\"name\":\"Gabriela Rodrigues\",\"image\":{\"@type\":\"ImageObject\",\"inLanguage\":\"pt-BR\",\"@id\":\"https:\/\/www.ciadetalentos.com.br\/blog\/#\/schema\/person\/image\/\",\"url\":\"https:\/\/secure.gravatar.com\/avatar\/4112976353a5fcd663a24f1a42825c25?s=96&d=mm&r=g\",\"contentUrl\":\"https:\/\/secure.gravatar.com\/avatar\/4112976353a5fcd663a24f1a42825c25?s=96&d=mm&r=g\",\"caption\":\"Gabriela Rodrigues\"},\"url\":\"https:\/\/www.ciadetalentos.com.br\/blog\/author\/gabriela\/\"}]}<\/script>\n<!-- \/ Yoast SEO plugin. -->","yoast_head_json":{"title":"6 dicas pra lidar com a ansiedade no processo seletivo -","description":"Sentir aquele friozinho na barriga antes de um momento importante \u00e9 normal. Saiba como lidar com a ansiedade no processo seletivo.","robots":{"index":"index","follow":"follow","max-snippet":"max-snippet:-1","max-image-preview":"max-image-preview:large","max-video-preview":"max-video-preview:-1"},"canonical":"https:\/\/www.ciadetalentos.com.br\/blog\/6-dicas-pra-lidar-com-a-ansiedade-no-processo-seletivo\/","og_locale":"pt_BR","og_type":"article","og_title":"6 dicas pra lidar com a ansiedade no processo seletivo -","og_description":"Sentir aquele friozinho na barriga antes de um momento importante \u00e9 normal. Saiba como lidar com a ansiedade no processo seletivo.","og_url":"https:\/\/www.ciadetalentos.com.br\/blog\/6-dicas-pra-lidar-com-a-ansiedade-no-processo-seletivo\/","og_site_name":"Blog Cia de Talentos","article_published_time":"2022-09-09T19:42:51+00:00","og_image":[{"width":720,"height":542,"url":"https:\/\/www.ciadetalentos.com.br\/blog\/wp-content\/uploads\/sites\/7\/2022\/09\/capa_ansiedade_processo_seletivo.png","type":"image\/png"}],"author":"Gabriela Rodrigues","twitter_card":"summary_large_image","twitter_misc":{"Escrito por":"Gabriela Rodrigues","Est. tempo de leitura":"5 minutos"},"schema":{"@context":"https:\/\/schema.org","@graph":[{"@type":"WebPage","@id":"https:\/\/www.ciadetalentos.com.br\/blog\/6-dicas-pra-lidar-com-a-ansiedade-no-processo-seletivo\/","url":"https:\/\/www.ciadetalentos.com.br\/blog\/6-dicas-pra-lidar-com-a-ansiedade-no-processo-seletivo\/","name":"6 dicas pra lidar com a ansiedade no processo seletivo -","isPartOf":{"@id":"https:\/\/www.ciadetalentos.com.br\/blog\/#website"},"primaryImageOfPage":{"@id":"https:\/\/www.ciadetalentos.com.br\/blog\/6-dicas-pra-lidar-com-a-ansiedade-no-processo-seletivo\/#primaryimage"},"image":{"@id":"https:\/\/www.ciadetalentos.com.br\/blog\/6-dicas-pra-lidar-com-a-ansiedade-no-processo-seletivo\/#primaryimage"},"thumbnailUrl":"https:\/\/www.ciadetalentos.com.br\/blog\/wp-content\/uploads\/sites\/7\/2022\/09\/capa_ansiedade_processo_seletivo.png","datePublished":"2022-09-09T19:42:51+00:00","dateModified":"2022-09-09T19:42:51+00:00","author":{"@id":"https:\/\/www.ciadetalentos.com.br\/blog\/#\/schema\/person\/fbbbbe6cfa27337d13978c3b6991c425"},"description":"Sentir aquele friozinho na barriga antes de um momento importante \u00e9 normal. Saiba como lidar com a ansiedade no processo seletivo.","breadcrumb":{"@id":"https:\/\/www.ciadetalentos.com.br\/blog\/6-dicas-pra-lidar-com-a-ansiedade-no-processo-seletivo\/#breadcrumb"},"inLanguage":"pt-BR","potentialAction":[{"@type":"ReadAction","target":["https:\/\/www.ciadetalentos.com.br\/blog\/6-dicas-pra-lidar-com-a-ansiedade-no-processo-seletivo\/"]}]},{"@type":"ImageObject","inLanguage":"pt-BR","@id":"https:\/\/www.ciadetalentos.com.br\/blog\/6-dicas-pra-lidar-com-a-ansiedade-no-processo-seletivo\/#primaryimage","url":"https:\/\/www.ciadetalentos.com.br\/blog\/wp-content\/uploads\/sites\/7\/2022\/09\/capa_ansiedade_processo_seletivo.png","contentUrl":"https:\/\/www.ciadetalentos.com.br\/blog\/wp-content\/uploads\/sites\/7\/2022\/09\/capa_ansiedade_processo_seletivo.png","width":720,"height":542,"caption":"A imagem que ilustra o artigo \"6 dicas pra lidar com a ansiedade no processo seletivo\" tem um fundo laranja e traz a imagem de uma m\u00e3o, apertando uma bolinha antiestresse, que \u00e9 amarela e tem uma carinha feliz desenhada. No canto superior direito, est\u00e1 o logo do Grupo Cia de Talentos."},{"@type":"BreadcrumbList","@id":"https:\/\/www.ciadetalentos.com.br\/blog\/6-dicas-pra-lidar-com-a-ansiedade-no-processo-seletivo\/#breadcrumb","itemListElement":[{"@type":"ListItem","position":1,"name":"Home","item":"https:\/\/www.ciadetalentos.com.br\/blog\/"},{"@type":"ListItem","position":2,"name":"6 dicas pra lidar com a ansiedade no processo seletivo"}]},{"@type":"WebSite","@id":"https:\/\/www.ciadetalentos.com.br\/blog\/#website","url":"https:\/\/www.ciadetalentos.com.br\/blog\/","name":"Blog Cia de Talentos","description":"Descubra tudo o que voc\u00ea precisa para desenvolver carreiras e transformar sua vida profissional","potentialAction":[{"@type":"SearchAction","target":{"@type":"EntryPoint","urlTemplate":"https:\/\/www.ciadetalentos.com.br\/blog\/?s={search_term_string}"},"query-input":"required name=search_term_string"}],"inLanguage":"pt-BR"},{"@type":"Person","@id":"https:\/\/www.ciadetalentos.com.br\/blog\/#\/schema\/person\/fbbbbe6cfa27337d13978c3b6991c425","name":"Gabriela Rodrigues","image":{"@type":"ImageObject","inLanguage":"pt-BR","@id":"https:\/\/www.ciadetalentos.com.br\/blog\/#\/schema\/person\/image\/","url":"https:\/\/secure.gravatar.com\/avatar\/4112976353a5fcd663a24f1a42825c25?s=96&d=mm&r=g","contentUrl":"https:\/\/secure.gravatar.com\/avatar\/4112976353a5fcd663a24f1a42825c25?s=96&d=mm&r=g","caption":"Gabriela Rodrigues"},"url":"https:\/\/www.ciadetalentos.com.br\/blog\/author\/gabriela\/"}]}},"_links":{"self":[{"href":"https:\/\/www.ciadetalentos.com.br\/blog\/wp-json\/wp\/v2\/posts\/4652"}],"collection":[{"href":"https:\/\/www.ciadetalentos.com.br\/blog\/wp-json\/wp\/v2\/posts"}],"about":[{"href":"https:\/\/www.ciadetalentos.com.br\/blog\/wp-json\/wp\/v2\/types\/post"}],"author":[{"embeddable":true,"href":"https:\/\/www.ciadetalentos.com.br\/blog\/wp-json\/wp\/v2\/users\/27"}],"replies":[{"embeddable":true,"href":"https:\/\/www.ciadetalentos.com.br\/blog\/wp-json\/wp\/v2\/comments?post=4652"}],"version-history":[{"count":1,"href":"https:\/\/www.ciadetalentos.com.br\/blog\/wp-json\/wp\/v2\/posts\/4652\/revisions"}],"predecessor-version":[{"id":4654,"href":"https:\/\/www.ciadetalentos.com.br\/blog\/wp-json\/wp\/v2\/posts\/4652\/revisions\/4654"}],"wp:featuredmedia":[{"embeddable":true,"href":"https:\/\/www.ciadetalentos.com.br\/blog\/wp-json\/wp\/v2\/media\/4653"}],"wp:attachment":[{"href":"https:\/\/www.ciadetalentos.com.br\/blog\/wp-json\/wp\/v2\/media?parent=4652"}],"wp:term":[{"taxonomy":"category","embeddable":true,"href":"https:\/\/www.ciadetalentos.com.br\/blog\/wp-json\/wp\/v2\/categories?post=4652"},{"taxonomy":"post_tag","embeddable":true,"href":"https:\/\/www.ciadetalentos.com.br\/blog\/wp-json\/wp\/v2\/tags?post=4652"}],"curies":[{"name":"wp","href":"https:\/\/api.w.org\/{rel}","templated":true}]}}