{"id":4805,"date":"2023-01-13T18:57:13","date_gmt":"2023-01-13T21:57:13","guid":{"rendered":"https:\/\/www.ciadetalentos.com.br\/blog\/?p=4805"},"modified":"2023-01-13T18:57:13","modified_gmt":"2023-01-13T21:57:13","slug":"vaga-de-estagio-nao-consegui-a-minha-e-agora","status":"publish","type":"post","link":"https:\/\/www.ciadetalentos.com.br\/blog\/vaga-de-estagio-nao-consegui-a-minha-e-agora\/","title":{"rendered":"Vaga de est\u00e1gio: n\u00e3o consegui a minha. E agora?"},"content":{"rendered":"<p>Quando a gente participa de um processo seletivo pra uma vaga de est\u00e1gio \u2013 ou mesmo de trainee -, a resposta mais esperada \u00e9 a de aprova\u00e7\u00e3o. Mas, nem sempre isso acontece. \u00c9 nesse momento que in\u00fameras d\u00favidas e questionamentos surgem. Por isso, no artigo de hoje, trouxemos algumas dicas importantes pra voc\u00ea. Confira!<\/p>\n<h2><strong>Acolha seu sentimento de frustra\u00e7\u00e3o<\/strong><\/h2>\n<p>Em primeiro lugar, seja gentil com voc\u00ea. <span class=\"fe5nidar khvhiq1o r5qsrrlp i5tg98hk f9ovudaz przvwfww gx1rr48f gfz4du6o r7fjleex nz2484kf svot0ezm dcnh1tix sxl192xd t3g6t33p\"><span class=\"mpj7bzys xzlurrtv\">\u2764\ufe0f<\/span><\/span> Ao inv\u00e9s de se culpar ou pensar que h\u00e1 algo de errado, lembre-se que esse \u00e9 um sentimento natural, principalmente quando colocamos nossa expectativa em determinada vaga de est\u00e1gio.<\/p>\n<p>Cada pessoa tem o seu tempo pra lidar com isso. Respeite o seu, mas n\u00e3o deixe que isso te paralise. Respire fundo e pense em quais ser\u00e3o seus pr\u00f3ximos passos.<\/p>\n<h2><strong>Reflita sobre como foi a sua participa\u00e7\u00e3o no processo seletivo<\/strong><\/h2>\n<p>\u00c9 importante que voc\u00ea dedique um tempo pra relembrar como foi seu desempenho nas etapas que participou. Reflita sobre como foi seu comportamento nas din\u00e2micas de grupo, por exemplo. Pense no que voc\u00ea fez e que foi bacana. Por outro lado, pergunte-se: O que eu poderia ter feito de diferente?<\/p>\n<p>Se chegou \u00e0 fase de entrevista, sobre quais pontos quiseram que voc\u00ea falasse? Suas respostas estavam de acordo? Voc\u00ea conseguiu seguir um racioc\u00ednio de come\u00e7o, meio e fim?<\/p>\n<p>Uma dica essencial \u00e9 prestar aten\u00e7\u00e3o aos seus gestos e movimentos pra que eles sejam coerentes com a sua fala. Imagine dizer que tem bastante interesse na vaga de est\u00e1gio, mas passar o tempo todo de bra\u00e7os cruzados, n\u00e3o demonstrando nenhuma abertura?<\/p>\n<h2><strong>Leia com aten\u00e7\u00e3o as devolutivas<\/strong><\/h2>\n<p>Nos processos conduzidos pela Cia de Talentos, voc\u00ea tem acesso a um feedback onde recebe informa\u00e7\u00f5es sobre quais compet\u00eancias foram avaliadas, como foi sua participa\u00e7\u00e3o, al\u00e9m de dicas pra se desenvolver.<\/p>\n<p>Ler atentamente cada um deles \u00e9 fundamental, porque eles te d\u00e3o informa\u00e7\u00f5es valiosas pra que voc\u00ea saiba como pode melhorar. E isso tem a ver com a dica seguinte.<\/p>\n<h2><strong>Desenvolva o autoconhecimento<\/strong><\/h2>\n<p>Todas essas dicas que demos at\u00e9 aqui ajudam voc\u00ea a se conhecer. Autoconhecimento \u00e9 algo que a gente desenvolve com o tempo, a partir das nossas viv\u00eancias e experi\u00eancias, sejam positivas e negativas. \u00c9 tamb\u00e9m um exerc\u00edcio de se perceber e saber de que maneira reagimos frente a diferentes situa\u00e7\u00f5es. Por isso, considere cada t\u00f3pico como parte do seu aprendizado. Uma dica \u00e9 ver o <a href=\"https:\/\/www.youtube.com\/watch?v=Jq2s6qjakpU\">epis\u00f3dio #22 do CT CAST<\/a> que fala desse assunto e traz muitas dicas pr\u00e1ticas.<\/p>\n<h2><strong>Vaga de est\u00e1gio e voc\u00ea: uma quest\u00e3o de match!<\/strong><\/h2>\n<p>Quando vem uma resposta negativa, saiba que nos processos seletivos, o que se avalia s\u00e3o os perfis de quem se candidatou \u00e0s vagas pra saber se eles se encaixam no que as empresas buscam.<\/p>\n<p>Ou seja, continue se desenvolvendo na sua \u00e1rea e em rela\u00e7\u00e3o \u00e0s suas habilidades comportamentais, porque voc\u00ea pode encontrar aquela vaga de est\u00e1gio que combina com voc\u00ea a qualquer momento! Boa sorte! ?<\/p>\n<p><strong>Leia mais:<\/strong> <a href=\"https:\/\/www.ciadetalentos.com.br\/blog\/como-encontrar-a-vaga-de-estagio-perfeita-para-os-seus-objetivos\/\">Como encontrar a vaga de est\u00e1gio perfeita para os seus objetivos<\/a><\/p>\n","protected":false},"excerpt":{"rendered":"<p>Quando a gente participa de um processo seletivo pra uma vaga de est\u00e1gio \u2013&hellip;<\/p>\n","protected":false},"author":27,"featured_media":4809,"comment_status":"open","ping_status":"open","sticky":false,"template":"","format":"standard","meta":{"footnotes":""},"categories":[22],"tags":[934,132,813,932],"yoast_head":"<!-- This site is optimized with the Yoast SEO plugin v22.5 - https:\/\/yoast.com\/wordpress\/plugins\/seo\/ -->\n<title>Vaga de est\u00e1gio: n\u00e3o passei. E agora? -Blog Cia de Talentos<\/title>\n<meta name=\"description\" content=\"Confira neste artigo o que fazer quando a resposta daquela vaga de est\u00e1gio ao final do processo seletivo \u00e9 diferente da que voc\u00ea espera.\" \/>\n<meta name=\"robots\" content=\"index, follow, max-snippet:-1, max-image-preview:large, max-video-preview:-1\" \/>\n<link rel=\"canonical\" href=\"https:\/\/www.ciadetalentos.com.br\/blog\/vaga-de-estagio-nao-consegui-a-minha-e-agora\/\" \/>\n<meta property=\"og:locale\" content=\"pt_BR\" \/>\n<meta property=\"og:type\" content=\"article\" \/>\n<meta property=\"og:title\" content=\"Vaga de est\u00e1gio: n\u00e3o passei. E agora? -Blog Cia de Talentos\" \/>\n<meta property=\"og:description\" content=\"Confira neste artigo o que fazer quando a resposta daquela vaga de est\u00e1gio ao final do processo seletivo \u00e9 diferente da que voc\u00ea espera.\" \/>\n<meta property=\"og:url\" content=\"https:\/\/www.ciadetalentos.com.br\/blog\/vaga-de-estagio-nao-consegui-a-minha-e-agora\/\" \/>\n<meta property=\"og:site_name\" content=\"Blog Cia de Talentos\" \/>\n<meta property=\"article:published_time\" content=\"2023-01-13T21:57:13+00:00\" \/>\n<meta property=\"og:image\" content=\"https:\/\/www.ciadetalentos.com.br\/blog\/wp-content\/uploads\/sites\/7\/2023\/01\/capa_vagaestagio.jpg\" \/>\n\t<meta property=\"og:image:width\" content=\"720\" \/>\n\t<meta property=\"og:image:height\" content=\"542\" \/>\n\t<meta property=\"og:image:type\" content=\"image\/jpeg\" \/>\n<meta name=\"author\" content=\"Gabriela Rodrigues\" \/>\n<meta name=\"twitter:card\" content=\"summary_large_image\" \/>\n<meta name=\"twitter:label1\" content=\"Escrito por\" \/>\n\t<meta name=\"twitter:data1\" content=\"Gabriela Rodrigues\" \/>\n\t<meta name=\"twitter:label2\" content=\"Est. tempo de leitura\" \/>\n\t<meta name=\"twitter:data2\" content=\"3 minutos\" \/>\n<script type=\"application\/ld+json\" class=\"yoast-schema-graph\">{\"@context\":\"https:\/\/schema.org\",\"@graph\":[{\"@type\":\"WebPage\",\"@id\":\"https:\/\/www.ciadetalentos.com.br\/blog\/vaga-de-estagio-nao-consegui-a-minha-e-agora\/\",\"url\":\"https:\/\/www.ciadetalentos.com.br\/blog\/vaga-de-estagio-nao-consegui-a-minha-e-agora\/\",\"name\":\"Vaga de est\u00e1gio: n\u00e3o passei. E agora? -Blog Cia de Talentos\",\"isPartOf\":{\"@id\":\"https:\/\/www.ciadetalentos.com.br\/blog\/#website\"},\"primaryImageOfPage\":{\"@id\":\"https:\/\/www.ciadetalentos.com.br\/blog\/vaga-de-estagio-nao-consegui-a-minha-e-agora\/#primaryimage\"},\"image\":{\"@id\":\"https:\/\/www.ciadetalentos.com.br\/blog\/vaga-de-estagio-nao-consegui-a-minha-e-agora\/#primaryimage\"},\"thumbnailUrl\":\"https:\/\/www.ciadetalentos.com.br\/blog\/wp-content\/uploads\/sites\/7\/2023\/01\/capa_vagaestagio.jpg\",\"datePublished\":\"2023-01-13T21:57:13+00:00\",\"dateModified\":\"2023-01-13T21:57:13+00:00\",\"author\":{\"@id\":\"https:\/\/www.ciadetalentos.com.br\/blog\/#\/schema\/person\/fbbbbe6cfa27337d13978c3b6991c425\"},\"description\":\"Confira neste artigo o que fazer quando a resposta daquela vaga de est\u00e1gio ao final do processo seletivo \u00e9 diferente da que voc\u00ea espera.\",\"breadcrumb\":{\"@id\":\"https:\/\/www.ciadetalentos.com.br\/blog\/vaga-de-estagio-nao-consegui-a-minha-e-agora\/#breadcrumb\"},\"inLanguage\":\"pt-BR\",\"potentialAction\":[{\"@type\":\"ReadAction\",\"target\":[\"https:\/\/www.ciadetalentos.com.br\/blog\/vaga-de-estagio-nao-consegui-a-minha-e-agora\/\"]}]},{\"@type\":\"ImageObject\",\"inLanguage\":\"pt-BR\",\"@id\":\"https:\/\/www.ciadetalentos.com.br\/blog\/vaga-de-estagio-nao-consegui-a-minha-e-agora\/#primaryimage\",\"url\":\"https:\/\/www.ciadetalentos.com.br\/blog\/wp-content\/uploads\/sites\/7\/2023\/01\/capa_vagaestagio.jpg\",\"contentUrl\":\"https:\/\/www.ciadetalentos.com.br\/blog\/wp-content\/uploads\/sites\/7\/2023\/01\/capa_vagaestagio.jpg\",\"width\":720,\"height\":542,\"caption\":\"A imagem que ilustra o artigo traz \u00e0 direita a foto de uma mulher branca, de cabelos cacheados curtos. Seu rosto est\u00e1 virado para a esquerda, com um olhar distante. aparenta um olhar distante. \u00c0 esquerda, o texto: Vaga de est\u00e1gio: n\u00e3o consegui a minha. E agora?\"},{\"@type\":\"BreadcrumbList\",\"@id\":\"https:\/\/www.ciadetalentos.com.br\/blog\/vaga-de-estagio-nao-consegui-a-minha-e-agora\/#breadcrumb\",\"itemListElement\":[{\"@type\":\"ListItem\",\"position\":1,\"name\":\"Home\",\"item\":\"https:\/\/www.ciadetalentos.com.br\/blog\/\"},{\"@type\":\"ListItem\",\"position\":2,\"name\":\"Vaga de est\u00e1gio: n\u00e3o consegui a minha. E agora?\"}]},{\"@type\":\"WebSite\",\"@id\":\"https:\/\/www.ciadetalentos.com.br\/blog\/#website\",\"url\":\"https:\/\/www.ciadetalentos.com.br\/blog\/\",\"name\":\"Blog Cia de Talentos\",\"description\":\"Descubra tudo o que voc\u00ea precisa para desenvolver carreiras e transformar sua vida profissional\",\"potentialAction\":[{\"@type\":\"SearchAction\",\"target\":{\"@type\":\"EntryPoint\",\"urlTemplate\":\"https:\/\/www.ciadetalentos.com.br\/blog\/?s={search_term_string}\"},\"query-input\":\"required name=search_term_string\"}],\"inLanguage\":\"pt-BR\"},{\"@type\":\"Person\",\"@id\":\"https:\/\/www.ciadetalentos.com.br\/blog\/#\/schema\/person\/fbbbbe6cfa27337d13978c3b6991c425\",\"name\":\"Gabriela Rodrigues\",\"image\":{\"@type\":\"ImageObject\",\"inLanguage\":\"pt-BR\",\"@id\":\"https:\/\/www.ciadetalentos.com.br\/blog\/#\/schema\/person\/image\/\",\"url\":\"https:\/\/secure.gravatar.com\/avatar\/4112976353a5fcd663a24f1a42825c25?s=96&d=mm&r=g\",\"contentUrl\":\"https:\/\/secure.gravatar.com\/avatar\/4112976353a5fcd663a24f1a42825c25?s=96&d=mm&r=g\",\"caption\":\"Gabriela Rodrigues\"},\"url\":\"https:\/\/www.ciadetalentos.com.br\/blog\/author\/gabriela\/\"}]}<\/script>\n<!-- \/ Yoast SEO plugin. -->","yoast_head_json":{"title":"Vaga de est\u00e1gio: n\u00e3o passei. E agora? -Blog Cia de Talentos","description":"Confira neste artigo o que fazer quando a resposta daquela vaga de est\u00e1gio ao final do processo seletivo \u00e9 diferente da que voc\u00ea espera.","robots":{"index":"index","follow":"follow","max-snippet":"max-snippet:-1","max-image-preview":"max-image-preview:large","max-video-preview":"max-video-preview:-1"},"canonical":"https:\/\/www.ciadetalentos.com.br\/blog\/vaga-de-estagio-nao-consegui-a-minha-e-agora\/","og_locale":"pt_BR","og_type":"article","og_title":"Vaga de est\u00e1gio: n\u00e3o passei. E agora? -Blog Cia de Talentos","og_description":"Confira neste artigo o que fazer quando a resposta daquela vaga de est\u00e1gio ao final do processo seletivo \u00e9 diferente da que voc\u00ea espera.","og_url":"https:\/\/www.ciadetalentos.com.br\/blog\/vaga-de-estagio-nao-consegui-a-minha-e-agora\/","og_site_name":"Blog Cia de Talentos","article_published_time":"2023-01-13T21:57:13+00:00","og_image":[{"width":720,"height":542,"url":"https:\/\/www.ciadetalentos.com.br\/blog\/wp-content\/uploads\/sites\/7\/2023\/01\/capa_vagaestagio.jpg","type":"image\/jpeg"}],"author":"Gabriela Rodrigues","twitter_card":"summary_large_image","twitter_misc":{"Escrito por":"Gabriela Rodrigues","Est. tempo de leitura":"3 minutos"},"schema":{"@context":"https:\/\/schema.org","@graph":[{"@type":"WebPage","@id":"https:\/\/www.ciadetalentos.com.br\/blog\/vaga-de-estagio-nao-consegui-a-minha-e-agora\/","url":"https:\/\/www.ciadetalentos.com.br\/blog\/vaga-de-estagio-nao-consegui-a-minha-e-agora\/","name":"Vaga de est\u00e1gio: n\u00e3o passei. E agora? -Blog Cia de Talentos","isPartOf":{"@id":"https:\/\/www.ciadetalentos.com.br\/blog\/#website"},"primaryImageOfPage":{"@id":"https:\/\/www.ciadetalentos.com.br\/blog\/vaga-de-estagio-nao-consegui-a-minha-e-agora\/#primaryimage"},"image":{"@id":"https:\/\/www.ciadetalentos.com.br\/blog\/vaga-de-estagio-nao-consegui-a-minha-e-agora\/#primaryimage"},"thumbnailUrl":"https:\/\/www.ciadetalentos.com.br\/blog\/wp-content\/uploads\/sites\/7\/2023\/01\/capa_vagaestagio.jpg","datePublished":"2023-01-13T21:57:13+00:00","dateModified":"2023-01-13T21:57:13+00:00","author":{"@id":"https:\/\/www.ciadetalentos.com.br\/blog\/#\/schema\/person\/fbbbbe6cfa27337d13978c3b6991c425"},"description":"Confira neste artigo o que fazer quando a resposta daquela vaga de est\u00e1gio ao final do processo seletivo \u00e9 diferente da que voc\u00ea espera.","breadcrumb":{"@id":"https:\/\/www.ciadetalentos.com.br\/blog\/vaga-de-estagio-nao-consegui-a-minha-e-agora\/#breadcrumb"},"inLanguage":"pt-BR","potentialAction":[{"@type":"ReadAction","target":["https:\/\/www.ciadetalentos.com.br\/blog\/vaga-de-estagio-nao-consegui-a-minha-e-agora\/"]}]},{"@type":"ImageObject","inLanguage":"pt-BR","@id":"https:\/\/www.ciadetalentos.com.br\/blog\/vaga-de-estagio-nao-consegui-a-minha-e-agora\/#primaryimage","url":"https:\/\/www.ciadetalentos.com.br\/blog\/wp-content\/uploads\/sites\/7\/2023\/01\/capa_vagaestagio.jpg","contentUrl":"https:\/\/www.ciadetalentos.com.br\/blog\/wp-content\/uploads\/sites\/7\/2023\/01\/capa_vagaestagio.jpg","width":720,"height":542,"caption":"A imagem que ilustra o artigo traz \u00e0 direita a foto de uma mulher branca, de cabelos cacheados curtos. Seu rosto est\u00e1 virado para a esquerda, com um olhar distante. aparenta um olhar distante. \u00c0 esquerda, o texto: Vaga de est\u00e1gio: n\u00e3o consegui a minha. E agora?"},{"@type":"BreadcrumbList","@id":"https:\/\/www.ciadetalentos.com.br\/blog\/vaga-de-estagio-nao-consegui-a-minha-e-agora\/#breadcrumb","itemListElement":[{"@type":"ListItem","position":1,"name":"Home","item":"https:\/\/www.ciadetalentos.com.br\/blog\/"},{"@type":"ListItem","position":2,"name":"Vaga de est\u00e1gio: n\u00e3o consegui a minha. E agora?"}]},{"@type":"WebSite","@id":"https:\/\/www.ciadetalentos.com.br\/blog\/#website","url":"https:\/\/www.ciadetalentos.com.br\/blog\/","name":"Blog Cia de Talentos","description":"Descubra tudo o que voc\u00ea precisa para desenvolver carreiras e transformar sua vida profissional","potentialAction":[{"@type":"SearchAction","target":{"@type":"EntryPoint","urlTemplate":"https:\/\/www.ciadetalentos.com.br\/blog\/?s={search_term_string}"},"query-input":"required name=search_term_string"}],"inLanguage":"pt-BR"},{"@type":"Person","@id":"https:\/\/www.ciadetalentos.com.br\/blog\/#\/schema\/person\/fbbbbe6cfa27337d13978c3b6991c425","name":"Gabriela Rodrigues","image":{"@type":"ImageObject","inLanguage":"pt-BR","@id":"https:\/\/www.ciadetalentos.com.br\/blog\/#\/schema\/person\/image\/","url":"https:\/\/secure.gravatar.com\/avatar\/4112976353a5fcd663a24f1a42825c25?s=96&d=mm&r=g","contentUrl":"https:\/\/secure.gravatar.com\/avatar\/4112976353a5fcd663a24f1a42825c25?s=96&d=mm&r=g","caption":"Gabriela Rodrigues"},"url":"https:\/\/www.ciadetalentos.com.br\/blog\/author\/gabriela\/"}]}},"_links":{"self":[{"href":"https:\/\/www.ciadetalentos.com.br\/blog\/wp-json\/wp\/v2\/posts\/4805"}],"collection":[{"href":"https:\/\/www.ciadetalentos.com.br\/blog\/wp-json\/wp\/v2\/posts"}],"about":[{"href":"https:\/\/www.ciadetalentos.com.br\/blog\/wp-json\/wp\/v2\/types\/post"}],"author":[{"embeddable":true,"href":"https:\/\/www.ciadetalentos.com.br\/blog\/wp-json\/wp\/v2\/users\/27"}],"replies":[{"embeddable":true,"href":"https:\/\/www.ciadetalentos.com.br\/blog\/wp-json\/wp\/v2\/comments?post=4805"}],"version-history":[{"count":2,"href":"https:\/\/www.ciadetalentos.com.br\/blog\/wp-json\/wp\/v2\/posts\/4805\/revisions"}],"predecessor-version":[{"id":4807,"href":"https:\/\/www.ciadetalentos.com.br\/blog\/wp-json\/wp\/v2\/posts\/4805\/revisions\/4807"}],"wp:featuredmedia":[{"embeddable":true,"href":"https:\/\/www.ciadetalentos.com.br\/blog\/wp-json\/wp\/v2\/media\/4809"}],"wp:attachment":[{"href":"https:\/\/www.ciadetalentos.com.br\/blog\/wp-json\/wp\/v2\/media?parent=4805"}],"wp:term":[{"taxonomy":"category","embeddable":true,"href":"https:\/\/www.ciadetalentos.com.br\/blog\/wp-json\/wp\/v2\/categories?post=4805"},{"taxonomy":"post_tag","embeddable":true,"href":"https:\/\/www.ciadetalentos.com.br\/blog\/wp-json\/wp\/v2\/tags?post=4805"}],"curies":[{"name":"wp","href":"https:\/\/api.w.org\/{rel}","templated":true}]}}