{"id":4834,"date":"2023-02-10T18:47:39","date_gmt":"2023-02-10T21:47:39","guid":{"rendered":"https:\/\/www.ciadetalentos.com.br\/blog\/?p=4834"},"modified":"2023-02-10T18:47:39","modified_gmt":"2023-02-10T21:47:39","slug":"4-dicas-pra-destacar-o-seu-curriculo","status":"publish","type":"post","link":"https:\/\/www.ciadetalentos.com.br\/blog\/4-dicas-pra-destacar-o-seu-curriculo\/","title":{"rendered":"4 dicas pra destacar o seu curr\u00edculo"},"content":{"rendered":"<p>Curr\u00edculo costuma ser um dos temas que mais geram d\u00favidas. \u201cQuais informa\u00e7\u00f5es coloco? O que n\u00e3o pode faltar de jeito nenhum? Mas eu n\u00e3o tenho experi\u00eancia ainda. E agora?\u201d. Se este \u00e9 o se caso, j\u00e1 pode relaxar! No artigo de hoje, trouxemos as respostas para essas perguntas e separamos os principais itens que as empresas avaliam quando as pessoas se inscrevem em algum processo seletivo. Afinal, esse \u00e9 o primeiro contato que a empresa ter\u00e1 com voc\u00ea e \u00e9 essencial que ele cause uma boa impress\u00e3o. Confira!<\/p>\n<h2><strong>1. Aten\u00e7\u00e3o \u00e0s informa\u00e7\u00f5es pessoais<\/strong><\/h2>\n<p>Pode parecer \u00f3bvio, mas \u00e9 superimportante voc\u00ea escrever corretamente suas informa\u00e7\u00f5es pessoais, em especial, os dados de contato. Al\u00e9m disso, mant\u00ea-los atualizados \u00e9 fundamental, em especial, seu e-mail. Esta \u00e9 uma das formas que as empresas mais utilizam para se comunicar com quem se inscreve nos processos seletivos.<\/p>\n<h2><strong>2. Curr\u00edculo objetivo<\/strong><\/h2>\n<p>Isso quer dizer que voc\u00ea deve escrev\u00ea-lo de maneira objetiva, indo direto ao ponto. Mesmo que voc\u00ea ainda n\u00e3o tenha experi\u00eancia profissional, cite suas participa\u00e7\u00f5es e contribui\u00e7\u00f5es com iniciativas como empresa junior, projeto volunt\u00e1rio, atividade extracurricular, por exemplo.<\/p>\n<h2><strong>3. Personalize seu curr\u00edculo de acordo com a vaga<\/strong><\/h2>\n<p>Esse \u00e9 um dos pontos fundamentais. Quando encontrar uma vaga que desperte seu interesse, leia com aten\u00e7\u00e3o a descri\u00e7\u00e3o daquela oportunidade e avalie se o seu curr\u00edculo atende aos requisitos colocados. Assim, com alguns ajustes voc\u00ea pode aumentar as suas chances de avan\u00e7ar para a etapa seguinte do processo seletivo. Mas nada de inventar ou aumentar algum ponto s\u00f3 pra \u201cdar aquela valorizada\u201d.<\/p>\n<h2><strong>4. Capriche nas atividades extracurriculares<\/strong><\/h2>\n<p>Nesse in\u00edcio de carreira, valorize a sua participa\u00e7\u00e3o em atividades extracurriculares. Experi\u00eancias com monitoria, ser representante da turma, fazer inicia\u00e7\u00e3o cient\u00edfica, apresentar trabalhos em congressos ou outros eventos relevantes do seu curso s\u00e3o itens que devem ser considerados e valorizados.<\/p>\n<p>Al\u00e9m disso, nunca \u00e9 demais lembrar de fazer uma revis\u00e3o atenta para evitar erros de portugu\u00eas ou de digita\u00e7\u00e3o, conferir se as informa\u00e7\u00f5es est\u00e3o claras e objetivas, certo? Feito isso, \u00e9 s\u00f3 se candidatar para aquela <a href=\"https:\/\/vagas.ciadetalentos.com.br\/applicant\/#\/opportunities?rc=https:%2F%2Fwww.ciadetalentos.com.br&amp;gct-site-key=ct-brasil\">vaga incr\u00edvel<\/a>!<\/p>\n<p><strong>Leia mais: <\/strong><a href=\"https:\/\/www.ciadetalentos.com.br\/blog\/processos-seletivos-saiba-como-se-preparar\/\">Processos seletivos: saiba como se preparar<\/a>.<\/p>\n","protected":false},"excerpt":{"rendered":"<p>Curr\u00edculo costuma ser um dos temas que mais geram d\u00favidas. \u201cQuais informa\u00e7\u00f5es coloco? O&hellip;<\/p>\n","protected":false},"author":27,"featured_media":4835,"comment_status":"open","ping_status":"open","sticky":false,"template":"","format":"standard","meta":{"footnotes":""},"categories":[20,22],"tags":[97,181],"yoast_head":"<!-- This site is optimized with the Yoast SEO plugin v22.5 - https:\/\/yoast.com\/wordpress\/plugins\/seo\/ -->\n<title>4 dicas pra destacar o seu curr\u00edculo - Blog Cia de Talentos<\/title>\n<meta name=\"description\" content=\"O curr\u00edculo \u00e9 o seu primeiro contato com a empresa. Por isso, muita aten\u00e7\u00e3o na hora de colocar as suas informa\u00e7\u00f5es.\" \/>\n<meta name=\"robots\" content=\"index, follow, max-snippet:-1, max-image-preview:large, max-video-preview:-1\" \/>\n<link rel=\"canonical\" href=\"https:\/\/www.ciadetalentos.com.br\/blog\/4-dicas-pra-destacar-o-seu-curriculo\/\" \/>\n<meta property=\"og:locale\" content=\"pt_BR\" \/>\n<meta property=\"og:type\" content=\"article\" \/>\n<meta property=\"og:title\" content=\"4 dicas pra destacar o seu curr\u00edculo - Blog Cia de Talentos\" \/>\n<meta property=\"og:description\" content=\"O curr\u00edculo \u00e9 o seu primeiro contato com a empresa. Por isso, muita aten\u00e7\u00e3o na hora de colocar as suas informa\u00e7\u00f5es.\" \/>\n<meta property=\"og:url\" content=\"https:\/\/www.ciadetalentos.com.br\/blog\/4-dicas-pra-destacar-o-seu-curriculo\/\" \/>\n<meta property=\"og:site_name\" content=\"Blog Cia de Talentos\" \/>\n<meta property=\"article:published_time\" content=\"2023-02-10T21:47:39+00:00\" \/>\n<meta property=\"og:image\" content=\"https:\/\/www.ciadetalentos.com.br\/blog\/wp-content\/uploads\/sites\/7\/2023\/02\/capa_dicas_destacar_curriculo.png\" \/>\n\t<meta property=\"og:image:width\" content=\"720\" \/>\n\t<meta property=\"og:image:height\" content=\"542\" \/>\n\t<meta property=\"og:image:type\" content=\"image\/png\" \/>\n<meta name=\"author\" content=\"Gabriela Rodrigues\" \/>\n<meta name=\"twitter:card\" content=\"summary_large_image\" \/>\n<meta name=\"twitter:label1\" content=\"Escrito por\" \/>\n\t<meta name=\"twitter:data1\" content=\"Gabriela Rodrigues\" \/>\n\t<meta name=\"twitter:label2\" content=\"Est. tempo de leitura\" \/>\n\t<meta name=\"twitter:data2\" content=\"2 minutos\" \/>\n<script type=\"application\/ld+json\" class=\"yoast-schema-graph\">{\"@context\":\"https:\/\/schema.org\",\"@graph\":[{\"@type\":\"WebPage\",\"@id\":\"https:\/\/www.ciadetalentos.com.br\/blog\/4-dicas-pra-destacar-o-seu-curriculo\/\",\"url\":\"https:\/\/www.ciadetalentos.com.br\/blog\/4-dicas-pra-destacar-o-seu-curriculo\/\",\"name\":\"4 dicas pra destacar o seu curr\u00edculo - Blog Cia de Talentos\",\"isPartOf\":{\"@id\":\"https:\/\/www.ciadetalentos.com.br\/blog\/#website\"},\"primaryImageOfPage\":{\"@id\":\"https:\/\/www.ciadetalentos.com.br\/blog\/4-dicas-pra-destacar-o-seu-curriculo\/#primaryimage\"},\"image\":{\"@id\":\"https:\/\/www.ciadetalentos.com.br\/blog\/4-dicas-pra-destacar-o-seu-curriculo\/#primaryimage\"},\"thumbnailUrl\":\"https:\/\/www.ciadetalentos.com.br\/blog\/wp-content\/uploads\/sites\/7\/2023\/02\/capa_dicas_destacar_curriculo.png\",\"datePublished\":\"2023-02-10T21:47:39+00:00\",\"dateModified\":\"2023-02-10T21:47:39+00:00\",\"author\":{\"@id\":\"https:\/\/www.ciadetalentos.com.br\/blog\/#\/schema\/person\/fbbbbe6cfa27337d13978c3b6991c425\"},\"description\":\"O curr\u00edculo \u00e9 o seu primeiro contato com a empresa. Por isso, muita aten\u00e7\u00e3o na hora de colocar as suas informa\u00e7\u00f5es.\",\"breadcrumb\":{\"@id\":\"https:\/\/www.ciadetalentos.com.br\/blog\/4-dicas-pra-destacar-o-seu-curriculo\/#breadcrumb\"},\"inLanguage\":\"pt-BR\",\"potentialAction\":[{\"@type\":\"ReadAction\",\"target\":[\"https:\/\/www.ciadetalentos.com.br\/blog\/4-dicas-pra-destacar-o-seu-curriculo\/\"]}]},{\"@type\":\"ImageObject\",\"inLanguage\":\"pt-BR\",\"@id\":\"https:\/\/www.ciadetalentos.com.br\/blog\/4-dicas-pra-destacar-o-seu-curriculo\/#primaryimage\",\"url\":\"https:\/\/www.ciadetalentos.com.br\/blog\/wp-content\/uploads\/sites\/7\/2023\/02\/capa_dicas_destacar_curriculo.png\",\"contentUrl\":\"https:\/\/www.ciadetalentos.com.br\/blog\/wp-content\/uploads\/sites\/7\/2023\/02\/capa_dicas_destacar_curriculo.png\",\"width\":720,\"height\":542,\"caption\":\"A imagem que ilustra o artigo 4 dicas pra destacar o seu curr\u00edculo traz o t\u00edtulo centralizado. \u00c0 esquerda, uma caneta marca texto e, atr\u00e1s do t\u00edtulo, uma marca, como se tivesse destacado aquela parte.\"},{\"@type\":\"BreadcrumbList\",\"@id\":\"https:\/\/www.ciadetalentos.com.br\/blog\/4-dicas-pra-destacar-o-seu-curriculo\/#breadcrumb\",\"itemListElement\":[{\"@type\":\"ListItem\",\"position\":1,\"name\":\"Home\",\"item\":\"https:\/\/www.ciadetalentos.com.br\/blog\/\"},{\"@type\":\"ListItem\",\"position\":2,\"name\":\"4 dicas pra destacar o seu curr\u00edculo\"}]},{\"@type\":\"WebSite\",\"@id\":\"https:\/\/www.ciadetalentos.com.br\/blog\/#website\",\"url\":\"https:\/\/www.ciadetalentos.com.br\/blog\/\",\"name\":\"Blog Cia de Talentos\",\"description\":\"Descubra tudo o que voc\u00ea precisa para desenvolver carreiras e transformar sua vida profissional\",\"potentialAction\":[{\"@type\":\"SearchAction\",\"target\":{\"@type\":\"EntryPoint\",\"urlTemplate\":\"https:\/\/www.ciadetalentos.com.br\/blog\/?s={search_term_string}\"},\"query-input\":\"required name=search_term_string\"}],\"inLanguage\":\"pt-BR\"},{\"@type\":\"Person\",\"@id\":\"https:\/\/www.ciadetalentos.com.br\/blog\/#\/schema\/person\/fbbbbe6cfa27337d13978c3b6991c425\",\"name\":\"Gabriela Rodrigues\",\"image\":{\"@type\":\"ImageObject\",\"inLanguage\":\"pt-BR\",\"@id\":\"https:\/\/www.ciadetalentos.com.br\/blog\/#\/schema\/person\/image\/\",\"url\":\"https:\/\/secure.gravatar.com\/avatar\/4112976353a5fcd663a24f1a42825c25?s=96&d=mm&r=g\",\"contentUrl\":\"https:\/\/secure.gravatar.com\/avatar\/4112976353a5fcd663a24f1a42825c25?s=96&d=mm&r=g\",\"caption\":\"Gabriela Rodrigues\"},\"url\":\"https:\/\/www.ciadetalentos.com.br\/blog\/author\/gabriela\/\"}]}<\/script>\n<!-- \/ Yoast SEO plugin. -->","yoast_head_json":{"title":"4 dicas pra destacar o seu curr\u00edculo - Blog Cia de Talentos","description":"O curr\u00edculo \u00e9 o seu primeiro contato com a empresa. Por isso, muita aten\u00e7\u00e3o na hora de colocar as suas informa\u00e7\u00f5es.","robots":{"index":"index","follow":"follow","max-snippet":"max-snippet:-1","max-image-preview":"max-image-preview:large","max-video-preview":"max-video-preview:-1"},"canonical":"https:\/\/www.ciadetalentos.com.br\/blog\/4-dicas-pra-destacar-o-seu-curriculo\/","og_locale":"pt_BR","og_type":"article","og_title":"4 dicas pra destacar o seu curr\u00edculo - Blog Cia de Talentos","og_description":"O curr\u00edculo \u00e9 o seu primeiro contato com a empresa. Por isso, muita aten\u00e7\u00e3o na hora de colocar as suas informa\u00e7\u00f5es.","og_url":"https:\/\/www.ciadetalentos.com.br\/blog\/4-dicas-pra-destacar-o-seu-curriculo\/","og_site_name":"Blog Cia de Talentos","article_published_time":"2023-02-10T21:47:39+00:00","og_image":[{"width":720,"height":542,"url":"https:\/\/www.ciadetalentos.com.br\/blog\/wp-content\/uploads\/sites\/7\/2023\/02\/capa_dicas_destacar_curriculo.png","type":"image\/png"}],"author":"Gabriela Rodrigues","twitter_card":"summary_large_image","twitter_misc":{"Escrito por":"Gabriela Rodrigues","Est. tempo de leitura":"2 minutos"},"schema":{"@context":"https:\/\/schema.org","@graph":[{"@type":"WebPage","@id":"https:\/\/www.ciadetalentos.com.br\/blog\/4-dicas-pra-destacar-o-seu-curriculo\/","url":"https:\/\/www.ciadetalentos.com.br\/blog\/4-dicas-pra-destacar-o-seu-curriculo\/","name":"4 dicas pra destacar o seu curr\u00edculo - Blog Cia de Talentos","isPartOf":{"@id":"https:\/\/www.ciadetalentos.com.br\/blog\/#website"},"primaryImageOfPage":{"@id":"https:\/\/www.ciadetalentos.com.br\/blog\/4-dicas-pra-destacar-o-seu-curriculo\/#primaryimage"},"image":{"@id":"https:\/\/www.ciadetalentos.com.br\/blog\/4-dicas-pra-destacar-o-seu-curriculo\/#primaryimage"},"thumbnailUrl":"https:\/\/www.ciadetalentos.com.br\/blog\/wp-content\/uploads\/sites\/7\/2023\/02\/capa_dicas_destacar_curriculo.png","datePublished":"2023-02-10T21:47:39+00:00","dateModified":"2023-02-10T21:47:39+00:00","author":{"@id":"https:\/\/www.ciadetalentos.com.br\/blog\/#\/schema\/person\/fbbbbe6cfa27337d13978c3b6991c425"},"description":"O curr\u00edculo \u00e9 o seu primeiro contato com a empresa. Por isso, muita aten\u00e7\u00e3o na hora de colocar as suas informa\u00e7\u00f5es.","breadcrumb":{"@id":"https:\/\/www.ciadetalentos.com.br\/blog\/4-dicas-pra-destacar-o-seu-curriculo\/#breadcrumb"},"inLanguage":"pt-BR","potentialAction":[{"@type":"ReadAction","target":["https:\/\/www.ciadetalentos.com.br\/blog\/4-dicas-pra-destacar-o-seu-curriculo\/"]}]},{"@type":"ImageObject","inLanguage":"pt-BR","@id":"https:\/\/www.ciadetalentos.com.br\/blog\/4-dicas-pra-destacar-o-seu-curriculo\/#primaryimage","url":"https:\/\/www.ciadetalentos.com.br\/blog\/wp-content\/uploads\/sites\/7\/2023\/02\/capa_dicas_destacar_curriculo.png","contentUrl":"https:\/\/www.ciadetalentos.com.br\/blog\/wp-content\/uploads\/sites\/7\/2023\/02\/capa_dicas_destacar_curriculo.png","width":720,"height":542,"caption":"A imagem que ilustra o artigo 4 dicas pra destacar o seu curr\u00edculo traz o t\u00edtulo centralizado. \u00c0 esquerda, uma caneta marca texto e, atr\u00e1s do t\u00edtulo, uma marca, como se tivesse destacado aquela parte."},{"@type":"BreadcrumbList","@id":"https:\/\/www.ciadetalentos.com.br\/blog\/4-dicas-pra-destacar-o-seu-curriculo\/#breadcrumb","itemListElement":[{"@type":"ListItem","position":1,"name":"Home","item":"https:\/\/www.ciadetalentos.com.br\/blog\/"},{"@type":"ListItem","position":2,"name":"4 dicas pra destacar o seu curr\u00edculo"}]},{"@type":"WebSite","@id":"https:\/\/www.ciadetalentos.com.br\/blog\/#website","url":"https:\/\/www.ciadetalentos.com.br\/blog\/","name":"Blog Cia de Talentos","description":"Descubra tudo o que voc\u00ea precisa para desenvolver carreiras e transformar sua vida profissional","potentialAction":[{"@type":"SearchAction","target":{"@type":"EntryPoint","urlTemplate":"https:\/\/www.ciadetalentos.com.br\/blog\/?s={search_term_string}"},"query-input":"required name=search_term_string"}],"inLanguage":"pt-BR"},{"@type":"Person","@id":"https:\/\/www.ciadetalentos.com.br\/blog\/#\/schema\/person\/fbbbbe6cfa27337d13978c3b6991c425","name":"Gabriela Rodrigues","image":{"@type":"ImageObject","inLanguage":"pt-BR","@id":"https:\/\/www.ciadetalentos.com.br\/blog\/#\/schema\/person\/image\/","url":"https:\/\/secure.gravatar.com\/avatar\/4112976353a5fcd663a24f1a42825c25?s=96&d=mm&r=g","contentUrl":"https:\/\/secure.gravatar.com\/avatar\/4112976353a5fcd663a24f1a42825c25?s=96&d=mm&r=g","caption":"Gabriela Rodrigues"},"url":"https:\/\/www.ciadetalentos.com.br\/blog\/author\/gabriela\/"}]}},"_links":{"self":[{"href":"https:\/\/www.ciadetalentos.com.br\/blog\/wp-json\/wp\/v2\/posts\/4834"}],"collection":[{"href":"https:\/\/www.ciadetalentos.com.br\/blog\/wp-json\/wp\/v2\/posts"}],"about":[{"href":"https:\/\/www.ciadetalentos.com.br\/blog\/wp-json\/wp\/v2\/types\/post"}],"author":[{"embeddable":true,"href":"https:\/\/www.ciadetalentos.com.br\/blog\/wp-json\/wp\/v2\/users\/27"}],"replies":[{"embeddable":true,"href":"https:\/\/www.ciadetalentos.com.br\/blog\/wp-json\/wp\/v2\/comments?post=4834"}],"version-history":[{"count":1,"href":"https:\/\/www.ciadetalentos.com.br\/blog\/wp-json\/wp\/v2\/posts\/4834\/revisions"}],"predecessor-version":[{"id":4836,"href":"https:\/\/www.ciadetalentos.com.br\/blog\/wp-json\/wp\/v2\/posts\/4834\/revisions\/4836"}],"wp:featuredmedia":[{"embeddable":true,"href":"https:\/\/www.ciadetalentos.com.br\/blog\/wp-json\/wp\/v2\/media\/4835"}],"wp:attachment":[{"href":"https:\/\/www.ciadetalentos.com.br\/blog\/wp-json\/wp\/v2\/media?parent=4834"}],"wp:term":[{"taxonomy":"category","embeddable":true,"href":"https:\/\/www.ciadetalentos.com.br\/blog\/wp-json\/wp\/v2\/categories?post=4834"},{"taxonomy":"post_tag","embeddable":true,"href":"https:\/\/www.ciadetalentos.com.br\/blog\/wp-json\/wp\/v2\/tags?post=4834"}],"curies":[{"name":"wp","href":"https:\/\/api.w.org\/{rel}","templated":true}]}}