{"id":4871,"date":"2023-03-09T18:35:26","date_gmt":"2023-03-09T21:35:26","guid":{"rendered":"https:\/\/www.ciadetalentos.com.br\/blog\/?p=4871"},"modified":"2023-03-09T18:35:26","modified_gmt":"2023-03-09T21:35:26","slug":"entrevista-com-rh-x-entrevista-com-lider-da-area-saiba-a-diferenca","status":"publish","type":"post","link":"https:\/\/www.ciadetalentos.com.br\/blog\/entrevista-com-rh-x-entrevista-com-lider-da-area-saiba-a-diferenca\/","title":{"rendered":"Entrevista com RH x Entrevista com l\u00edder da \u00e1rea: saiba a diferen\u00e7a"},"content":{"rendered":"<p>Um dos momentos mais aguardados do processo seletivo \u2013 e cheio de expectativa \u2013 \u00e9 o da entrevista. Afinal, \u00e9 nessa hora que a pessoa tem a chance de conversar diretamente, seja de forma presencial ou online, com quem est\u00e1 fazendo o recrutamento.<\/p>\n<p>Pra selecionar os perfis que mais combinam com a empresa, aqueles que realmente podem dar match, cada uma organiza\u00e7\u00e3o estabelece quais ser\u00e3o as etapas necess\u00e1rias at\u00e9 chegar na fase final.<\/p>\n<p>Por isso, em alguns casos, existem dois momentos de entrevista: um com o RH e outro com quem lidera a \u00e1rea. Quer saber quais as diferen\u00e7as? Ent\u00e3o, vem que a gente te explica!<\/p>\n<h2><strong>A entrevista com o RH<\/strong><\/h2>\n<p>A entrevista com a pessoa da \u00e1rea de recursos humanos costuma acontecer nas primeiras fases de um processo seletivo. Isso porque a ideia \u00e9 conhecer quem se candidatou \u00e0 vaga e identificar se existe uma afinidade com a cultura da empresa.<\/p>\n<p>Assim, quando perguntarem sobre voc\u00ea, tenha em mente que a inten\u00e7\u00e3o \u00e9 quebrar o gelo neste come\u00e7o de conversa. Mas n\u00e3o se engane! Nessa hora, v\u00e1rios pontos j\u00e1 est\u00e3o sendo observados: sua comunica\u00e7\u00e3o; se a sua fala \u00e9 coerente, se ela tem come\u00e7o, meio e fim; se voc\u00ea \u00e9 uma pessoa proativa, entre outros.<\/p>\n<p>Nesse in\u00edcio, procure manter o foco na pergunta. \u00c9 comum j\u00e1 querer emendar com as experi\u00eancias profissionais, caso voc\u00ea tenha. Haver\u00e1 o momento certo pra isso. Apenas tenha o cuidado de n\u00e3o falar demais, deixando espa\u00e7o para perguntas.<\/p>\n<h2><strong>E quais as perguntas mais comuns? <\/strong><\/h2>\n<p>Falando em perguntas, pra te ajudar a se preparar, listamos algumas quest\u00f5es que costumam aparecer nas entrevistas com a pessoa do time de RH. Veja abaixo:<\/p>\n<p>&#8211; O que te interessou na vaga?<\/p>\n<p>&#8211; Por que devo te contratar?<\/p>\n<p>&#8211; Quais seus pontos fortes?<\/p>\n<p>&#8211; Quais os pontos a melhorar?<\/p>\n<p>&#8211; Conte sobre um conflito que voc\u00ea enfrentou no trabalho ou em outra situa\u00e7\u00e3o, como na faculdade, e de que forma conseguiu lidar com ele.<\/p>\n<p>&#8211; Fale sobre uma realiza\u00e7\u00e3o, algum projeto que tenha sido bem-sucedido. Qual a sua participa\u00e7\u00e3o e o que fez dele um sucesso?<\/p>\n<p>Al\u00e9m dos aspectos avaliados a partir dessas perguntas, ainda existem outros que s\u00e3o observados. Confira abaixo:<\/p>\n<h3><strong>Se a pessoa possui os requisitos para a vaga<\/strong><\/h3>\n<p>\u00c9 importante que voc\u00ea saiba que a empresa possui uma estrat\u00e9gia e isso \u00e9 levado em considera\u00e7\u00e3o na hora da defini\u00e7\u00e3o do perfil ideal e dos requisitos necess\u00e1rios.<\/p>\n<p>Durante a conversa, a pessoa do RH ir\u00e1 fazer perguntas que a ajudem a confirmar se voc\u00ea possui os requisitos pedidos ou a maior parte deles.<\/p>\n<h3><strong>Habilidades socioemocionais<\/strong><\/h3>\n<p>Nessa entrevista, as soft skills tamb\u00e9m estar\u00e3o em observa\u00e7\u00e3o. Aqui no artigo, j\u00e1 trouxemos um exemplo, que \u00e9 a comunica\u00e7\u00e3o. Mas h\u00e1 outras, como lideran\u00e7a, resolu\u00e7\u00e3o de problemas, resili\u00eancia, criatividade e inova\u00e7\u00e3o, pra citar algumas.<\/p>\n<p>Lembre-se que o principal objetivo da conversa com o RH \u00e9 te conhecer. Por isso, mantenha a calma, porque voc\u00ea saber\u00e1 responder a todas as perguntas. Afinal, voc\u00ea \u00e9 a melhor pessoa pra falar sobre si.<\/p>\n<p><strong>Leia mais:<\/strong> <a href=\"https:\/\/www.ciadetalentos.com.br\/blog\/soft-skills-as-8-mais-procurados-pelos-recrutadores-de-grandes-empresas\/\">8 soft skills mais procuradas nos processos seletivos<\/a><\/p>\n<p>Agora, vamos ver como \u00e9 uma segunda etapa de entrevista. Dessa vez, com quem est\u00e1 \u00e0 frente da \u00e1rea.<\/p>\n<h2><strong>Entrevista com a lideran\u00e7a<\/strong><\/h2>\n<p>Normalmente, a entrevista com a lideran\u00e7a da equipe acontece j\u00e1 na etapa final. Se voc\u00ea chegou at\u00e9 essa fase, significa que tem as qualidades e requisitos que buscam e \u00e9 a hora de decidir quem ser\u00e1 a pessoa que ocupar\u00e1 a vaga. Ou seja, suas habilidades comportamentais j\u00e1 foram avaliadas.<\/p>\n<p>Por isso, as perguntas devem ser mais espec\u00edficas e relacionadas com as suas habilidades t\u00e9cnicas e com a sua \u00e1rea de forma\u00e7\u00e3o.<\/p>\n<p>Por outro lado, ainda assim, pode ser que voc\u00ea tamb\u00e9m seja questionado em rela\u00e7\u00e3o \u00e0s suas soft skills, porque quem est\u00e1 \u00e0 frente do time, talvez queira saber mais sobre a sua personalidade. Afinal, \u00e9 preciso confirmar se o seu perfil est\u00e1, de fato, em sintonia com o da equipe e mesmo com a empresa.<\/p>\n<p>Saiba que nem sempre existe um roteiro pr\u00e9-definido. Por conhecer a \u00e1rea, alguns questionamentos podem vir a partir das suas respostas.<\/p>\n<p>Al\u00e9m disso, nessa fase, voc\u00ea fica sabendo com mais detalhes sobre a vaga e a pessoa pode se interessar em saber o voc\u00ea pensa sobre o desafio, por exemplo.<\/p>\n<p>Por se tratar de um momento decisivo, \u00e9 superimportante que voc\u00ea se prepare para transmitir seguran\u00e7a na fala e ter assertividade nas respostas.<\/p>\n<h3><strong>Como se preparar para essa entrevista<\/strong><\/h3>\n<p>Em primeiro lugar, respire e relaxe. Afinal, estamos falando de uma conversa, onde voc\u00ea ter\u00e1 a oportunidade de contar sobre si. Al\u00e9m disso, independentemente da posi\u00e7\u00e3o, \u00e0 sua frente estar\u00e1 uma pessoa, que j\u00e1 esteve na mesma situa\u00e7\u00e3o que voc\u00ea. ?<\/p>\n<p>Feitos esses lembretes, anote essas outras dicas:<\/p>\n<h4><strong>1. Pesquise sobre a empresa<\/strong><\/h4>\n<p>Apesar da pesquisa ser necess\u00e1ria para o in\u00edcio do processo seletivo, nessa segunda entrevista \u00e9 importante que voc\u00ea consiga demonstrar que se preparou e buscou conhecer a fundo a empresa e de que maneira pode contribuir, caso ocorra uma aprova\u00e7\u00e3o.<\/p>\n<h4><strong>2. Revise seu curr\u00edculo<\/strong><\/h4>\n<p>Por mais que voc\u00ea saiba a sua pr\u00f3pria hist\u00f3ria, \u00e9 importante rever as informa\u00e7\u00f5es que est\u00e3o ali, quais pontos devem ser destacados na fala.<\/p>\n<h4><strong>3. Anote suas d\u00favidas<\/strong><\/h4>\n<p>Apesar de ser a pessoa entrevista, voc\u00ea tamb\u00e9m pode fazer perguntas. Em geral, no fim da conversa, exista um espa\u00e7o pra que voc\u00ea tire suas d\u00favidas. Se tiver, aproveite essa oportunidade. Inclusive, \u00e9 uma boa maneira de mostrar que se preparou e tem um real interesse pela vaga.<\/p>\n<p>Como parte do seu preparo, tamb\u00e9m separamos alguns pontos que voc\u00ea deve evitar.<\/p>\n<h4><strong>O que n\u00e3o fazer na entrevista<\/strong><\/h4>\n<p>Qualquer que seja a entrevista, com o RH ou com a lideran\u00e7a da \u00e1rea, existem 3 pontos fundamentais que voc\u00ea deve evitar. S\u00e3o eles:<\/p>\n<h5><strong>Mentir<\/strong><\/h5>\n<p>A gente nem precisa dizer, porque sinceridade \u00e9 tudo! Mas vale refor\u00e7ar: nada de inventar algum detalhe pra se mostrar mais interessante, pensando que, assim, ir\u00e1 aumentar as suas chances de conquistar a vaga. Pelo contr\u00e1rio! Em algum momento, a sua mentira pode aparecer, te deixando em uma situa\u00e7\u00e3o constrangedora. E pior: ainda receber uma reprova\u00e7\u00e3o.<\/p>\n<h5><strong>Enrolar na resposta<\/strong><\/h5>\n<p>Se voc\u00ea n\u00e3o souber como responder a uma pergunta, est\u00e1 tudo bem dizer que n\u00e3o sabe ou pedir um tempo pra pensar. O que voc\u00ea n\u00e3o pode fazer \u00e9 responder qualquer coisa.<\/p>\n<h5><strong>Inventar personagem<\/strong><\/h5>\n<p>Aqui, vale a m\u00e1xima: seja voc\u00ea! Essa \u00e9 uma dica que falamos com frequ\u00eancia. Na hora da entrevista, querem te conhecer, saber realmente como voc\u00ea \u00e9. Por isso, nada de for\u00e7ar algum comportamento que n\u00e3o seja o seu. Essa atitude \u00e9 facilmente percebida.<\/p>\n<p>Al\u00e9m dessas dicas, voc\u00ea confere outras no <a href=\"https:\/\/www.youtube.com\/watch?v=X8A9PMgx5Ac\">epis\u00f3dio #8 do CT CAST<\/a>. No mais, prepare-se com anteced\u00eancia, respire fundo e boa entrevista!<\/p>\n","protected":false},"excerpt":{"rendered":"<p>Um dos momentos mais aguardados do processo seletivo \u2013 e cheio de expectativa \u2013&hellip;<\/p>\n","protected":false},"author":27,"featured_media":4872,"comment_status":"open","ping_status":"open","sticky":false,"template":"","format":"standard","meta":{"footnotes":""},"categories":[22],"tags":[960,80,958,956,132],"yoast_head":"<!-- This site is optimized with the Yoast SEO plugin v22.5 - https:\/\/yoast.com\/wordpress\/plugins\/seo\/ -->\n<title>Entrevista com RH x entrevista com a lideran\u00e7a - Blog Cia de Talentos<\/title>\n<meta name=\"description\" content=\"Neste artigo, voc\u00ea confere o que muda quando chega na entrevista com a pessoa do time de RH e com a lideran\u00e7a da \u00e1rea.\" \/>\n<meta name=\"robots\" content=\"index, follow, max-snippet:-1, max-image-preview:large, max-video-preview:-1\" \/>\n<link rel=\"canonical\" href=\"https:\/\/www.ciadetalentos.com.br\/blog\/entrevista-com-rh-x-entrevista-com-lider-da-area-saiba-a-diferenca\/\" \/>\n<meta property=\"og:locale\" content=\"pt_BR\" \/>\n<meta property=\"og:type\" content=\"article\" \/>\n<meta property=\"og:title\" content=\"Entrevista com RH x entrevista com a lideran\u00e7a - Blog Cia de Talentos\" \/>\n<meta property=\"og:description\" content=\"Neste artigo, voc\u00ea confere o que muda quando chega na entrevista com a pessoa do time de RH e com a lideran\u00e7a da \u00e1rea.\" \/>\n<meta property=\"og:url\" content=\"https:\/\/www.ciadetalentos.com.br\/blog\/entrevista-com-rh-x-entrevista-com-lider-da-area-saiba-a-diferenca\/\" \/>\n<meta property=\"og:site_name\" content=\"Blog Cia de Talentos\" \/>\n<meta property=\"article:published_time\" content=\"2023-03-09T21:35:26+00:00\" \/>\n<meta property=\"og:image\" content=\"https:\/\/www.ciadetalentos.com.br\/blog\/wp-content\/uploads\/sites\/7\/2023\/03\/Capa_entrevista_rh_lideranca.png\" \/>\n\t<meta property=\"og:image:width\" content=\"720\" \/>\n\t<meta property=\"og:image:height\" content=\"542\" \/>\n\t<meta property=\"og:image:type\" content=\"image\/png\" \/>\n<meta name=\"author\" content=\"Gabriela Rodrigues\" \/>\n<meta name=\"twitter:card\" content=\"summary_large_image\" \/>\n<meta name=\"twitter:label1\" content=\"Escrito por\" \/>\n\t<meta name=\"twitter:data1\" content=\"Gabriela Rodrigues\" \/>\n\t<meta name=\"twitter:label2\" content=\"Est. tempo de leitura\" \/>\n\t<meta name=\"twitter:data2\" content=\"7 minutos\" \/>\n<script type=\"application\/ld+json\" class=\"yoast-schema-graph\">{\"@context\":\"https:\/\/schema.org\",\"@graph\":[{\"@type\":\"WebPage\",\"@id\":\"https:\/\/www.ciadetalentos.com.br\/blog\/entrevista-com-rh-x-entrevista-com-lider-da-area-saiba-a-diferenca\/\",\"url\":\"https:\/\/www.ciadetalentos.com.br\/blog\/entrevista-com-rh-x-entrevista-com-lider-da-area-saiba-a-diferenca\/\",\"name\":\"Entrevista com RH x entrevista com a lideran\u00e7a - Blog Cia de Talentos\",\"isPartOf\":{\"@id\":\"https:\/\/www.ciadetalentos.com.br\/blog\/#website\"},\"primaryImageOfPage\":{\"@id\":\"https:\/\/www.ciadetalentos.com.br\/blog\/entrevista-com-rh-x-entrevista-com-lider-da-area-saiba-a-diferenca\/#primaryimage\"},\"image\":{\"@id\":\"https:\/\/www.ciadetalentos.com.br\/blog\/entrevista-com-rh-x-entrevista-com-lider-da-area-saiba-a-diferenca\/#primaryimage\"},\"thumbnailUrl\":\"https:\/\/www.ciadetalentos.com.br\/blog\/wp-content\/uploads\/sites\/7\/2023\/03\/Capa_entrevista_rh_lideranca.png\",\"datePublished\":\"2023-03-09T21:35:26+00:00\",\"dateModified\":\"2023-03-09T21:35:26+00:00\",\"author\":{\"@id\":\"https:\/\/www.ciadetalentos.com.br\/blog\/#\/schema\/person\/fbbbbe6cfa27337d13978c3b6991c425\"},\"description\":\"Neste artigo, voc\u00ea confere o que muda quando chega na entrevista com a pessoa do time de RH e com a lideran\u00e7a da \u00e1rea.\",\"breadcrumb\":{\"@id\":\"https:\/\/www.ciadetalentos.com.br\/blog\/entrevista-com-rh-x-entrevista-com-lider-da-area-saiba-a-diferenca\/#breadcrumb\"},\"inLanguage\":\"pt-BR\",\"potentialAction\":[{\"@type\":\"ReadAction\",\"target\":[\"https:\/\/www.ciadetalentos.com.br\/blog\/entrevista-com-rh-x-entrevista-com-lider-da-area-saiba-a-diferenca\/\"]}]},{\"@type\":\"ImageObject\",\"inLanguage\":\"pt-BR\",\"@id\":\"https:\/\/www.ciadetalentos.com.br\/blog\/entrevista-com-rh-x-entrevista-com-lider-da-area-saiba-a-diferenca\/#primaryimage\",\"url\":\"https:\/\/www.ciadetalentos.com.br\/blog\/wp-content\/uploads\/sites\/7\/2023\/03\/Capa_entrevista_rh_lideranca.png\",\"contentUrl\":\"https:\/\/www.ciadetalentos.com.br\/blog\/wp-content\/uploads\/sites\/7\/2023\/03\/Capa_entrevista_rh_lideranca.png\",\"width\":720,\"height\":542,\"caption\":\"A imagem que ilustra o artigo Entrevista com RH versus Entrevista com l\u00edder da \u00e1rea: saiba a diferen\u00e7a tem o fundo branco. Acima, a imagem de uma boca aberta, como se estivesse falando e, na mesma dire\u00e7\u00e3o, uma orelha.\"},{\"@type\":\"BreadcrumbList\",\"@id\":\"https:\/\/www.ciadetalentos.com.br\/blog\/entrevista-com-rh-x-entrevista-com-lider-da-area-saiba-a-diferenca\/#breadcrumb\",\"itemListElement\":[{\"@type\":\"ListItem\",\"position\":1,\"name\":\"Home\",\"item\":\"https:\/\/www.ciadetalentos.com.br\/blog\/\"},{\"@type\":\"ListItem\",\"position\":2,\"name\":\"Entrevista com RH x Entrevista com l\u00edder da \u00e1rea: saiba a diferen\u00e7a\"}]},{\"@type\":\"WebSite\",\"@id\":\"https:\/\/www.ciadetalentos.com.br\/blog\/#website\",\"url\":\"https:\/\/www.ciadetalentos.com.br\/blog\/\",\"name\":\"Blog Cia de Talentos\",\"description\":\"Descubra tudo o que voc\u00ea precisa para desenvolver carreiras e transformar sua vida profissional\",\"potentialAction\":[{\"@type\":\"SearchAction\",\"target\":{\"@type\":\"EntryPoint\",\"urlTemplate\":\"https:\/\/www.ciadetalentos.com.br\/blog\/?s={search_term_string}\"},\"query-input\":\"required name=search_term_string\"}],\"inLanguage\":\"pt-BR\"},{\"@type\":\"Person\",\"@id\":\"https:\/\/www.ciadetalentos.com.br\/blog\/#\/schema\/person\/fbbbbe6cfa27337d13978c3b6991c425\",\"name\":\"Gabriela Rodrigues\",\"image\":{\"@type\":\"ImageObject\",\"inLanguage\":\"pt-BR\",\"@id\":\"https:\/\/www.ciadetalentos.com.br\/blog\/#\/schema\/person\/image\/\",\"url\":\"https:\/\/secure.gravatar.com\/avatar\/4112976353a5fcd663a24f1a42825c25?s=96&d=mm&r=g\",\"contentUrl\":\"https:\/\/secure.gravatar.com\/avatar\/4112976353a5fcd663a24f1a42825c25?s=96&d=mm&r=g\",\"caption\":\"Gabriela Rodrigues\"},\"url\":\"https:\/\/www.ciadetalentos.com.br\/blog\/author\/gabriela\/\"}]}<\/script>\n<!-- \/ Yoast SEO plugin. -->","yoast_head_json":{"title":"Entrevista com RH x entrevista com a lideran\u00e7a - Blog Cia de Talentos","description":"Neste artigo, voc\u00ea confere o que muda quando chega na entrevista com a pessoa do time de RH e com a lideran\u00e7a da \u00e1rea.","robots":{"index":"index","follow":"follow","max-snippet":"max-snippet:-1","max-image-preview":"max-image-preview:large","max-video-preview":"max-video-preview:-1"},"canonical":"https:\/\/www.ciadetalentos.com.br\/blog\/entrevista-com-rh-x-entrevista-com-lider-da-area-saiba-a-diferenca\/","og_locale":"pt_BR","og_type":"article","og_title":"Entrevista com RH x entrevista com a lideran\u00e7a - Blog Cia de Talentos","og_description":"Neste artigo, voc\u00ea confere o que muda quando chega na entrevista com a pessoa do time de RH e com a lideran\u00e7a da \u00e1rea.","og_url":"https:\/\/www.ciadetalentos.com.br\/blog\/entrevista-com-rh-x-entrevista-com-lider-da-area-saiba-a-diferenca\/","og_site_name":"Blog Cia de Talentos","article_published_time":"2023-03-09T21:35:26+00:00","og_image":[{"width":720,"height":542,"url":"https:\/\/www.ciadetalentos.com.br\/blog\/wp-content\/uploads\/sites\/7\/2023\/03\/Capa_entrevista_rh_lideranca.png","type":"image\/png"}],"author":"Gabriela Rodrigues","twitter_card":"summary_large_image","twitter_misc":{"Escrito por":"Gabriela Rodrigues","Est. tempo de leitura":"7 minutos"},"schema":{"@context":"https:\/\/schema.org","@graph":[{"@type":"WebPage","@id":"https:\/\/www.ciadetalentos.com.br\/blog\/entrevista-com-rh-x-entrevista-com-lider-da-area-saiba-a-diferenca\/","url":"https:\/\/www.ciadetalentos.com.br\/blog\/entrevista-com-rh-x-entrevista-com-lider-da-area-saiba-a-diferenca\/","name":"Entrevista com RH x entrevista com a lideran\u00e7a - Blog Cia de Talentos","isPartOf":{"@id":"https:\/\/www.ciadetalentos.com.br\/blog\/#website"},"primaryImageOfPage":{"@id":"https:\/\/www.ciadetalentos.com.br\/blog\/entrevista-com-rh-x-entrevista-com-lider-da-area-saiba-a-diferenca\/#primaryimage"},"image":{"@id":"https:\/\/www.ciadetalentos.com.br\/blog\/entrevista-com-rh-x-entrevista-com-lider-da-area-saiba-a-diferenca\/#primaryimage"},"thumbnailUrl":"https:\/\/www.ciadetalentos.com.br\/blog\/wp-content\/uploads\/sites\/7\/2023\/03\/Capa_entrevista_rh_lideranca.png","datePublished":"2023-03-09T21:35:26+00:00","dateModified":"2023-03-09T21:35:26+00:00","author":{"@id":"https:\/\/www.ciadetalentos.com.br\/blog\/#\/schema\/person\/fbbbbe6cfa27337d13978c3b6991c425"},"description":"Neste artigo, voc\u00ea confere o que muda quando chega na entrevista com a pessoa do time de RH e com a lideran\u00e7a da \u00e1rea.","breadcrumb":{"@id":"https:\/\/www.ciadetalentos.com.br\/blog\/entrevista-com-rh-x-entrevista-com-lider-da-area-saiba-a-diferenca\/#breadcrumb"},"inLanguage":"pt-BR","potentialAction":[{"@type":"ReadAction","target":["https:\/\/www.ciadetalentos.com.br\/blog\/entrevista-com-rh-x-entrevista-com-lider-da-area-saiba-a-diferenca\/"]}]},{"@type":"ImageObject","inLanguage":"pt-BR","@id":"https:\/\/www.ciadetalentos.com.br\/blog\/entrevista-com-rh-x-entrevista-com-lider-da-area-saiba-a-diferenca\/#primaryimage","url":"https:\/\/www.ciadetalentos.com.br\/blog\/wp-content\/uploads\/sites\/7\/2023\/03\/Capa_entrevista_rh_lideranca.png","contentUrl":"https:\/\/www.ciadetalentos.com.br\/blog\/wp-content\/uploads\/sites\/7\/2023\/03\/Capa_entrevista_rh_lideranca.png","width":720,"height":542,"caption":"A imagem que ilustra o artigo Entrevista com RH versus Entrevista com l\u00edder da \u00e1rea: saiba a diferen\u00e7a tem o fundo branco. Acima, a imagem de uma boca aberta, como se estivesse falando e, na mesma dire\u00e7\u00e3o, uma orelha."},{"@type":"BreadcrumbList","@id":"https:\/\/www.ciadetalentos.com.br\/blog\/entrevista-com-rh-x-entrevista-com-lider-da-area-saiba-a-diferenca\/#breadcrumb","itemListElement":[{"@type":"ListItem","position":1,"name":"Home","item":"https:\/\/www.ciadetalentos.com.br\/blog\/"},{"@type":"ListItem","position":2,"name":"Entrevista com RH x Entrevista com l\u00edder da \u00e1rea: saiba a diferen\u00e7a"}]},{"@type":"WebSite","@id":"https:\/\/www.ciadetalentos.com.br\/blog\/#website","url":"https:\/\/www.ciadetalentos.com.br\/blog\/","name":"Blog Cia de Talentos","description":"Descubra tudo o que voc\u00ea precisa para desenvolver carreiras e transformar sua vida profissional","potentialAction":[{"@type":"SearchAction","target":{"@type":"EntryPoint","urlTemplate":"https:\/\/www.ciadetalentos.com.br\/blog\/?s={search_term_string}"},"query-input":"required name=search_term_string"}],"inLanguage":"pt-BR"},{"@type":"Person","@id":"https:\/\/www.ciadetalentos.com.br\/blog\/#\/schema\/person\/fbbbbe6cfa27337d13978c3b6991c425","name":"Gabriela Rodrigues","image":{"@type":"ImageObject","inLanguage":"pt-BR","@id":"https:\/\/www.ciadetalentos.com.br\/blog\/#\/schema\/person\/image\/","url":"https:\/\/secure.gravatar.com\/avatar\/4112976353a5fcd663a24f1a42825c25?s=96&d=mm&r=g","contentUrl":"https:\/\/secure.gravatar.com\/avatar\/4112976353a5fcd663a24f1a42825c25?s=96&d=mm&r=g","caption":"Gabriela Rodrigues"},"url":"https:\/\/www.ciadetalentos.com.br\/blog\/author\/gabriela\/"}]}},"_links":{"self":[{"href":"https:\/\/www.ciadetalentos.com.br\/blog\/wp-json\/wp\/v2\/posts\/4871"}],"collection":[{"href":"https:\/\/www.ciadetalentos.com.br\/blog\/wp-json\/wp\/v2\/posts"}],"about":[{"href":"https:\/\/www.ciadetalentos.com.br\/blog\/wp-json\/wp\/v2\/types\/post"}],"author":[{"embeddable":true,"href":"https:\/\/www.ciadetalentos.com.br\/blog\/wp-json\/wp\/v2\/users\/27"}],"replies":[{"embeddable":true,"href":"https:\/\/www.ciadetalentos.com.br\/blog\/wp-json\/wp\/v2\/comments?post=4871"}],"version-history":[{"count":1,"href":"https:\/\/www.ciadetalentos.com.br\/blog\/wp-json\/wp\/v2\/posts\/4871\/revisions"}],"predecessor-version":[{"id":4873,"href":"https:\/\/www.ciadetalentos.com.br\/blog\/wp-json\/wp\/v2\/posts\/4871\/revisions\/4873"}],"wp:featuredmedia":[{"embeddable":true,"href":"https:\/\/www.ciadetalentos.com.br\/blog\/wp-json\/wp\/v2\/media\/4872"}],"wp:attachment":[{"href":"https:\/\/www.ciadetalentos.com.br\/blog\/wp-json\/wp\/v2\/media?parent=4871"}],"wp:term":[{"taxonomy":"category","embeddable":true,"href":"https:\/\/www.ciadetalentos.com.br\/blog\/wp-json\/wp\/v2\/categories?post=4871"},{"taxonomy":"post_tag","embeddable":true,"href":"https:\/\/www.ciadetalentos.com.br\/blog\/wp-json\/wp\/v2\/tags?post=4871"}],"curies":[{"name":"wp","href":"https:\/\/api.w.org\/{rel}","templated":true}]}}