{"id":4988,"date":"2023-05-05T19:35:53","date_gmt":"2023-05-05T22:35:53","guid":{"rendered":"https:\/\/www.ciadetalentos.com.br\/blog\/?p=4988"},"modified":"2023-05-05T19:35:53","modified_gmt":"2023-05-05T22:35:53","slug":"por-que-devo-te-contratar-saiba-como-responder-a-essa-pergunta","status":"publish","type":"post","link":"https:\/\/www.ciadetalentos.com.br\/blog\/por-que-devo-te-contratar-saiba-como-responder-a-essa-pergunta\/","title":{"rendered":"Por que devo te contratar? Saiba como responder a essa pergunta"},"content":{"rendered":"<p>J\u00e1 participou de algum processo seletivo em que precisou responder \u00e0 pergunta: \u201cPor que devo te contratar?\u201c. E a\u00ed? Conseguiu responder com tranquilidade ou sentiu que o cora\u00e7\u00e3o acelerou e n\u00e3o soube responder muito bem?<\/p>\n<p>Essa \u00e9 uma pergunta comum e costuma ser feita ao final de uma entrevista. Pra voc\u00ea chegar a este momento com mais calma, a gente preparou este artigo, contando o que considerar na sua resposta. \ud83d\ude09 Confira abaixo:<\/p>\n<h2><strong>O que as empresas querem saber quando fazem essa pergunta?<\/strong><\/h2>\n<p>Todas as perguntas feitas em uma entrevista de emprego possuem um objetivo. Neste caso, quando voc\u00ea escuta \u201cpor que devo te contratar\u201d, o intuito de quem est\u00e1 fazendo o recrutamento \u00e9 saber qual a sua proposta de valor, caso ocorra a contrata\u00e7\u00e3o. Em outras palavras, o interesse est\u00e1 no seu diferencial em rela\u00e7\u00e3o \u00e0s demais pessoas participantes.<\/p>\n<p>A consultora head da Cia de Talentos, Magali Celso Alves dos Santos, explica que \u201ccom essa pergunta, geralmente querem entender as qualifica\u00e7\u00f5es da pessoa candidata, se elas atendem ao que \u00e9 esperado pela empresa\u201d.<\/p>\n<p>Por isso, voc\u00ea deve:<\/p>\n<p>&#8211; demonstrar conhecimento em rela\u00e7\u00e3o \u00e0 empresa e \u00e0 vaga;<\/p>\n<p>&#8211; destacar suas habilidades;<\/p>\n<p>&#8211; enfatizar experi\u00eancias relevantes que fazem de voc\u00ea o perfil ideal.<\/p>\n<p>Agora que voc\u00ea j\u00e1 sabe qual o motivo dessa quest\u00e3o ocorrer, falaremos a seguir o que levar em considera\u00e7\u00e3o na hora de elaborar a sua resposta.<\/p>\n<h2><strong>E como devo responder, afinal?<\/strong><\/h2>\n<p>Primeiro, \u00e9 importante dizer que n\u00e3o existe uma resposta pronta, mas lembre-se que a ideia \u00e9 contratar voc\u00ea. Ent\u00e3o, a sua fala para essa pergunta deve ser estrat\u00e9gica, convincente e persuasiva. Abaixo, listamos outros pontos que v\u00e3o te ajudar:<\/p>\n<h3><strong>Tom de voz<\/strong><\/h3>\n<p>Mesmo que voc\u00ea perceba certo nervosismo na hora de responder, procure manter a calma e fale com convic\u00e7\u00e3o, em um tom de voz adequado para que a pessoa te compreenda bem e sinta seguran\u00e7a no que est\u00e1 sendo dito.<\/p>\n<h3><strong>Ressalte seus pontos fortes<\/strong><\/h3>\n<p>Para Magali, \u00e9 importante destacar suas caracter\u00edsticas, qualifica\u00e7\u00f5es e habilidades que mais sobressaem em voc\u00ea. Ainda de acordo com ela, se j\u00e1 tiver alguma experi\u00eancia profissional, cite alguns resultados que proporcionou em outras empresas que atuou.<\/p>\n<p>Mas, aten\u00e7\u00e3o: \u201cComo \u00e9 uma resposta muito ampla, foque nas caracter\u00edsticas e resultados que mais tenham rela\u00e7\u00e3o com a empresa e com a vaga para a qual est\u00e1 se candidatando\u201d. \ud83d\ude09<\/p>\n<h3><strong>D\u00ea uma resposta objetiva<\/strong><\/h3>\n<p>\u201cPor que devo te contratar\u201d costuma ser uma pergunta de fechamento. Isso quer dizer que a ideia \u00e9 colocar em poucas palavras os argumentos que justifiquem a escolha por voc\u00ea.<\/p>\n<h3><strong>Seja voc\u00ea<\/strong><\/h3>\n<p>Essa \u00e9 uma das m\u00e1ximas que sempre falamos por aqui. Tentar ser quem voc\u00ea n\u00e3o \u00e9 s\u00f3 gera uma imagem negativa a seu respeito. Por isso, autenticidade e sinceridade antes de tudo.<\/p>\n<p>Essa \u00e9 tamb\u00e9m a oportunidade de demonstrar disposi\u00e7\u00e3o e interesse real em querer fazer parte do time, contribuindo para o sucesso da empresa.<\/p>\n<h3><strong>Treine a resposta<\/strong><\/h3>\n<p>Assim como em todas as fases do processo seletivo, \u00e9 importante que voc\u00ea se prepare e treine. Anote o que considera de principal e qual poderia ser a sua resposta. Apenas cuide pra que ela seja natural e n\u00e3o um texto decorado.<\/p>\n<p>Depois de conferir todas essas dicas, o que voc\u00ea me diz: \u201cPor que devo te contratar?\u201d.<\/p>\n<p><strong>Leia mais:<\/strong> <a href=\"https:\/\/www.ciadetalentos.com.br\/blog\/entrevista-de-emprego-planeje-o-que-voce-ira-falar\/\">Entrevista de emprego: planeje o que ir\u00e1 falar<\/a><\/p>\n<p><strong>Pra dar o play: <\/strong><a href=\"https:\/\/www.youtube.com\/watch?v=X8A9PMgx5Ac&amp;list=PLm72owGtz9lkqkGny1GZ7l6T777ve-6sK&amp;index=26\">Como se dar na entrevista &#8211; Epis\u00f3dio #08 do CT CAST<\/a><\/p>\n","protected":false},"excerpt":{"rendered":"<p>J\u00e1 participou de algum processo seletivo em que precisou responder \u00e0 pergunta: \u201cPor que&hellip;<\/p>\n","protected":false},"author":27,"featured_media":4989,"comment_status":"open","ping_status":"open","sticky":false,"template":"","format":"standard","meta":{"footnotes":""},"categories":[22],"tags":[80,99,132],"yoast_head":"<!-- This site is optimized with the Yoast SEO plugin v22.5 - https:\/\/yoast.com\/wordpress\/plugins\/seo\/ -->\n<title>Por que devo te contratar? Como responder - Blog Cia de Talentos<\/title>\n<meta name=\"description\" content=\"Confira nesse artigo o que levar em considera\u00e7\u00e3o quando ouvir em uma entrevista de emprego &quot;Por que devo te contratar?&quot;.\" \/>\n<meta name=\"robots\" content=\"index, follow, max-snippet:-1, max-image-preview:large, max-video-preview:-1\" \/>\n<link rel=\"canonical\" href=\"https:\/\/www.ciadetalentos.com.br\/blog\/por-que-devo-te-contratar-saiba-como-responder-a-essa-pergunta\/\" \/>\n<meta property=\"og:locale\" content=\"pt_BR\" \/>\n<meta property=\"og:type\" content=\"article\" \/>\n<meta property=\"og:title\" content=\"Por que devo te contratar? Como responder - Blog Cia de Talentos\" \/>\n<meta property=\"og:description\" content=\"Confira nesse artigo o que levar em considera\u00e7\u00e3o quando ouvir em uma entrevista de emprego &quot;Por que devo te contratar?&quot;.\" \/>\n<meta property=\"og:url\" content=\"https:\/\/www.ciadetalentos.com.br\/blog\/por-que-devo-te-contratar-saiba-como-responder-a-essa-pergunta\/\" \/>\n<meta property=\"og:site_name\" content=\"Blog Cia de Talentos\" \/>\n<meta property=\"article:published_time\" content=\"2023-05-05T22:35:53+00:00\" \/>\n<meta property=\"og:image\" content=\"https:\/\/www.ciadetalentos.com.br\/blog\/wp-content\/uploads\/sites\/7\/2023\/05\/Capa_contratar.png\" \/>\n\t<meta property=\"og:image:width\" content=\"720\" \/>\n\t<meta property=\"og:image:height\" content=\"542\" \/>\n\t<meta property=\"og:image:type\" content=\"image\/png\" \/>\n<meta name=\"author\" content=\"Gabriela Rodrigues\" \/>\n<meta name=\"twitter:card\" content=\"summary_large_image\" \/>\n<meta name=\"twitter:label1\" content=\"Escrito por\" \/>\n\t<meta name=\"twitter:data1\" content=\"Gabriela Rodrigues\" \/>\n\t<meta name=\"twitter:label2\" content=\"Est. tempo de leitura\" \/>\n\t<meta name=\"twitter:data2\" content=\"4 minutos\" \/>\n<script type=\"application\/ld+json\" class=\"yoast-schema-graph\">{\"@context\":\"https:\/\/schema.org\",\"@graph\":[{\"@type\":\"WebPage\",\"@id\":\"https:\/\/www.ciadetalentos.com.br\/blog\/por-que-devo-te-contratar-saiba-como-responder-a-essa-pergunta\/\",\"url\":\"https:\/\/www.ciadetalentos.com.br\/blog\/por-que-devo-te-contratar-saiba-como-responder-a-essa-pergunta\/\",\"name\":\"Por que devo te contratar? Como responder - Blog Cia de Talentos\",\"isPartOf\":{\"@id\":\"https:\/\/www.ciadetalentos.com.br\/blog\/#website\"},\"primaryImageOfPage\":{\"@id\":\"https:\/\/www.ciadetalentos.com.br\/blog\/por-que-devo-te-contratar-saiba-como-responder-a-essa-pergunta\/#primaryimage\"},\"image\":{\"@id\":\"https:\/\/www.ciadetalentos.com.br\/blog\/por-que-devo-te-contratar-saiba-como-responder-a-essa-pergunta\/#primaryimage\"},\"thumbnailUrl\":\"https:\/\/www.ciadetalentos.com.br\/blog\/wp-content\/uploads\/sites\/7\/2023\/05\/Capa_contratar.png\",\"datePublished\":\"2023-05-05T22:35:53+00:00\",\"dateModified\":\"2023-05-05T22:35:53+00:00\",\"author\":{\"@id\":\"https:\/\/www.ciadetalentos.com.br\/blog\/#\/schema\/person\/fbbbbe6cfa27337d13978c3b6991c425\"},\"description\":\"Confira nesse artigo o que levar em considera\u00e7\u00e3o quando ouvir em uma entrevista de emprego \\\"Por que devo te contratar?\\\".\",\"breadcrumb\":{\"@id\":\"https:\/\/www.ciadetalentos.com.br\/blog\/por-que-devo-te-contratar-saiba-como-responder-a-essa-pergunta\/#breadcrumb\"},\"inLanguage\":\"pt-BR\",\"potentialAction\":[{\"@type\":\"ReadAction\",\"target\":[\"https:\/\/www.ciadetalentos.com.br\/blog\/por-que-devo-te-contratar-saiba-como-responder-a-essa-pergunta\/\"]}]},{\"@type\":\"ImageObject\",\"inLanguage\":\"pt-BR\",\"@id\":\"https:\/\/www.ciadetalentos.com.br\/blog\/por-que-devo-te-contratar-saiba-como-responder-a-essa-pergunta\/#primaryimage\",\"url\":\"https:\/\/www.ciadetalentos.com.br\/blog\/wp-content\/uploads\/sites\/7\/2023\/05\/Capa_contratar.png\",\"contentUrl\":\"https:\/\/www.ciadetalentos.com.br\/blog\/wp-content\/uploads\/sites\/7\/2023\/05\/Capa_contratar.png\",\"width\":720,\"height\":542,\"caption\":\"A imagem que ilustra o artigo tem o fundo vermelho e a pergunta em destaque no centro: Por que devo te contratar?. No canto superior esquerdo, est\u00e1 o logo da Cia de Talentos.\"},{\"@type\":\"BreadcrumbList\",\"@id\":\"https:\/\/www.ciadetalentos.com.br\/blog\/por-que-devo-te-contratar-saiba-como-responder-a-essa-pergunta\/#breadcrumb\",\"itemListElement\":[{\"@type\":\"ListItem\",\"position\":1,\"name\":\"Home\",\"item\":\"https:\/\/www.ciadetalentos.com.br\/blog\/\"},{\"@type\":\"ListItem\",\"position\":2,\"name\":\"Por que devo te contratar? Saiba como responder a essa pergunta\"}]},{\"@type\":\"WebSite\",\"@id\":\"https:\/\/www.ciadetalentos.com.br\/blog\/#website\",\"url\":\"https:\/\/www.ciadetalentos.com.br\/blog\/\",\"name\":\"Blog Cia de Talentos\",\"description\":\"Descubra tudo o que voc\u00ea precisa para desenvolver carreiras e transformar sua vida profissional\",\"potentialAction\":[{\"@type\":\"SearchAction\",\"target\":{\"@type\":\"EntryPoint\",\"urlTemplate\":\"https:\/\/www.ciadetalentos.com.br\/blog\/?s={search_term_string}\"},\"query-input\":\"required name=search_term_string\"}],\"inLanguage\":\"pt-BR\"},{\"@type\":\"Person\",\"@id\":\"https:\/\/www.ciadetalentos.com.br\/blog\/#\/schema\/person\/fbbbbe6cfa27337d13978c3b6991c425\",\"name\":\"Gabriela Rodrigues\",\"image\":{\"@type\":\"ImageObject\",\"inLanguage\":\"pt-BR\",\"@id\":\"https:\/\/www.ciadetalentos.com.br\/blog\/#\/schema\/person\/image\/\",\"url\":\"https:\/\/secure.gravatar.com\/avatar\/4112976353a5fcd663a24f1a42825c25?s=96&d=mm&r=g\",\"contentUrl\":\"https:\/\/secure.gravatar.com\/avatar\/4112976353a5fcd663a24f1a42825c25?s=96&d=mm&r=g\",\"caption\":\"Gabriela Rodrigues\"},\"url\":\"https:\/\/www.ciadetalentos.com.br\/blog\/author\/gabriela\/\"}]}<\/script>\n<!-- \/ Yoast SEO plugin. -->","yoast_head_json":{"title":"Por que devo te contratar? Como responder - Blog Cia de Talentos","description":"Confira nesse artigo o que levar em considera\u00e7\u00e3o quando ouvir em uma entrevista de emprego \"Por que devo te contratar?\".","robots":{"index":"index","follow":"follow","max-snippet":"max-snippet:-1","max-image-preview":"max-image-preview:large","max-video-preview":"max-video-preview:-1"},"canonical":"https:\/\/www.ciadetalentos.com.br\/blog\/por-que-devo-te-contratar-saiba-como-responder-a-essa-pergunta\/","og_locale":"pt_BR","og_type":"article","og_title":"Por que devo te contratar? Como responder - Blog Cia de Talentos","og_description":"Confira nesse artigo o que levar em considera\u00e7\u00e3o quando ouvir em uma entrevista de emprego \"Por que devo te contratar?\".","og_url":"https:\/\/www.ciadetalentos.com.br\/blog\/por-que-devo-te-contratar-saiba-como-responder-a-essa-pergunta\/","og_site_name":"Blog Cia de Talentos","article_published_time":"2023-05-05T22:35:53+00:00","og_image":[{"width":720,"height":542,"url":"https:\/\/www.ciadetalentos.com.br\/blog\/wp-content\/uploads\/sites\/7\/2023\/05\/Capa_contratar.png","type":"image\/png"}],"author":"Gabriela Rodrigues","twitter_card":"summary_large_image","twitter_misc":{"Escrito por":"Gabriela Rodrigues","Est. tempo de leitura":"4 minutos"},"schema":{"@context":"https:\/\/schema.org","@graph":[{"@type":"WebPage","@id":"https:\/\/www.ciadetalentos.com.br\/blog\/por-que-devo-te-contratar-saiba-como-responder-a-essa-pergunta\/","url":"https:\/\/www.ciadetalentos.com.br\/blog\/por-que-devo-te-contratar-saiba-como-responder-a-essa-pergunta\/","name":"Por que devo te contratar? Como responder - Blog Cia de Talentos","isPartOf":{"@id":"https:\/\/www.ciadetalentos.com.br\/blog\/#website"},"primaryImageOfPage":{"@id":"https:\/\/www.ciadetalentos.com.br\/blog\/por-que-devo-te-contratar-saiba-como-responder-a-essa-pergunta\/#primaryimage"},"image":{"@id":"https:\/\/www.ciadetalentos.com.br\/blog\/por-que-devo-te-contratar-saiba-como-responder-a-essa-pergunta\/#primaryimage"},"thumbnailUrl":"https:\/\/www.ciadetalentos.com.br\/blog\/wp-content\/uploads\/sites\/7\/2023\/05\/Capa_contratar.png","datePublished":"2023-05-05T22:35:53+00:00","dateModified":"2023-05-05T22:35:53+00:00","author":{"@id":"https:\/\/www.ciadetalentos.com.br\/blog\/#\/schema\/person\/fbbbbe6cfa27337d13978c3b6991c425"},"description":"Confira nesse artigo o que levar em considera\u00e7\u00e3o quando ouvir em uma entrevista de emprego \"Por que devo te contratar?\".","breadcrumb":{"@id":"https:\/\/www.ciadetalentos.com.br\/blog\/por-que-devo-te-contratar-saiba-como-responder-a-essa-pergunta\/#breadcrumb"},"inLanguage":"pt-BR","potentialAction":[{"@type":"ReadAction","target":["https:\/\/www.ciadetalentos.com.br\/blog\/por-que-devo-te-contratar-saiba-como-responder-a-essa-pergunta\/"]}]},{"@type":"ImageObject","inLanguage":"pt-BR","@id":"https:\/\/www.ciadetalentos.com.br\/blog\/por-que-devo-te-contratar-saiba-como-responder-a-essa-pergunta\/#primaryimage","url":"https:\/\/www.ciadetalentos.com.br\/blog\/wp-content\/uploads\/sites\/7\/2023\/05\/Capa_contratar.png","contentUrl":"https:\/\/www.ciadetalentos.com.br\/blog\/wp-content\/uploads\/sites\/7\/2023\/05\/Capa_contratar.png","width":720,"height":542,"caption":"A imagem que ilustra o artigo tem o fundo vermelho e a pergunta em destaque no centro: Por que devo te contratar?. No canto superior esquerdo, est\u00e1 o logo da Cia de Talentos."},{"@type":"BreadcrumbList","@id":"https:\/\/www.ciadetalentos.com.br\/blog\/por-que-devo-te-contratar-saiba-como-responder-a-essa-pergunta\/#breadcrumb","itemListElement":[{"@type":"ListItem","position":1,"name":"Home","item":"https:\/\/www.ciadetalentos.com.br\/blog\/"},{"@type":"ListItem","position":2,"name":"Por que devo te contratar? Saiba como responder a essa pergunta"}]},{"@type":"WebSite","@id":"https:\/\/www.ciadetalentos.com.br\/blog\/#website","url":"https:\/\/www.ciadetalentos.com.br\/blog\/","name":"Blog Cia de Talentos","description":"Descubra tudo o que voc\u00ea precisa para desenvolver carreiras e transformar sua vida profissional","potentialAction":[{"@type":"SearchAction","target":{"@type":"EntryPoint","urlTemplate":"https:\/\/www.ciadetalentos.com.br\/blog\/?s={search_term_string}"},"query-input":"required name=search_term_string"}],"inLanguage":"pt-BR"},{"@type":"Person","@id":"https:\/\/www.ciadetalentos.com.br\/blog\/#\/schema\/person\/fbbbbe6cfa27337d13978c3b6991c425","name":"Gabriela Rodrigues","image":{"@type":"ImageObject","inLanguage":"pt-BR","@id":"https:\/\/www.ciadetalentos.com.br\/blog\/#\/schema\/person\/image\/","url":"https:\/\/secure.gravatar.com\/avatar\/4112976353a5fcd663a24f1a42825c25?s=96&d=mm&r=g","contentUrl":"https:\/\/secure.gravatar.com\/avatar\/4112976353a5fcd663a24f1a42825c25?s=96&d=mm&r=g","caption":"Gabriela Rodrigues"},"url":"https:\/\/www.ciadetalentos.com.br\/blog\/author\/gabriela\/"}]}},"_links":{"self":[{"href":"https:\/\/www.ciadetalentos.com.br\/blog\/wp-json\/wp\/v2\/posts\/4988"}],"collection":[{"href":"https:\/\/www.ciadetalentos.com.br\/blog\/wp-json\/wp\/v2\/posts"}],"about":[{"href":"https:\/\/www.ciadetalentos.com.br\/blog\/wp-json\/wp\/v2\/types\/post"}],"author":[{"embeddable":true,"href":"https:\/\/www.ciadetalentos.com.br\/blog\/wp-json\/wp\/v2\/users\/27"}],"replies":[{"embeddable":true,"href":"https:\/\/www.ciadetalentos.com.br\/blog\/wp-json\/wp\/v2\/comments?post=4988"}],"version-history":[{"count":1,"href":"https:\/\/www.ciadetalentos.com.br\/blog\/wp-json\/wp\/v2\/posts\/4988\/revisions"}],"predecessor-version":[{"id":4990,"href":"https:\/\/www.ciadetalentos.com.br\/blog\/wp-json\/wp\/v2\/posts\/4988\/revisions\/4990"}],"wp:featuredmedia":[{"embeddable":true,"href":"https:\/\/www.ciadetalentos.com.br\/blog\/wp-json\/wp\/v2\/media\/4989"}],"wp:attachment":[{"href":"https:\/\/www.ciadetalentos.com.br\/blog\/wp-json\/wp\/v2\/media?parent=4988"}],"wp:term":[{"taxonomy":"category","embeddable":true,"href":"https:\/\/www.ciadetalentos.com.br\/blog\/wp-json\/wp\/v2\/categories?post=4988"},{"taxonomy":"post_tag","embeddable":true,"href":"https:\/\/www.ciadetalentos.com.br\/blog\/wp-json\/wp\/v2\/tags?post=4988"}],"curies":[{"name":"wp","href":"https:\/\/api.w.org\/{rel}","templated":true}]}}