{"id":5054,"date":"2023-07-06T17:43:12","date_gmt":"2023-07-06T20:43:12","guid":{"rendered":"https:\/\/www.ciadetalentos.com.br\/blog\/?p=5054"},"modified":"2023-07-06T17:44:34","modified_gmt":"2023-07-06T20:44:34","slug":"potencia-negra-3-livros-para-ajudar-no-seu-desenvolvimento-profissional","status":"publish","type":"post","link":"https:\/\/www.ciadetalentos.com.br\/blog\/potencia-negra-3-livros-para-ajudar-no-seu-desenvolvimento-profissional\/","title":{"rendered":"Pot\u00eancia negra: 3 livros que v\u00e3o ajudar no seu desenvolvimento profissional"},"content":{"rendered":"<p>Na semana em que comemoramos o Dia Nacional de Combate \u00e0 Discrimina\u00e7\u00e3o Racial, escolhemos tr\u00eas livros pra ajudar no seu desenvolvimento profissional.<\/p>\n<p>Mais do que se inspirar em hist\u00f3rias, nada melhor do que conhecer a trajet\u00f3ria de outras pessoas e aprender a partir da viv\u00eancia delas. Por isso, nessas obras, voc\u00ea ver\u00e1 como autenticidade, autoconhecimento, resili\u00eancia e empatia foram fundamentais para alcan\u00e7arem o sucesso profissional. Confira!<\/p>\n<h2><strong>Em busca de mim, Viola Davis<\/strong><\/h2>\n<p>Em seu livro, a atriz de Hollywood, conta seu mergulho em uma jornada de autodescoberta. Assim, Viola Davis compartilha experi\u00eancias pessoais, incluindo as dificuldades enfrentadas em sua inf\u00e2ncia e as lutas para superar a pobreza e o racismo.<\/p>\n<p>Na obra, ela destaca a import\u00e2ncia da <strong>autenticidade<\/strong> e da sua pr\u00f3pria aceita\u00e7\u00e3o. Tamb\u00e9m fica claro o quanto o <strong>autoconhecimento<\/strong> \u00e9 um processo cont\u00ednuo, parte essencial para o desenvolvimento profissional.<\/p>\n<h2><strong>Nascido do Crime: Hist\u00f3rias da minha inf\u00e2ncia na \u00c1frica do Sul, Trevor Noah<\/strong><\/h2>\n<p>Escrito pelo ator e apresentador Trevor Noah, o livro \u00e9 um relato de sua inf\u00e2ncia na \u00c1frica do Sul durante o <a href=\"https:\/\/www.historiadomundo.com.br\/idade-contemporanea\/apartheid.htm\">apartheid<\/a> (inclusive, a gente aproveita a deixa pra indicar um filme incr\u00edvel, que tem esse momento como pano de fundo: <a href=\"https:\/\/www.adorocinema.com\/filmes\/filme-129694\/\">Invictus<\/a>, com o Matt Damon e o Morgan Freeman, que conta a hist\u00f3ria de um time de r\u00fagbi e traz li\u00e7\u00f5es sobre lideran\u00e7a, negocia\u00e7\u00e3o e estrat\u00e9gia).<\/p>\n<p>Noah compartilha suas experi\u00eancias de crescer como uma crian\u00e7a, fruto de um relacionamento interracial (m\u00e3e negra e pai branco), em um contexto em que isso n\u00e3o era permitido. Por esse motivo, enfrentou o racismo, a pobreza e outros obst\u00e1culos.<\/p>\n<p>Na obra, \u00e9 poss\u00edvel acompanhar os momentos de <strong>resili\u00eancia<\/strong> do ator, al\u00e9m da import\u00e2ncia do humor como forma de enfrentamento. O livro tamb\u00e9m fala sobre <strong>empatia<\/strong>, uma das habilidades socioemocionais (soft skills) essenciais atualmente e necess\u00e1rias para o desenvolvimento profissional.<\/p>\n<p><strong>Leia mais:<\/strong> <a href=\"https:\/\/www.ciadetalentos.com.br\/blog\/soft-skills-as-8-mais-procurados-pelos-recrutadores-de-grandes-empresas\/\">8 soft skills mais procuradas pelas equipes de recrutamento e sele\u00e7\u00e3o<\/a><\/p>\n<h2><strong>Minha hist\u00f3ria, Michelle Obama<\/strong><\/h2>\n<p>A partir das hist\u00f3rias contadas pela ex-primeira-dama dos Estados Unidos, podemos tirar diversas li\u00e7\u00f5es valiosas para a carreira. Aqui, destacamos a <strong>lideran\u00e7a<\/strong> de Michelle Obama.<\/p>\n<p>Ao descrever sua atua\u00e7\u00e3o durante o per\u00edodo em que esteve na Casa Branca, ela destaca a import\u00e2ncia de ser uma l\u00edder que escuta, inspira e promove o bem-estar das pessoas ao seu redor. Essa abordagem pode ser aplicada em diferentes contextos profissionais, criando ambientes de trabalho colaborativos e motivadores.<\/p>\n<p>Vale ressaltar ainda que essa habilidade tamb\u00e9m est\u00e1 entre as mais desejadas hoje em dia. Ent\u00e3o, tenha em mente que lideran\u00e7a se refere mais a um comportamento do que a uma fun\u00e7\u00e3o em si. Por isso, \u00e9 t\u00e3o importante desenvolv\u00ea-la.<\/p>\n<p>Mais do que excelentes hist\u00f3rias, esses tr\u00eas livros trazem exemplos pr\u00e1ticos da import\u00e2ncia das soft skills para o desenvolvimento profissional e para a vida pessoal. Boa leitura!<\/p>\n","protected":false},"excerpt":{"rendered":"<p>Na semana em que comemoramos o Dia Nacional de Combate \u00e0 Discrimina\u00e7\u00e3o Racial, escolhemos&hellip;<\/p>\n","protected":false},"author":27,"featured_media":5056,"comment_status":"open","ping_status":"open","sticky":false,"template":"","format":"standard","meta":{"footnotes":""},"categories":[23],"tags":[561,972,928,185,528,679],"yoast_head":"<!-- This site is optimized with the Yoast SEO plugin v22.5 - https:\/\/yoast.com\/wordpress\/plugins\/seo\/ -->\n<title>Potencialize seu desenvolvimento profissional - Blog Cia de Talentos<\/title>\n<meta name=\"description\" content=\"Confira 3 livros de autoria de pessoas negras que demonstram a sua pot\u00eancia em hist\u00f3rias que v\u00e3o ajudar em seu desenvolvimento profissional.\" \/>\n<meta name=\"robots\" content=\"index, follow, max-snippet:-1, max-image-preview:large, max-video-preview:-1\" \/>\n<link rel=\"canonical\" href=\"https:\/\/www.ciadetalentos.com.br\/blog\/potencia-negra-3-livros-para-ajudar-no-seu-desenvolvimento-profissional\/\" \/>\n<meta property=\"og:locale\" content=\"pt_BR\" \/>\n<meta property=\"og:type\" content=\"article\" \/>\n<meta property=\"og:title\" content=\"Potencialize seu desenvolvimento profissional - Blog Cia de Talentos\" \/>\n<meta property=\"og:description\" content=\"Confira 3 livros de autoria de pessoas negras que demonstram a sua pot\u00eancia em hist\u00f3rias que v\u00e3o ajudar em seu desenvolvimento profissional.\" \/>\n<meta property=\"og:url\" content=\"https:\/\/www.ciadetalentos.com.br\/blog\/potencia-negra-3-livros-para-ajudar-no-seu-desenvolvimento-profissional\/\" \/>\n<meta property=\"og:site_name\" content=\"Blog Cia de Talentos\" \/>\n<meta property=\"article:published_time\" content=\"2023-07-06T20:43:12+00:00\" \/>\n<meta property=\"article:modified_time\" content=\"2023-07-06T20:44:34+00:00\" \/>\n<meta property=\"og:image\" content=\"https:\/\/www.ciadetalentos.com.br\/blog\/wp-content\/uploads\/sites\/7\/2023\/07\/Pecas-Artigo-Talents-3-livros-ajudar-desenvolvimento-profissionalCapa.png\" \/>\n\t<meta property=\"og:image:width\" content=\"720\" \/>\n\t<meta property=\"og:image:height\" content=\"542\" \/>\n\t<meta property=\"og:image:type\" content=\"image\/png\" \/>\n<meta name=\"author\" content=\"Gabriela Rodrigues\" \/>\n<meta name=\"twitter:card\" content=\"summary_large_image\" \/>\n<meta name=\"twitter:label1\" content=\"Escrito por\" \/>\n\t<meta name=\"twitter:data1\" content=\"Gabriela Rodrigues\" \/>\n\t<meta name=\"twitter:label2\" content=\"Est. tempo de leitura\" \/>\n\t<meta name=\"twitter:data2\" content=\"3 minutos\" \/>\n<script type=\"application\/ld+json\" class=\"yoast-schema-graph\">{\"@context\":\"https:\/\/schema.org\",\"@graph\":[{\"@type\":\"WebPage\",\"@id\":\"https:\/\/www.ciadetalentos.com.br\/blog\/potencia-negra-3-livros-para-ajudar-no-seu-desenvolvimento-profissional\/\",\"url\":\"https:\/\/www.ciadetalentos.com.br\/blog\/potencia-negra-3-livros-para-ajudar-no-seu-desenvolvimento-profissional\/\",\"name\":\"Potencialize seu desenvolvimento profissional - Blog Cia de Talentos\",\"isPartOf\":{\"@id\":\"https:\/\/www.ciadetalentos.com.br\/blog\/#website\"},\"primaryImageOfPage\":{\"@id\":\"https:\/\/www.ciadetalentos.com.br\/blog\/potencia-negra-3-livros-para-ajudar-no-seu-desenvolvimento-profissional\/#primaryimage\"},\"image\":{\"@id\":\"https:\/\/www.ciadetalentos.com.br\/blog\/potencia-negra-3-livros-para-ajudar-no-seu-desenvolvimento-profissional\/#primaryimage\"},\"thumbnailUrl\":\"https:\/\/www.ciadetalentos.com.br\/blog\/wp-content\/uploads\/sites\/7\/2023\/07\/Pecas-Artigo-Talents-3-livros-ajudar-desenvolvimento-profissionalCapa.png\",\"datePublished\":\"2023-07-06T20:43:12+00:00\",\"dateModified\":\"2023-07-06T20:44:34+00:00\",\"author\":{\"@id\":\"https:\/\/www.ciadetalentos.com.br\/blog\/#\/schema\/person\/fbbbbe6cfa27337d13978c3b6991c425\"},\"description\":\"Confira 3 livros de autoria de pessoas negras que demonstram a sua pot\u00eancia em hist\u00f3rias que v\u00e3o ajudar em seu desenvolvimento profissional.\",\"breadcrumb\":{\"@id\":\"https:\/\/www.ciadetalentos.com.br\/blog\/potencia-negra-3-livros-para-ajudar-no-seu-desenvolvimento-profissional\/#breadcrumb\"},\"inLanguage\":\"pt-BR\",\"potentialAction\":[{\"@type\":\"ReadAction\",\"target\":[\"https:\/\/www.ciadetalentos.com.br\/blog\/potencia-negra-3-livros-para-ajudar-no-seu-desenvolvimento-profissional\/\"]}]},{\"@type\":\"ImageObject\",\"inLanguage\":\"pt-BR\",\"@id\":\"https:\/\/www.ciadetalentos.com.br\/blog\/potencia-negra-3-livros-para-ajudar-no-seu-desenvolvimento-profissional\/#primaryimage\",\"url\":\"https:\/\/www.ciadetalentos.com.br\/blog\/wp-content\/uploads\/sites\/7\/2023\/07\/Pecas-Artigo-Talents-3-livros-ajudar-desenvolvimento-profissionalCapa.png\",\"contentUrl\":\"https:\/\/www.ciadetalentos.com.br\/blog\/wp-content\/uploads\/sites\/7\/2023\/07\/Pecas-Artigo-Talents-3-livros-ajudar-desenvolvimento-profissionalCapa.png\",\"width\":720,\"height\":542,\"caption\":\"A imagem que ilustra o artigo traz fotos de duas m\u00e3os, como se uma estivesse entregando um livro para a outra. Acima, o texto 3 livros para ajudar no seu desenvolvimento profissional.\"},{\"@type\":\"BreadcrumbList\",\"@id\":\"https:\/\/www.ciadetalentos.com.br\/blog\/potencia-negra-3-livros-para-ajudar-no-seu-desenvolvimento-profissional\/#breadcrumb\",\"itemListElement\":[{\"@type\":\"ListItem\",\"position\":1,\"name\":\"Home\",\"item\":\"https:\/\/www.ciadetalentos.com.br\/blog\/\"},{\"@type\":\"ListItem\",\"position\":2,\"name\":\"Pot\u00eancia negra: 3 livros que v\u00e3o ajudar no seu desenvolvimento profissional\"}]},{\"@type\":\"WebSite\",\"@id\":\"https:\/\/www.ciadetalentos.com.br\/blog\/#website\",\"url\":\"https:\/\/www.ciadetalentos.com.br\/blog\/\",\"name\":\"Blog Cia de Talentos\",\"description\":\"Descubra tudo o que voc\u00ea precisa para desenvolver carreiras e transformar sua vida profissional\",\"potentialAction\":[{\"@type\":\"SearchAction\",\"target\":{\"@type\":\"EntryPoint\",\"urlTemplate\":\"https:\/\/www.ciadetalentos.com.br\/blog\/?s={search_term_string}\"},\"query-input\":\"required name=search_term_string\"}],\"inLanguage\":\"pt-BR\"},{\"@type\":\"Person\",\"@id\":\"https:\/\/www.ciadetalentos.com.br\/blog\/#\/schema\/person\/fbbbbe6cfa27337d13978c3b6991c425\",\"name\":\"Gabriela Rodrigues\",\"image\":{\"@type\":\"ImageObject\",\"inLanguage\":\"pt-BR\",\"@id\":\"https:\/\/www.ciadetalentos.com.br\/blog\/#\/schema\/person\/image\/\",\"url\":\"https:\/\/secure.gravatar.com\/avatar\/4112976353a5fcd663a24f1a42825c25?s=96&d=mm&r=g\",\"contentUrl\":\"https:\/\/secure.gravatar.com\/avatar\/4112976353a5fcd663a24f1a42825c25?s=96&d=mm&r=g\",\"caption\":\"Gabriela Rodrigues\"},\"url\":\"https:\/\/www.ciadetalentos.com.br\/blog\/author\/gabriela\/\"}]}<\/script>\n<!-- \/ Yoast SEO plugin. -->","yoast_head_json":{"title":"Potencialize seu desenvolvimento profissional - Blog Cia de Talentos","description":"Confira 3 livros de autoria de pessoas negras que demonstram a sua pot\u00eancia em hist\u00f3rias que v\u00e3o ajudar em seu desenvolvimento profissional.","robots":{"index":"index","follow":"follow","max-snippet":"max-snippet:-1","max-image-preview":"max-image-preview:large","max-video-preview":"max-video-preview:-1"},"canonical":"https:\/\/www.ciadetalentos.com.br\/blog\/potencia-negra-3-livros-para-ajudar-no-seu-desenvolvimento-profissional\/","og_locale":"pt_BR","og_type":"article","og_title":"Potencialize seu desenvolvimento profissional - Blog Cia de Talentos","og_description":"Confira 3 livros de autoria de pessoas negras que demonstram a sua pot\u00eancia em hist\u00f3rias que v\u00e3o ajudar em seu desenvolvimento profissional.","og_url":"https:\/\/www.ciadetalentos.com.br\/blog\/potencia-negra-3-livros-para-ajudar-no-seu-desenvolvimento-profissional\/","og_site_name":"Blog Cia de Talentos","article_published_time":"2023-07-06T20:43:12+00:00","article_modified_time":"2023-07-06T20:44:34+00:00","og_image":[{"width":720,"height":542,"url":"https:\/\/www.ciadetalentos.com.br\/blog\/wp-content\/uploads\/sites\/7\/2023\/07\/Pecas-Artigo-Talents-3-livros-ajudar-desenvolvimento-profissionalCapa.png","type":"image\/png"}],"author":"Gabriela Rodrigues","twitter_card":"summary_large_image","twitter_misc":{"Escrito por":"Gabriela Rodrigues","Est. tempo de leitura":"3 minutos"},"schema":{"@context":"https:\/\/schema.org","@graph":[{"@type":"WebPage","@id":"https:\/\/www.ciadetalentos.com.br\/blog\/potencia-negra-3-livros-para-ajudar-no-seu-desenvolvimento-profissional\/","url":"https:\/\/www.ciadetalentos.com.br\/blog\/potencia-negra-3-livros-para-ajudar-no-seu-desenvolvimento-profissional\/","name":"Potencialize seu desenvolvimento profissional - Blog Cia de Talentos","isPartOf":{"@id":"https:\/\/www.ciadetalentos.com.br\/blog\/#website"},"primaryImageOfPage":{"@id":"https:\/\/www.ciadetalentos.com.br\/blog\/potencia-negra-3-livros-para-ajudar-no-seu-desenvolvimento-profissional\/#primaryimage"},"image":{"@id":"https:\/\/www.ciadetalentos.com.br\/blog\/potencia-negra-3-livros-para-ajudar-no-seu-desenvolvimento-profissional\/#primaryimage"},"thumbnailUrl":"https:\/\/www.ciadetalentos.com.br\/blog\/wp-content\/uploads\/sites\/7\/2023\/07\/Pecas-Artigo-Talents-3-livros-ajudar-desenvolvimento-profissionalCapa.png","datePublished":"2023-07-06T20:43:12+00:00","dateModified":"2023-07-06T20:44:34+00:00","author":{"@id":"https:\/\/www.ciadetalentos.com.br\/blog\/#\/schema\/person\/fbbbbe6cfa27337d13978c3b6991c425"},"description":"Confira 3 livros de autoria de pessoas negras que demonstram a sua pot\u00eancia em hist\u00f3rias que v\u00e3o ajudar em seu desenvolvimento profissional.","breadcrumb":{"@id":"https:\/\/www.ciadetalentos.com.br\/blog\/potencia-negra-3-livros-para-ajudar-no-seu-desenvolvimento-profissional\/#breadcrumb"},"inLanguage":"pt-BR","potentialAction":[{"@type":"ReadAction","target":["https:\/\/www.ciadetalentos.com.br\/blog\/potencia-negra-3-livros-para-ajudar-no-seu-desenvolvimento-profissional\/"]}]},{"@type":"ImageObject","inLanguage":"pt-BR","@id":"https:\/\/www.ciadetalentos.com.br\/blog\/potencia-negra-3-livros-para-ajudar-no-seu-desenvolvimento-profissional\/#primaryimage","url":"https:\/\/www.ciadetalentos.com.br\/blog\/wp-content\/uploads\/sites\/7\/2023\/07\/Pecas-Artigo-Talents-3-livros-ajudar-desenvolvimento-profissionalCapa.png","contentUrl":"https:\/\/www.ciadetalentos.com.br\/blog\/wp-content\/uploads\/sites\/7\/2023\/07\/Pecas-Artigo-Talents-3-livros-ajudar-desenvolvimento-profissionalCapa.png","width":720,"height":542,"caption":"A imagem que ilustra o artigo traz fotos de duas m\u00e3os, como se uma estivesse entregando um livro para a outra. Acima, o texto 3 livros para ajudar no seu desenvolvimento profissional."},{"@type":"BreadcrumbList","@id":"https:\/\/www.ciadetalentos.com.br\/blog\/potencia-negra-3-livros-para-ajudar-no-seu-desenvolvimento-profissional\/#breadcrumb","itemListElement":[{"@type":"ListItem","position":1,"name":"Home","item":"https:\/\/www.ciadetalentos.com.br\/blog\/"},{"@type":"ListItem","position":2,"name":"Pot\u00eancia negra: 3 livros que v\u00e3o ajudar no seu desenvolvimento profissional"}]},{"@type":"WebSite","@id":"https:\/\/www.ciadetalentos.com.br\/blog\/#website","url":"https:\/\/www.ciadetalentos.com.br\/blog\/","name":"Blog Cia de Talentos","description":"Descubra tudo o que voc\u00ea precisa para desenvolver carreiras e transformar sua vida profissional","potentialAction":[{"@type":"SearchAction","target":{"@type":"EntryPoint","urlTemplate":"https:\/\/www.ciadetalentos.com.br\/blog\/?s={search_term_string}"},"query-input":"required name=search_term_string"}],"inLanguage":"pt-BR"},{"@type":"Person","@id":"https:\/\/www.ciadetalentos.com.br\/blog\/#\/schema\/person\/fbbbbe6cfa27337d13978c3b6991c425","name":"Gabriela Rodrigues","image":{"@type":"ImageObject","inLanguage":"pt-BR","@id":"https:\/\/www.ciadetalentos.com.br\/blog\/#\/schema\/person\/image\/","url":"https:\/\/secure.gravatar.com\/avatar\/4112976353a5fcd663a24f1a42825c25?s=96&d=mm&r=g","contentUrl":"https:\/\/secure.gravatar.com\/avatar\/4112976353a5fcd663a24f1a42825c25?s=96&d=mm&r=g","caption":"Gabriela Rodrigues"},"url":"https:\/\/www.ciadetalentos.com.br\/blog\/author\/gabriela\/"}]}},"_links":{"self":[{"href":"https:\/\/www.ciadetalentos.com.br\/blog\/wp-json\/wp\/v2\/posts\/5054"}],"collection":[{"href":"https:\/\/www.ciadetalentos.com.br\/blog\/wp-json\/wp\/v2\/posts"}],"about":[{"href":"https:\/\/www.ciadetalentos.com.br\/blog\/wp-json\/wp\/v2\/types\/post"}],"author":[{"embeddable":true,"href":"https:\/\/www.ciadetalentos.com.br\/blog\/wp-json\/wp\/v2\/users\/27"}],"replies":[{"embeddable":true,"href":"https:\/\/www.ciadetalentos.com.br\/blog\/wp-json\/wp\/v2\/comments?post=5054"}],"version-history":[{"count":2,"href":"https:\/\/www.ciadetalentos.com.br\/blog\/wp-json\/wp\/v2\/posts\/5054\/revisions"}],"predecessor-version":[{"id":5058,"href":"https:\/\/www.ciadetalentos.com.br\/blog\/wp-json\/wp\/v2\/posts\/5054\/revisions\/5058"}],"wp:featuredmedia":[{"embeddable":true,"href":"https:\/\/www.ciadetalentos.com.br\/blog\/wp-json\/wp\/v2\/media\/5056"}],"wp:attachment":[{"href":"https:\/\/www.ciadetalentos.com.br\/blog\/wp-json\/wp\/v2\/media?parent=5054"}],"wp:term":[{"taxonomy":"category","embeddable":true,"href":"https:\/\/www.ciadetalentos.com.br\/blog\/wp-json\/wp\/v2\/categories?post=5054"},{"taxonomy":"post_tag","embeddable":true,"href":"https:\/\/www.ciadetalentos.com.br\/blog\/wp-json\/wp\/v2\/tags?post=5054"}],"curies":[{"name":"wp","href":"https:\/\/api.w.org\/{rel}","templated":true}]}}