{"id":5366,"date":"2023-09-14T13:57:58","date_gmt":"2023-09-14T16:57:58","guid":{"rendered":"https:\/\/www.ciadetalentos.com.br\/blog\/?p=5366"},"modified":"2023-09-14T13:57:58","modified_gmt":"2023-09-14T16:57:58","slug":"plano-de-carreira-voce-tem-o-seu","status":"publish","type":"post","link":"https:\/\/www.ciadetalentos.com.br\/blog\/plano-de-carreira-voce-tem-o-seu\/","title":{"rendered":"Plano de carreira: Voc\u00ea tem o seu?"},"content":{"rendered":"<p>Seja para quem est\u00e1 no in\u00edcio da vida profissional ou para quem j\u00e1 tem alguma experi\u00eancia, ter um plano de carreira \u00e9 algo superimportante. Afinal, estamos falando de uma estrat\u00e9gia essencial, tanto para profissionais em busca de crescimento quanto para empresas que desejam reter e desenvolver talentos.<\/p>\n<p>Por isso, no artigo de hoje, vamos falar sobre o que \u00e9 um plano de carreira, como as empresas enxergam essa quest\u00e3o e qual \u00e9 o papel do indiv\u00edduo nesse processo. Al\u00e9m disso, apresentaremos um guia pr\u00e1tico para que voc\u00ea possa tra\u00e7ar seu pr\u00f3prio plano de carreira.<\/p>\n<p>Continue a leitura!<\/p>\n<h2><strong>O que \u00e9 um plano de carreira e porque \u00e9 importante ter um<\/strong><\/h2>\n<p>Um plano de carreira nada mais \u00e9 do que um roteiro estruturado para voc\u00ea chegar ao ponto que deseja na sua carreira. Nele est\u00e3o os objetivos, as metas e as etapas necess\u00e1rias para alcan\u00e7ar o sucesso profissional.<\/p>\n<p>Trata-se de criar um caminho que guie voc\u00ea a realiza\u00e7\u00f5es, crescimento e satisfa\u00e7\u00e3o no trabalho. Se voc\u00ea assistiu a <a href=\"https:\/\/www.adorocinema.com\/filmes\/filme-27098\/\">anima\u00e7\u00e3o Alice no Pa\u00eds das Maravilhas<\/a>, viu a garota perguntar ao Gato Mestre qual caminho deveria tomar. E ele respondeu: \u201cDepende de onde quer ir\u201d. Da mesma forma, a ideia do plano de carreira \u00e9 exatamente esta: direcionar os passos da sua jornada.<\/p>\n<p>A seguir, vamos ver qual \u00e9 o ponto de vista das empresas em rela\u00e7\u00e3o a esse assunto.<\/p>\n<h2><strong>O plano de carreira para as empresas<\/strong><\/h2>\n<p>Em geral, as companhias trabalham tamb\u00e9m com vistas no m\u00e9dio e longo prazo, o que inclui selecionar e preparar as pessoas que far\u00e3o parte da futura lideran\u00e7a. Assim, com objetivos claros, podem tra\u00e7ar planos de carreira e de desenvolvimento. Inclusive, investir no segundo, ajuda a fidelizar talentos valiosos, aumentar a produtividade e a motiva\u00e7\u00e3o das pessoas, al\u00e9m de contribuir para o alinhamento dos objetivos organizacionais com os individuais.<\/p>\n<p>Vale destacar que, ao verem oportunidades de crescimento dentro da empresa, as pessoas ficam mais dispostas a se dedicar e permanecerem leais. Para se ter uma ideia, a pesquisa Carreira dos Sonhos deste ano, apontou que pessoas n\u00e3o encontram apoio no desenvolvimento t\u00eam 84% mais chances de sair do emprego.<\/p>\n<p>Ou seja, esse dado confirma que \u00e9 preciso combinar os interesses das organiza\u00e7\u00f5es com os individuais. Por isso, no pr\u00f3ximo t\u00f3pico, vamos falar sobre o papel de cada pessoa quanto ao seu plano de carreira.<\/p>\n<h2><strong>O papel de cada profissional na sua jornada<\/strong><\/h2>\n<p>Da perspectiva individual, \u00e9 fundamental assumir a responsabilidade por sua carreira e seu pr\u00f3prio desenvolvimento.<\/p>\n<p>Se de um lado, a empresa pode tra\u00e7ar um caminho, do outro, cada profissional deve ter proatividade e autonomia para desenhar o seu \u2013 e esses s\u00e3o comportamentos valorizados pelas organiza\u00e7\u00f5es atualmente.<\/p>\n<p>Veja o que mais voc\u00ea ganha quando faz o seu plano de carreira:<\/p>\n<h3><strong>Autoconhecimento<\/strong><\/h3>\n<p>Para criar um, voc\u00ea precisa identificar seus gostos, interesses, valores e habilidades pessoais. Dessa forma, \u00e9 poss\u00edvel alinhar sua carreira com suas verdadeiras aspira\u00e7\u00f5es. Quando sua vida profissional est\u00e1 alinhada com quem voc\u00ea \u00e9, isso proporciona a voc\u00ea mais autenticidade e satisfa\u00e7\u00e3o no trabalho.<\/p>\n<h3><strong>Motiva\u00e7\u00e3o e empenho<\/strong><\/h3>\n<p>A tend\u00eancia \u00e9 que voc\u00ea se comprometa com aquilo que estabeleceu. Quando voc\u00ea est\u00e1 trabalhando em dire\u00e7\u00e3o a metas que escolheu para si mesmo, \u00e9 mais prov\u00e1vel que demonstre um alto n\u00edvel de dedica\u00e7\u00e3o e esfor\u00e7o.<\/p>\n<h3><strong>Adapta\u00e7\u00e3o \u00e0 mudan\u00e7a<\/strong><\/h3>\n<p>Com tantas transforma\u00e7\u00f5es no mercado de trabalho, as necessidades das empresas podem mudar rapidamente. Profissionais que t\u00eam o controle de sua carreira possuem mais preparo para se adaptar a essas mudan\u00e7as, porque s\u00e3o capazes de identificar novas oportunidades e se ajustar a novas circunst\u00e2ncias.<\/p>\n<h3><strong>Crescimento profissional<\/strong><\/h3>\n<p>Ao definir seu pr\u00f3prio plano de carreira, voc\u00ea pode se concentrar nas suas \u00e1reas de interesse e for\u00e7a. Isso frequentemente resulta em um crescimento mais r\u00e1pido e significativo.<\/p>\n<h3><strong>Desenvolvimento de habilidades<\/strong><\/h3>\n<p>Com um plano definido, a tend\u00eancia \u00e9 que voc\u00ea busque oportunidades de aprendizado e desenvolvimento para continuar a sua jornada. Isso pode envolver a aquisi\u00e7\u00e3o de novas habilidades ou aprimoramento daquelas que j\u00e1 possui.<\/p>\n<h3><strong>Resili\u00eancia<\/strong><\/h3>\n<p>Saber onde quer chegar e o caminho a percorrer, faz com que voc\u00ea tenha mais preparo para desafios e superar obst\u00e1culos.<\/p>\n<h3><strong>Alinhamento com a empresa<\/strong><\/h3>\n<p>Quando voc\u00ea define seu pr\u00f3prio plano de carreira, t\u00eam a oportunidade de alinhar seus objetivos pessoais com os da empresa. Com mais motiva\u00e7\u00e3o, voc\u00ea tamb\u00e9m consegue obter uma melhor performance no seu trabalho.<\/p>\n<p>Agora que voc\u00ea j\u00e1 sabe o que \u00e9 e a import\u00e2ncia do plano de carreira, conhece o ponto de vista das empresas e o papel de cada profissional em rela\u00e7\u00e3o a esse assunto, al\u00e9m das vantagens de ter um, listamos abaixo como voc\u00ea pode criar o seu.<\/p>\n<h2><strong>Como elaborar seu plano de carreira em 7 passos<\/strong><\/h2>\n<p>Confira abaixo, 7 pontos que voc\u00ea precisa considerar na hora de desenhar seu plano de carreira.<\/p>\n<h3><strong>1. Autoavalia\u00e7\u00e3o:<\/strong><\/h3>\n<p>Comece com uma reflex\u00e3o sobre suas prefer\u00eancias, habilidades, valores e metas de longo prazo. A pergunta central \u00e9: O que voc\u00ea deseja alcan\u00e7ar em sua carreira?<\/p>\n<h3><strong>2. Estabele\u00e7a metas claras<\/strong><\/h3>\n<p>Com base nessa autoavalia\u00e7\u00e3o, defina metas de curto, m\u00e9dio e longo prazo. Uma sugest\u00e3o \u00e9 seguir o <a href=\"https:\/\/exame.com\/bussola\/caio-carneiro-use-o-metodo-smart-para-definir-as-suas-metas\/\">m\u00e9todo SMART<\/a> \u2013 a sigla, em ingl\u00eas direciona as metas para que elas sejam espec\u00edficas, mensur\u00e1veis, alcan\u00e7\u00e1veis, relevantes e temporais.<\/p>\n<h3><strong>3. Identifique os recursos necess\u00e1rios<\/strong><\/h3>\n<p>Liste quais habilidades, conhecimentos e recursos voc\u00ea precisa para alcan\u00e7ar suas metas. Isso pode incluir cursos de capacita\u00e7\u00e3o, networking ou experi\u00eancia em projetos espec\u00edficos.<\/p>\n<h3>4. <strong>Plano de a\u00e7\u00e3o<\/strong><\/h3>\n<p>Escreva as etapas necess\u00e1rias para alcan\u00e7ar suas metas. Assim, voc\u00ea consegue definir prioridades e ter clareza de por onde deve come\u00e7ar. Al\u00e9m disso, com tudo definido, fica mais f\u00e1cil fazer ajustes e adapta\u00e7\u00f5es ao longo do caminho.<\/p>\n<p>\u00c9 importante tamb\u00e9m que voc\u00ea estabele\u00e7a prazos para cada etapa e acompanhe seu progresso regularmente.<\/p>\n<h3><strong>5. Busque orienta\u00e7\u00e3o<\/strong><\/h3>\n<p>Procure pessoas que possam ser mentoras, colegas experientes ou recursos dentro da empresa e da faculdade que possam dar orienta\u00e7\u00f5es em seu caminho de desenvolvimento.<\/p>\n<h3>6. <strong>Aprenda com a experi\u00eancia<\/strong><\/h3>\n<p>Tenha em mente que as coisas podem n\u00e3o sair como o planejado. Por isso, tenha abertura para aprender com os erros.<\/p>\n<h3><strong>7. Adapte e atualize<\/strong><\/h3>\n<p>Conforme sua carreira avan\u00e7a, seus objetivos podem mudar. Ent\u00e3o, reveja seu plano de tempos em tempos. Descarte o que n\u00e3o fizer mais sentido e inclua novas rotas, de acordo com o momento e as aspira\u00e7\u00f5es futuras.<\/p>\n<p>Como vimos, ter um plano de carreira \u00e9 essencial para navegar com sucesso em um mercado de trabalho que evolui constantemente. Assim, ao combinar os objetivos pessoais com os da empresa e seguir um plano estruturado, voc\u00ea ter\u00e1 condi\u00e7\u00f5es de alcan\u00e7ar seus prop\u00f3sitos profissionais. Lembre-se: esta \u00e9 uma jornada cont\u00ednua de crescimento e aprendizado.<\/p>\n","protected":false},"excerpt":{"rendered":"<p>Seja para quem est\u00e1 no in\u00edcio da vida profissional ou para quem j\u00e1 tem&hellip;<\/p>\n","protected":false},"author":27,"featured_media":5368,"comment_status":"open","ping_status":"open","sticky":false,"template":"","format":"standard","meta":{"footnotes":""},"categories":[20],"tags":[1016,920,1014,68],"yoast_head":"<!-- This site is optimized with the Yoast SEO plugin v22.5 - https:\/\/yoast.com\/wordpress\/plugins\/seo\/ -->\n<title>Plano de carreira: Voc\u00ea tem o seu? - Blog Cia de Talentos<\/title>\n<meta name=\"description\" content=\"Confira nesse artigo o que \u00e9 um plano de carreira, as vantagens de ter um estruturado e como fazer o seu em 7 passos.\" \/>\n<meta name=\"robots\" content=\"index, follow, max-snippet:-1, max-image-preview:large, max-video-preview:-1\" \/>\n<link rel=\"canonical\" href=\"https:\/\/www.ciadetalentos.com.br\/blog\/plano-de-carreira-voce-tem-o-seu\/\" \/>\n<meta property=\"og:locale\" content=\"pt_BR\" \/>\n<meta property=\"og:type\" content=\"article\" \/>\n<meta property=\"og:title\" content=\"Plano de carreira: Voc\u00ea tem o seu? - Blog Cia de Talentos\" \/>\n<meta property=\"og:description\" content=\"Confira nesse artigo o que \u00e9 um plano de carreira, as vantagens de ter um estruturado e como fazer o seu em 7 passos.\" \/>\n<meta property=\"og:url\" content=\"https:\/\/www.ciadetalentos.com.br\/blog\/plano-de-carreira-voce-tem-o-seu\/\" \/>\n<meta property=\"og:site_name\" content=\"Blog Cia de Talentos\" \/>\n<meta property=\"article:published_time\" content=\"2023-09-14T16:57:58+00:00\" \/>\n<meta property=\"og:image\" content=\"https:\/\/www.ciadetalentos.com.br\/blog\/wp-content\/uploads\/sites\/7\/2023\/09\/Pecas-artigo-recrutamente-plano-de-carreira_Capa.png\" \/>\n\t<meta property=\"og:image:width\" content=\"720\" \/>\n\t<meta property=\"og:image:height\" content=\"542\" \/>\n\t<meta property=\"og:image:type\" content=\"image\/png\" \/>\n<meta name=\"author\" content=\"Gabriela Rodrigues\" \/>\n<meta name=\"twitter:card\" content=\"summary_large_image\" \/>\n<meta name=\"twitter:label1\" content=\"Escrito por\" \/>\n\t<meta name=\"twitter:data1\" content=\"Gabriela Rodrigues\" \/>\n\t<meta name=\"twitter:label2\" content=\"Est. tempo de leitura\" \/>\n\t<meta name=\"twitter:data2\" content=\"6 minutos\" \/>\n<script type=\"application\/ld+json\" class=\"yoast-schema-graph\">{\"@context\":\"https:\/\/schema.org\",\"@graph\":[{\"@type\":\"WebPage\",\"@id\":\"https:\/\/www.ciadetalentos.com.br\/blog\/plano-de-carreira-voce-tem-o-seu\/\",\"url\":\"https:\/\/www.ciadetalentos.com.br\/blog\/plano-de-carreira-voce-tem-o-seu\/\",\"name\":\"Plano de carreira: Voc\u00ea tem o seu? - Blog Cia de Talentos\",\"isPartOf\":{\"@id\":\"https:\/\/www.ciadetalentos.com.br\/blog\/#website\"},\"primaryImageOfPage\":{\"@id\":\"https:\/\/www.ciadetalentos.com.br\/blog\/plano-de-carreira-voce-tem-o-seu\/#primaryimage\"},\"image\":{\"@id\":\"https:\/\/www.ciadetalentos.com.br\/blog\/plano-de-carreira-voce-tem-o-seu\/#primaryimage\"},\"thumbnailUrl\":\"https:\/\/www.ciadetalentos.com.br\/blog\/wp-content\/uploads\/sites\/7\/2023\/09\/Pecas-artigo-recrutamente-plano-de-carreira_Capa.png\",\"datePublished\":\"2023-09-14T16:57:58+00:00\",\"dateModified\":\"2023-09-14T16:57:58+00:00\",\"author\":{\"@id\":\"https:\/\/www.ciadetalentos.com.br\/blog\/#\/schema\/person\/fbbbbe6cfa27337d13978c3b6991c425\"},\"description\":\"Confira nesse artigo o que \u00e9 um plano de carreira, as vantagens de ter um estruturado e como fazer o seu em 7 passos.\",\"breadcrumb\":{\"@id\":\"https:\/\/www.ciadetalentos.com.br\/blog\/plano-de-carreira-voce-tem-o-seu\/#breadcrumb\"},\"inLanguage\":\"pt-BR\",\"potentialAction\":[{\"@type\":\"ReadAction\",\"target\":[\"https:\/\/www.ciadetalentos.com.br\/blog\/plano-de-carreira-voce-tem-o-seu\/\"]}]},{\"@type\":\"ImageObject\",\"inLanguage\":\"pt-BR\",\"@id\":\"https:\/\/www.ciadetalentos.com.br\/blog\/plano-de-carreira-voce-tem-o-seu\/#primaryimage\",\"url\":\"https:\/\/www.ciadetalentos.com.br\/blog\/wp-content\/uploads\/sites\/7\/2023\/09\/Pecas-artigo-recrutamente-plano-de-carreira_Capa.png\",\"contentUrl\":\"https:\/\/www.ciadetalentos.com.br\/blog\/wp-content\/uploads\/sites\/7\/2023\/09\/Pecas-artigo-recrutamente-plano-de-carreira_Capa.png\",\"width\":720,\"height\":542,\"caption\":\"\u00c0 direita, a imagem traz uma escada e uma pessoa em um dos degraus, com uma das m\u00e3os na testa e a outra na cintura, olhando acima. \u00c0 esquerda, o texto: Plano de carreira: Voc\u00ea tem o seu? Acima dessa informa\u00e7\u00e3o, setas indicando para o alto.\"},{\"@type\":\"BreadcrumbList\",\"@id\":\"https:\/\/www.ciadetalentos.com.br\/blog\/plano-de-carreira-voce-tem-o-seu\/#breadcrumb\",\"itemListElement\":[{\"@type\":\"ListItem\",\"position\":1,\"name\":\"Home\",\"item\":\"https:\/\/www.ciadetalentos.com.br\/blog\/\"},{\"@type\":\"ListItem\",\"position\":2,\"name\":\"Plano de carreira: Voc\u00ea tem o seu?\"}]},{\"@type\":\"WebSite\",\"@id\":\"https:\/\/www.ciadetalentos.com.br\/blog\/#website\",\"url\":\"https:\/\/www.ciadetalentos.com.br\/blog\/\",\"name\":\"Blog Cia de Talentos\",\"description\":\"Descubra tudo o que voc\u00ea precisa para desenvolver carreiras e transformar sua vida profissional\",\"potentialAction\":[{\"@type\":\"SearchAction\",\"target\":{\"@type\":\"EntryPoint\",\"urlTemplate\":\"https:\/\/www.ciadetalentos.com.br\/blog\/?s={search_term_string}\"},\"query-input\":\"required name=search_term_string\"}],\"inLanguage\":\"pt-BR\"},{\"@type\":\"Person\",\"@id\":\"https:\/\/www.ciadetalentos.com.br\/blog\/#\/schema\/person\/fbbbbe6cfa27337d13978c3b6991c425\",\"name\":\"Gabriela Rodrigues\",\"image\":{\"@type\":\"ImageObject\",\"inLanguage\":\"pt-BR\",\"@id\":\"https:\/\/www.ciadetalentos.com.br\/blog\/#\/schema\/person\/image\/\",\"url\":\"https:\/\/secure.gravatar.com\/avatar\/4112976353a5fcd663a24f1a42825c25?s=96&d=mm&r=g\",\"contentUrl\":\"https:\/\/secure.gravatar.com\/avatar\/4112976353a5fcd663a24f1a42825c25?s=96&d=mm&r=g\",\"caption\":\"Gabriela Rodrigues\"},\"url\":\"https:\/\/www.ciadetalentos.com.br\/blog\/author\/gabriela\/\"}]}<\/script>\n<!-- \/ Yoast SEO plugin. -->","yoast_head_json":{"title":"Plano de carreira: Voc\u00ea tem o seu? - Blog Cia de Talentos","description":"Confira nesse artigo o que \u00e9 um plano de carreira, as vantagens de ter um estruturado e como fazer o seu em 7 passos.","robots":{"index":"index","follow":"follow","max-snippet":"max-snippet:-1","max-image-preview":"max-image-preview:large","max-video-preview":"max-video-preview:-1"},"canonical":"https:\/\/www.ciadetalentos.com.br\/blog\/plano-de-carreira-voce-tem-o-seu\/","og_locale":"pt_BR","og_type":"article","og_title":"Plano de carreira: Voc\u00ea tem o seu? - Blog Cia de Talentos","og_description":"Confira nesse artigo o que \u00e9 um plano de carreira, as vantagens de ter um estruturado e como fazer o seu em 7 passos.","og_url":"https:\/\/www.ciadetalentos.com.br\/blog\/plano-de-carreira-voce-tem-o-seu\/","og_site_name":"Blog Cia de Talentos","article_published_time":"2023-09-14T16:57:58+00:00","og_image":[{"width":720,"height":542,"url":"https:\/\/www.ciadetalentos.com.br\/blog\/wp-content\/uploads\/sites\/7\/2023\/09\/Pecas-artigo-recrutamente-plano-de-carreira_Capa.png","type":"image\/png"}],"author":"Gabriela Rodrigues","twitter_card":"summary_large_image","twitter_misc":{"Escrito por":"Gabriela Rodrigues","Est. tempo de leitura":"6 minutos"},"schema":{"@context":"https:\/\/schema.org","@graph":[{"@type":"WebPage","@id":"https:\/\/www.ciadetalentos.com.br\/blog\/plano-de-carreira-voce-tem-o-seu\/","url":"https:\/\/www.ciadetalentos.com.br\/blog\/plano-de-carreira-voce-tem-o-seu\/","name":"Plano de carreira: Voc\u00ea tem o seu? - Blog Cia de Talentos","isPartOf":{"@id":"https:\/\/www.ciadetalentos.com.br\/blog\/#website"},"primaryImageOfPage":{"@id":"https:\/\/www.ciadetalentos.com.br\/blog\/plano-de-carreira-voce-tem-o-seu\/#primaryimage"},"image":{"@id":"https:\/\/www.ciadetalentos.com.br\/blog\/plano-de-carreira-voce-tem-o-seu\/#primaryimage"},"thumbnailUrl":"https:\/\/www.ciadetalentos.com.br\/blog\/wp-content\/uploads\/sites\/7\/2023\/09\/Pecas-artigo-recrutamente-plano-de-carreira_Capa.png","datePublished":"2023-09-14T16:57:58+00:00","dateModified":"2023-09-14T16:57:58+00:00","author":{"@id":"https:\/\/www.ciadetalentos.com.br\/blog\/#\/schema\/person\/fbbbbe6cfa27337d13978c3b6991c425"},"description":"Confira nesse artigo o que \u00e9 um plano de carreira, as vantagens de ter um estruturado e como fazer o seu em 7 passos.","breadcrumb":{"@id":"https:\/\/www.ciadetalentos.com.br\/blog\/plano-de-carreira-voce-tem-o-seu\/#breadcrumb"},"inLanguage":"pt-BR","potentialAction":[{"@type":"ReadAction","target":["https:\/\/www.ciadetalentos.com.br\/blog\/plano-de-carreira-voce-tem-o-seu\/"]}]},{"@type":"ImageObject","inLanguage":"pt-BR","@id":"https:\/\/www.ciadetalentos.com.br\/blog\/plano-de-carreira-voce-tem-o-seu\/#primaryimage","url":"https:\/\/www.ciadetalentos.com.br\/blog\/wp-content\/uploads\/sites\/7\/2023\/09\/Pecas-artigo-recrutamente-plano-de-carreira_Capa.png","contentUrl":"https:\/\/www.ciadetalentos.com.br\/blog\/wp-content\/uploads\/sites\/7\/2023\/09\/Pecas-artigo-recrutamente-plano-de-carreira_Capa.png","width":720,"height":542,"caption":"\u00c0 direita, a imagem traz uma escada e uma pessoa em um dos degraus, com uma das m\u00e3os na testa e a outra na cintura, olhando acima. \u00c0 esquerda, o texto: Plano de carreira: Voc\u00ea tem o seu? Acima dessa informa\u00e7\u00e3o, setas indicando para o alto."},{"@type":"BreadcrumbList","@id":"https:\/\/www.ciadetalentos.com.br\/blog\/plano-de-carreira-voce-tem-o-seu\/#breadcrumb","itemListElement":[{"@type":"ListItem","position":1,"name":"Home","item":"https:\/\/www.ciadetalentos.com.br\/blog\/"},{"@type":"ListItem","position":2,"name":"Plano de carreira: Voc\u00ea tem o seu?"}]},{"@type":"WebSite","@id":"https:\/\/www.ciadetalentos.com.br\/blog\/#website","url":"https:\/\/www.ciadetalentos.com.br\/blog\/","name":"Blog Cia de Talentos","description":"Descubra tudo o que voc\u00ea precisa para desenvolver carreiras e transformar sua vida profissional","potentialAction":[{"@type":"SearchAction","target":{"@type":"EntryPoint","urlTemplate":"https:\/\/www.ciadetalentos.com.br\/blog\/?s={search_term_string}"},"query-input":"required name=search_term_string"}],"inLanguage":"pt-BR"},{"@type":"Person","@id":"https:\/\/www.ciadetalentos.com.br\/blog\/#\/schema\/person\/fbbbbe6cfa27337d13978c3b6991c425","name":"Gabriela Rodrigues","image":{"@type":"ImageObject","inLanguage":"pt-BR","@id":"https:\/\/www.ciadetalentos.com.br\/blog\/#\/schema\/person\/image\/","url":"https:\/\/secure.gravatar.com\/avatar\/4112976353a5fcd663a24f1a42825c25?s=96&d=mm&r=g","contentUrl":"https:\/\/secure.gravatar.com\/avatar\/4112976353a5fcd663a24f1a42825c25?s=96&d=mm&r=g","caption":"Gabriela Rodrigues"},"url":"https:\/\/www.ciadetalentos.com.br\/blog\/author\/gabriela\/"}]}},"_links":{"self":[{"href":"https:\/\/www.ciadetalentos.com.br\/blog\/wp-json\/wp\/v2\/posts\/5366"}],"collection":[{"href":"https:\/\/www.ciadetalentos.com.br\/blog\/wp-json\/wp\/v2\/posts"}],"about":[{"href":"https:\/\/www.ciadetalentos.com.br\/blog\/wp-json\/wp\/v2\/types\/post"}],"author":[{"embeddable":true,"href":"https:\/\/www.ciadetalentos.com.br\/blog\/wp-json\/wp\/v2\/users\/27"}],"replies":[{"embeddable":true,"href":"https:\/\/www.ciadetalentos.com.br\/blog\/wp-json\/wp\/v2\/comments?post=5366"}],"version-history":[{"count":1,"href":"https:\/\/www.ciadetalentos.com.br\/blog\/wp-json\/wp\/v2\/posts\/5366\/revisions"}],"predecessor-version":[{"id":5367,"href":"https:\/\/www.ciadetalentos.com.br\/blog\/wp-json\/wp\/v2\/posts\/5366\/revisions\/5367"}],"wp:featuredmedia":[{"embeddable":true,"href":"https:\/\/www.ciadetalentos.com.br\/blog\/wp-json\/wp\/v2\/media\/5368"}],"wp:attachment":[{"href":"https:\/\/www.ciadetalentos.com.br\/blog\/wp-json\/wp\/v2\/media?parent=5366"}],"wp:term":[{"taxonomy":"category","embeddable":true,"href":"https:\/\/www.ciadetalentos.com.br\/blog\/wp-json\/wp\/v2\/categories?post=5366"},{"taxonomy":"post_tag","embeddable":true,"href":"https:\/\/www.ciadetalentos.com.br\/blog\/wp-json\/wp\/v2\/tags?post=5366"}],"curies":[{"name":"wp","href":"https:\/\/api.w.org\/{rel}","templated":true}]}}