{"id":5486,"date":"2024-01-12T14:00:15","date_gmt":"2024-01-12T17:00:15","guid":{"rendered":"https:\/\/www.ciadetalentos.com.br\/blog\/?p=5486"},"modified":"2024-01-12T17:22:57","modified_gmt":"2024-01-12T20:22:57","slug":"saude-mental-e-qualidade-de-vida-como-equilibrar-carreira-e-vida-pessoal","status":"publish","type":"post","link":"https:\/\/www.ciadetalentos.com.br\/blog\/saude-mental-e-qualidade-de-vida-como-equilibrar-carreira-e-vida-pessoal\/","title":{"rendered":"Sa\u00fade mental e qualidade de vida: como equilibrar carreira e vida pessoal"},"content":{"rendered":"<p>Voc\u00ea j\u00e1 parou para pensar na import\u00e2ncia de encontrar o equil\u00edbrio entre a vida pessoal e profissional? Com o uso cada vez mais intenso da tecnologia e a constante busca pelo sucesso, muitas vezes acabamos deixando de lado a nossa sa\u00fade mental e a nossa qualidade de vida. Por\u00e9m, essas prioridades est\u00e3o mudando.<\/p>\n<p>No artigo de hoje, vamos falar sobre essa mudan\u00e7a, o papel do equil\u00edbrio na sa\u00fade mental e ainda trazer dicas de como voc\u00ea pode alcan\u00e7\u00e1-lo.<\/p>\n<h2><strong>Jovens t\u00eam qualidade de vida como prioridade<\/strong><\/h2>\n<p>A pesquisa <a href=\"https:\/\/www.carreiradossonhos.com.br\/\">Carreira dos Sonhos<\/a> de 2023, realizada pela Cia de Talentos mostra que as prioridades sofreram uma transforma\u00e7\u00e3o significativa nos \u00faltimos anos para o p\u00fablico jovem. Anteriormente, o <strong>sucesso profissional<\/strong> <strong>era a principal meta<\/strong> <strong>para 67%<\/strong> das pessoas em 2016. J\u00e1 em 2023, o desejo por mais <strong>qualidade de vida assumiu a primeira posi\u00e7\u00e3o (56%)<\/strong>.<\/p>\n<p>Essa mudan\u00e7a reflete a consci\u00eancia crescente acerca da import\u00e2ncia do equil\u00edbrio entre a vida pessoal e profissional. Encontrar esse equil\u00edbrio \u00e9 essencial para preservar nossa sa\u00fade mental e garantir uma boa qualidade de vida.<\/p>\n<p>A seguir, vamos abordar a import\u00e2ncia do equil\u00edbrio na sa\u00fade mental e trazer dicas de como alcan\u00e7\u00e1-lo.<\/p>\n<h2><strong>O papel do equil\u00edbrio na sa\u00fade mental<\/strong><\/h2>\n<p>Afinal, qual \u00e9 o papel do equil\u00edbrio na sa\u00fade mental? Quando nos desequilibramos, seja dando prioridade exclusiva ao trabalho ou nos deixando levar apenas pela vida pessoal, podemos enfrentar diversos impactos negativos. O estresse, a ansiedade e o esgotamento emocional s\u00e3o apenas alguns dos problemas que podem surgir quando a balan\u00e7a n\u00e3o est\u00e1 equilibrada. Portanto, \u00e9 fundamental buscar esse equil\u00edbrio para manter nossa sa\u00fade mental em dia.<\/p>\n<h3><strong>Mas como fazer isso? <\/strong><\/h3>\n<p>\u00c9 importante entender que se trata de um processo cont\u00ednuo, que exige movimentos e ajustes constantes. Em algumas fases, podemos precisar de uma dedica\u00e7\u00e3o mais intensa \u00e0 carreira ou aos estudos, como em per\u00edodos de projetos complexos ou mudan\u00e7as na empresa.<\/p>\n<p><strong>Leia mais:<\/strong><\/p>\n<p><a href=\"https:\/\/www.ciadetalentos.com.br\/blog\/carreira-a-importancia-de-saber-lidar-com-as-emocoes\/\">Carreira: a import\u00e2ncia de saber lidar com as emo\u00e7\u00f5es<\/a><\/p>\n<p><a href=\"https:\/\/www.ciadetalentos.com.br\/blog\/inteligencia-emocional-no-trabalho-4-formas-para-gerenciar-a-sua\/\">Intelig\u00eancia emocional no trabalho: 4 formas de gerenciar<\/a><\/p>\n<p><a href=\"https:\/\/www.ciadetalentos.com.br\/blog\/como-conciliar-estagio-e-faculdade\/\">Como conciliar est\u00e1gio e faculdade<\/a><\/p>\n<p>Por outro lado, \u00e9 fundamental olhar para a vida pessoal em outros momentos, com tempo para o lazer, conv\u00edvio familiar, descanso e at\u00e9 mesmo o \u00f3cio. Fazer nada n\u00e3o deve ser um motivo de culpa, pois o c\u00e9rebro e o corpo precisam dessa pausa.<\/p>\n<h2><strong>4 maneiras de ter uma sa\u00fade mental equilibrada <\/strong><\/h2>\n<p>Saber dosar e identificar a necessidade de equilibrar as diferentes \u00e1reas da vida \u00e9 superimportante. Por isso, para ajudar voc\u00ea nessa jornada, reunimos algumas dicas pr\u00e1ticas e sugest\u00f5es:<\/p>\n<ol>\n<li><strong>Defina suas prioridades: <\/strong>Entenda quais s\u00e3o as \u00e1reas da sua vida que merecem maior aten\u00e7\u00e3o e dedica\u00e7\u00e3o.<\/li>\n<li><strong>Estabele\u00e7a limites: <\/strong>Estabelecer limites claros entre vida pessoal e profissional \u00e9 essencial. Separe um tempo para si, evite levar trabalho para casa e defina um hor\u00e1rio para desconectar e relaxar. Isso vai exigir disciplina, mas com o tempo, passar\u00e1 a fazer parte da sua rotina.<\/li>\n<li><strong>Pratique o autocuidado:<\/strong> Reserve momentos para se cuidar. Pratique atividades f\u00edsicas, medita\u00e7\u00e3o, ou encontre algo que te fa\u00e7a sentir bem. Leitura, cinema, exposi\u00e7\u00e3o, uma volta com seu pet, cursos manuais. Vale aquele com o qual voc\u00ea se identifica mais.<\/li>\n<li><strong>Busque apoio emocional:<\/strong> Tenha uma rede de apoio. Aqui, fazem parte as pessoas do seu c\u00edrculo de amizades, fam\u00edlia ou suporte profissional, como terapia. Lidar com os desafios e press\u00f5es que fazem parte da vida n\u00e3o precisa acontecer de forma solit\u00e1ria.<\/li>\n<\/ol>\n<p>Outra maneira de cuidar da sa\u00fade emocional \u00e9 com a <a href=\"https:\/\/bit.ly\/cupom-cingulo-blog\">plataforma C\u00edngulo<\/a>, parceira da Cia de Talentos. Ela oferece t\u00e9cnicas e exerc\u00edcios para melhorar a sa\u00fade mental e emocional. Al\u00e9m de auxiliar na gest\u00e3o do estresse, ansiedade e no desenvolvimento de habilidades emocionais, fornecendo um suporte extra para lidar com os desafios do dia a dia.<\/p>\n<p>Como vimos, encontrar um meio termo entre a vida pessoal e profissional \u00e9 essencial para cuidarmos da nossa sa\u00fade mental e termos mais qualidade de vida. Aproveite este in\u00edcio de ano para fazer esse exerc\u00edcio e mantenha isso em mente ao longo de 2024.<\/p>\n","protected":false},"excerpt":{"rendered":"<p>Voc\u00ea j\u00e1 parou para pensar na import\u00e2ncia de encontrar o equil\u00edbrio entre a vida&hellip;<\/p>\n","protected":false},"author":27,"featured_media":5496,"comment_status":"open","ping_status":"open","sticky":false,"template":"","format":"standard","meta":{"footnotes":""},"categories":[20],"tags":[32,1040,638,69,68],"yoast_head":"<!-- This site is optimized with the Yoast SEO plugin v22.5 - https:\/\/yoast.com\/wordpress\/plugins\/seo\/ -->\n<title>Sa\u00fade mental: como equilibrar carreira e vida pessoal - Blog Cia de Talentos<\/title>\n<meta name=\"description\" content=\"Equilibrar a carreira e a vida pessoal \u00e9 fundamental para se ter sa\u00fade mental e qualidade de vida. Confira 4 dicas de como fazer isso.\" \/>\n<meta name=\"robots\" content=\"index, follow, max-snippet:-1, max-image-preview:large, max-video-preview:-1\" \/>\n<link rel=\"canonical\" href=\"https:\/\/www.ciadetalentos.com.br\/blog\/saude-mental-e-qualidade-de-vida-como-equilibrar-carreira-e-vida-pessoal\/\" \/>\n<meta property=\"og:locale\" content=\"pt_BR\" \/>\n<meta property=\"og:type\" content=\"article\" \/>\n<meta property=\"og:title\" content=\"Sa\u00fade mental: como equilibrar carreira e vida pessoal - Blog Cia de Talentos\" \/>\n<meta property=\"og:description\" content=\"Equilibrar a carreira e a vida pessoal \u00e9 fundamental para se ter sa\u00fade mental e qualidade de vida. Confira 4 dicas de como fazer isso.\" \/>\n<meta property=\"og:url\" content=\"https:\/\/www.ciadetalentos.com.br\/blog\/saude-mental-e-qualidade-de-vida-como-equilibrar-carreira-e-vida-pessoal\/\" \/>\n<meta property=\"og:site_name\" content=\"Blog Cia de Talentos\" \/>\n<meta property=\"article:published_time\" content=\"2024-01-12T17:00:15+00:00\" \/>\n<meta property=\"article:modified_time\" content=\"2024-01-12T20:22:57+00:00\" \/>\n<meta property=\"og:image\" content=\"https:\/\/www.ciadetalentos.com.br\/blog\/wp-content\/uploads\/sites\/7\/2024\/01\/Capa_Blog_CT_720x542px.png\" \/>\n\t<meta property=\"og:image:width\" content=\"720\" \/>\n\t<meta property=\"og:image:height\" content=\"542\" \/>\n\t<meta property=\"og:image:type\" content=\"image\/png\" \/>\n<meta name=\"author\" content=\"Gabriela Rodrigues\" \/>\n<meta name=\"twitter:card\" content=\"summary_large_image\" \/>\n<meta name=\"twitter:label1\" content=\"Escrito por\" \/>\n\t<meta name=\"twitter:data1\" content=\"Gabriela Rodrigues\" \/>\n\t<meta name=\"twitter:label2\" content=\"Est. tempo de leitura\" \/>\n\t<meta name=\"twitter:data2\" content=\"4 minutos\" \/>\n<script type=\"application\/ld+json\" class=\"yoast-schema-graph\">{\"@context\":\"https:\/\/schema.org\",\"@graph\":[{\"@type\":\"WebPage\",\"@id\":\"https:\/\/www.ciadetalentos.com.br\/blog\/saude-mental-e-qualidade-de-vida-como-equilibrar-carreira-e-vida-pessoal\/\",\"url\":\"https:\/\/www.ciadetalentos.com.br\/blog\/saude-mental-e-qualidade-de-vida-como-equilibrar-carreira-e-vida-pessoal\/\",\"name\":\"Sa\u00fade mental: como equilibrar carreira e vida pessoal - Blog Cia de Talentos\",\"isPartOf\":{\"@id\":\"https:\/\/www.ciadetalentos.com.br\/blog\/#website\"},\"primaryImageOfPage\":{\"@id\":\"https:\/\/www.ciadetalentos.com.br\/blog\/saude-mental-e-qualidade-de-vida-como-equilibrar-carreira-e-vida-pessoal\/#primaryimage\"},\"image\":{\"@id\":\"https:\/\/www.ciadetalentos.com.br\/blog\/saude-mental-e-qualidade-de-vida-como-equilibrar-carreira-e-vida-pessoal\/#primaryimage\"},\"thumbnailUrl\":\"https:\/\/www.ciadetalentos.com.br\/blog\/wp-content\/uploads\/sites\/7\/2024\/01\/Capa_Blog_CT_720x542px.png\",\"datePublished\":\"2024-01-12T17:00:15+00:00\",\"dateModified\":\"2024-01-12T20:22:57+00:00\",\"author\":{\"@id\":\"https:\/\/www.ciadetalentos.com.br\/blog\/#\/schema\/person\/fbbbbe6cfa27337d13978c3b6991c425\"},\"description\":\"Equilibrar a carreira e a vida pessoal \u00e9 fundamental para se ter sa\u00fade mental e qualidade de vida. Confira 4 dicas de como fazer isso.\",\"breadcrumb\":{\"@id\":\"https:\/\/www.ciadetalentos.com.br\/blog\/saude-mental-e-qualidade-de-vida-como-equilibrar-carreira-e-vida-pessoal\/#breadcrumb\"},\"inLanguage\":\"pt-BR\",\"potentialAction\":[{\"@type\":\"ReadAction\",\"target\":[\"https:\/\/www.ciadetalentos.com.br\/blog\/saude-mental-e-qualidade-de-vida-como-equilibrar-carreira-e-vida-pessoal\/\"]}]},{\"@type\":\"ImageObject\",\"inLanguage\":\"pt-BR\",\"@id\":\"https:\/\/www.ciadetalentos.com.br\/blog\/saude-mental-e-qualidade-de-vida-como-equilibrar-carreira-e-vida-pessoal\/#primaryimage\",\"url\":\"https:\/\/www.ciadetalentos.com.br\/blog\/wp-content\/uploads\/sites\/7\/2024\/01\/Capa_Blog_CT_720x542px.png\",\"contentUrl\":\"https:\/\/www.ciadetalentos.com.br\/blog\/wp-content\/uploads\/sites\/7\/2024\/01\/Capa_Blog_CT_720x542px.png\",\"width\":720,\"height\":542},{\"@type\":\"BreadcrumbList\",\"@id\":\"https:\/\/www.ciadetalentos.com.br\/blog\/saude-mental-e-qualidade-de-vida-como-equilibrar-carreira-e-vida-pessoal\/#breadcrumb\",\"itemListElement\":[{\"@type\":\"ListItem\",\"position\":1,\"name\":\"Home\",\"item\":\"https:\/\/www.ciadetalentos.com.br\/blog\/\"},{\"@type\":\"ListItem\",\"position\":2,\"name\":\"Sa\u00fade mental e qualidade de vida: como equilibrar carreira e vida pessoal\"}]},{\"@type\":\"WebSite\",\"@id\":\"https:\/\/www.ciadetalentos.com.br\/blog\/#website\",\"url\":\"https:\/\/www.ciadetalentos.com.br\/blog\/\",\"name\":\"Blog Cia de Talentos\",\"description\":\"Descubra tudo o que voc\u00ea precisa para desenvolver carreiras e transformar sua vida profissional\",\"potentialAction\":[{\"@type\":\"SearchAction\",\"target\":{\"@type\":\"EntryPoint\",\"urlTemplate\":\"https:\/\/www.ciadetalentos.com.br\/blog\/?s={search_term_string}\"},\"query-input\":\"required name=search_term_string\"}],\"inLanguage\":\"pt-BR\"},{\"@type\":\"Person\",\"@id\":\"https:\/\/www.ciadetalentos.com.br\/blog\/#\/schema\/person\/fbbbbe6cfa27337d13978c3b6991c425\",\"name\":\"Gabriela Rodrigues\",\"image\":{\"@type\":\"ImageObject\",\"inLanguage\":\"pt-BR\",\"@id\":\"https:\/\/www.ciadetalentos.com.br\/blog\/#\/schema\/person\/image\/\",\"url\":\"https:\/\/secure.gravatar.com\/avatar\/4112976353a5fcd663a24f1a42825c25?s=96&d=mm&r=g\",\"contentUrl\":\"https:\/\/secure.gravatar.com\/avatar\/4112976353a5fcd663a24f1a42825c25?s=96&d=mm&r=g\",\"caption\":\"Gabriela Rodrigues\"},\"url\":\"https:\/\/www.ciadetalentos.com.br\/blog\/author\/gabriela\/\"}]}<\/script>\n<!-- \/ Yoast SEO plugin. -->","yoast_head_json":{"title":"Sa\u00fade mental: como equilibrar carreira e vida pessoal - Blog Cia de Talentos","description":"Equilibrar a carreira e a vida pessoal \u00e9 fundamental para se ter sa\u00fade mental e qualidade de vida. Confira 4 dicas de como fazer isso.","robots":{"index":"index","follow":"follow","max-snippet":"max-snippet:-1","max-image-preview":"max-image-preview:large","max-video-preview":"max-video-preview:-1"},"canonical":"https:\/\/www.ciadetalentos.com.br\/blog\/saude-mental-e-qualidade-de-vida-como-equilibrar-carreira-e-vida-pessoal\/","og_locale":"pt_BR","og_type":"article","og_title":"Sa\u00fade mental: como equilibrar carreira e vida pessoal - Blog Cia de Talentos","og_description":"Equilibrar a carreira e a vida pessoal \u00e9 fundamental para se ter sa\u00fade mental e qualidade de vida. Confira 4 dicas de como fazer isso.","og_url":"https:\/\/www.ciadetalentos.com.br\/blog\/saude-mental-e-qualidade-de-vida-como-equilibrar-carreira-e-vida-pessoal\/","og_site_name":"Blog Cia de Talentos","article_published_time":"2024-01-12T17:00:15+00:00","article_modified_time":"2024-01-12T20:22:57+00:00","og_image":[{"width":720,"height":542,"url":"https:\/\/www.ciadetalentos.com.br\/blog\/wp-content\/uploads\/sites\/7\/2024\/01\/Capa_Blog_CT_720x542px.png","type":"image\/png"}],"author":"Gabriela Rodrigues","twitter_card":"summary_large_image","twitter_misc":{"Escrito por":"Gabriela Rodrigues","Est. tempo de leitura":"4 minutos"},"schema":{"@context":"https:\/\/schema.org","@graph":[{"@type":"WebPage","@id":"https:\/\/www.ciadetalentos.com.br\/blog\/saude-mental-e-qualidade-de-vida-como-equilibrar-carreira-e-vida-pessoal\/","url":"https:\/\/www.ciadetalentos.com.br\/blog\/saude-mental-e-qualidade-de-vida-como-equilibrar-carreira-e-vida-pessoal\/","name":"Sa\u00fade mental: como equilibrar carreira e vida pessoal - Blog Cia de Talentos","isPartOf":{"@id":"https:\/\/www.ciadetalentos.com.br\/blog\/#website"},"primaryImageOfPage":{"@id":"https:\/\/www.ciadetalentos.com.br\/blog\/saude-mental-e-qualidade-de-vida-como-equilibrar-carreira-e-vida-pessoal\/#primaryimage"},"image":{"@id":"https:\/\/www.ciadetalentos.com.br\/blog\/saude-mental-e-qualidade-de-vida-como-equilibrar-carreira-e-vida-pessoal\/#primaryimage"},"thumbnailUrl":"https:\/\/www.ciadetalentos.com.br\/blog\/wp-content\/uploads\/sites\/7\/2024\/01\/Capa_Blog_CT_720x542px.png","datePublished":"2024-01-12T17:00:15+00:00","dateModified":"2024-01-12T20:22:57+00:00","author":{"@id":"https:\/\/www.ciadetalentos.com.br\/blog\/#\/schema\/person\/fbbbbe6cfa27337d13978c3b6991c425"},"description":"Equilibrar a carreira e a vida pessoal \u00e9 fundamental para se ter sa\u00fade mental e qualidade de vida. Confira 4 dicas de como fazer isso.","breadcrumb":{"@id":"https:\/\/www.ciadetalentos.com.br\/blog\/saude-mental-e-qualidade-de-vida-como-equilibrar-carreira-e-vida-pessoal\/#breadcrumb"},"inLanguage":"pt-BR","potentialAction":[{"@type":"ReadAction","target":["https:\/\/www.ciadetalentos.com.br\/blog\/saude-mental-e-qualidade-de-vida-como-equilibrar-carreira-e-vida-pessoal\/"]}]},{"@type":"ImageObject","inLanguage":"pt-BR","@id":"https:\/\/www.ciadetalentos.com.br\/blog\/saude-mental-e-qualidade-de-vida-como-equilibrar-carreira-e-vida-pessoal\/#primaryimage","url":"https:\/\/www.ciadetalentos.com.br\/blog\/wp-content\/uploads\/sites\/7\/2024\/01\/Capa_Blog_CT_720x542px.png","contentUrl":"https:\/\/www.ciadetalentos.com.br\/blog\/wp-content\/uploads\/sites\/7\/2024\/01\/Capa_Blog_CT_720x542px.png","width":720,"height":542},{"@type":"BreadcrumbList","@id":"https:\/\/www.ciadetalentos.com.br\/blog\/saude-mental-e-qualidade-de-vida-como-equilibrar-carreira-e-vida-pessoal\/#breadcrumb","itemListElement":[{"@type":"ListItem","position":1,"name":"Home","item":"https:\/\/www.ciadetalentos.com.br\/blog\/"},{"@type":"ListItem","position":2,"name":"Sa\u00fade mental e qualidade de vida: como equilibrar carreira e vida pessoal"}]},{"@type":"WebSite","@id":"https:\/\/www.ciadetalentos.com.br\/blog\/#website","url":"https:\/\/www.ciadetalentos.com.br\/blog\/","name":"Blog Cia de Talentos","description":"Descubra tudo o que voc\u00ea precisa para desenvolver carreiras e transformar sua vida profissional","potentialAction":[{"@type":"SearchAction","target":{"@type":"EntryPoint","urlTemplate":"https:\/\/www.ciadetalentos.com.br\/blog\/?s={search_term_string}"},"query-input":"required name=search_term_string"}],"inLanguage":"pt-BR"},{"@type":"Person","@id":"https:\/\/www.ciadetalentos.com.br\/blog\/#\/schema\/person\/fbbbbe6cfa27337d13978c3b6991c425","name":"Gabriela Rodrigues","image":{"@type":"ImageObject","inLanguage":"pt-BR","@id":"https:\/\/www.ciadetalentos.com.br\/blog\/#\/schema\/person\/image\/","url":"https:\/\/secure.gravatar.com\/avatar\/4112976353a5fcd663a24f1a42825c25?s=96&d=mm&r=g","contentUrl":"https:\/\/secure.gravatar.com\/avatar\/4112976353a5fcd663a24f1a42825c25?s=96&d=mm&r=g","caption":"Gabriela Rodrigues"},"url":"https:\/\/www.ciadetalentos.com.br\/blog\/author\/gabriela\/"}]}},"_links":{"self":[{"href":"https:\/\/www.ciadetalentos.com.br\/blog\/wp-json\/wp\/v2\/posts\/5486"}],"collection":[{"href":"https:\/\/www.ciadetalentos.com.br\/blog\/wp-json\/wp\/v2\/posts"}],"about":[{"href":"https:\/\/www.ciadetalentos.com.br\/blog\/wp-json\/wp\/v2\/types\/post"}],"author":[{"embeddable":true,"href":"https:\/\/www.ciadetalentos.com.br\/blog\/wp-json\/wp\/v2\/users\/27"}],"replies":[{"embeddable":true,"href":"https:\/\/www.ciadetalentos.com.br\/blog\/wp-json\/wp\/v2\/comments?post=5486"}],"version-history":[{"count":2,"href":"https:\/\/www.ciadetalentos.com.br\/blog\/wp-json\/wp\/v2\/posts\/5486\/revisions"}],"predecessor-version":[{"id":5488,"href":"https:\/\/www.ciadetalentos.com.br\/blog\/wp-json\/wp\/v2\/posts\/5486\/revisions\/5488"}],"wp:featuredmedia":[{"embeddable":true,"href":"https:\/\/www.ciadetalentos.com.br\/blog\/wp-json\/wp\/v2\/media\/5496"}],"wp:attachment":[{"href":"https:\/\/www.ciadetalentos.com.br\/blog\/wp-json\/wp\/v2\/media?parent=5486"}],"wp:term":[{"taxonomy":"category","embeddable":true,"href":"https:\/\/www.ciadetalentos.com.br\/blog\/wp-json\/wp\/v2\/categories?post=5486"},{"taxonomy":"post_tag","embeddable":true,"href":"https:\/\/www.ciadetalentos.com.br\/blog\/wp-json\/wp\/v2\/tags?post=5486"}],"curies":[{"name":"wp","href":"https:\/\/api.w.org\/{rel}","templated":true}]}}